{"id":34435,"date":"2023-03-15T09:23:28","date_gmt":"2023-03-15T13:23:28","guid":{"rendered":"http:\/\/blogdalucianaoliveira.com.br\/blog\/?p=34435"},"modified":"2023-03-15T09:23:30","modified_gmt":"2023-03-15T13:23:30","slug":"video-no-brasil-247","status":"publish","type":"post","link":"http:\/\/blogdalucianaoliveira.com.br\/blog\/2023\/03\/15\/video-no-brasil-247\/","title":{"rendered":"V\u00eddeo: No Brasil 247"},"content":{"rendered":"\n<figure class=\"wp-block-image size-large\"><img loading=\"lazy\" decoding=\"async\" width=\"1600\" height=\"900\" data-attachment-id=\"34436\" data-permalink=\"http:\/\/blogdalucianaoliveira.com.br\/blog\/2023\/03\/15\/video-no-brasil-247\/f71cb57d-6da7-49d4-ba2a-af94383b9b9a\/\" data-orig-file=\"https:\/\/i0.wp.com\/blogdalucianaoliveira.com.br\/blog\/wp-content\/uploads\/2023\/03\/F71CB57D-6DA7-49D4-BA2A-AF94383B9B9A.jpeg?fit=1600%2C900\" data-orig-size=\"1600,900\" data-comments-opened=\"0\" data-image-meta=\"{&quot;aperture&quot;:&quot;0&quot;,&quot;credit&quot;:&quot;&quot;,&quot;camera&quot;:&quot;&quot;,&quot;caption&quot;:&quot;&quot;,&quot;created_timestamp&quot;:&quot;0&quot;,&quot;copyright&quot;:&quot;&quot;,&quot;focal_length&quot;:&quot;0&quot;,&quot;iso&quot;:&quot;0&quot;,&quot;shutter_speed&quot;:&quot;0&quot;,&quot;title&quot;:&quot;&quot;,&quot;orientation&quot;:&quot;0&quot;}\" data-image-title=\"F71CB57D-6DA7-49D4-BA2A-AF94383B9B9A\" data-image-description=\"\" data-image-caption=\"\" data-medium-file=\"https:\/\/i0.wp.com\/blogdalucianaoliveira.com.br\/blog\/wp-content\/uploads\/2023\/03\/F71CB57D-6DA7-49D4-BA2A-AF94383B9B9A.jpeg?fit=300%2C169\" data-large-file=\"https:\/\/i0.wp.com\/blogdalucianaoliveira.com.br\/blog\/wp-content\/uploads\/2023\/03\/F71CB57D-6DA7-49D4-BA2A-AF94383B9B9A.jpeg?fit=600%2C338\" src=\"https:\/\/i0.wp.com\/blogdalucianaoliveira.com.br\/blog\/wp-content\/uploads\/2023\/03\/F71CB57D-6DA7-49D4-BA2A-AF94383B9B9A.jpeg?fit=600%2C338\" alt=\"\" class=\"wp-image-34436\" srcset=\"https:\/\/i0.wp.com\/blogdalucianaoliveira.com.br\/blog\/wp-content\/uploads\/2023\/03\/F71CB57D-6DA7-49D4-BA2A-AF94383B9B9A.jpeg?w=1600 1600w, https:\/\/i0.wp.com\/blogdalucianaoliveira.com.br\/blog\/wp-content\/uploads\/2023\/03\/F71CB57D-6DA7-49D4-BA2A-AF94383B9B9A.jpeg?resize=300%2C169 300w, https:\/\/i0.wp.com\/blogdalucianaoliveira.com.br\/blog\/wp-content\/uploads\/2023\/03\/F71CB57D-6DA7-49D4-BA2A-AF94383B9B9A.jpeg?resize=1024%2C576 1024w, https:\/\/i0.wp.com\/blogdalucianaoliveira.com.br\/blog\/wp-content\/uploads\/2023\/03\/F71CB57D-6DA7-49D4-BA2A-AF94383B9B9A.jpeg?resize=768%2C432 768w, https:\/\/i0.wp.com\/blogdalucianaoliveira.com.br\/blog\/wp-content\/uploads\/2023\/03\/F71CB57D-6DA7-49D4-BA2A-AF94383B9B9A.jpeg?resize=1536%2C864 1536w, https:\/\/i0.wp.com\/blogdalucianaoliveira.com.br\/blog\/wp-content\/uploads\/2023\/03\/F71CB57D-6DA7-49D4-BA2A-AF94383B9B9A.jpeg?resize=533%2C300 533w, https:\/\/i0.wp.com\/blogdalucianaoliveira.com.br\/blog\/wp-content\/uploads\/2023\/03\/F71CB57D-6DA7-49D4-BA2A-AF94383B9B9A.jpeg?w=1200 1200w\" sizes=\"auto, (max-width: 600px) 100vw, 600px\" \/><\/figure>\n\n\n\n<p>Em Rond\u00f4nia a Juventude Ind\u00edgena se reuniu para trocar experi\u00eancias, debater problemas e planejar solu\u00e7\u00f5es. De olho em maior representa\u00e7\u00e3o pol\u00edtica ind\u00edgena tra\u00e7am como meta estimular candidaturas nas elei\u00e7\u00f5es e fortalecer redes, movimentos e coletivos para proteger territ\u00f3rios e povos. <br><\/p>\n\n\n\n<!--more-->\n\n\n\n<p>assista: <\/p>\n\n\n\n<figure class=\"wp-block-embed-youtube wp-block-embed is-type-video is-provider-youtube wp-embed-aspect-16-9 wp-has-aspect-ratio\"><div class=\"wp-block-embed__wrapper\">\n<div class=\"jetpack-video-wrapper\"><iframe loading=\"lazy\" title=\"Juventude ind\u00edgena em a\u00e7\u00e3o na Amaz\u00f4nia\" width=\"600\" height=\"338\" src=\"https:\/\/www.youtube.com\/embed\/bD15atfJgyM?feature=oembed\" frameborder=\"0\" allow=\"accelerometer; autoplay; clipboard-write; encrypted-media; gyroscope; picture-in-picture; web-share\" referrerpolicy=\"strict-origin-when-cross-origin\" allowfullscreen><\/iframe><\/div>\n<\/div><\/figure>\n","protected":false},"excerpt":{"rendered":"<p>Em Rond\u00f4nia a Juventude Ind\u00edgena se reuniu para trocar experi\u00eancias, debater problemas e planejar solu\u00e7\u00f5es. De olho em maior representa\u00e7\u00e3o pol\u00edtica ind\u00edgena tra\u00e7am como meta estimular candidaturas nas elei\u00e7\u00f5es e fortalecer redes, movimentos e coletivos para proteger territ\u00f3rios e povos.<\/p>\n","protected":false},"author":1,"featured_media":0,"comment_status":"closed","ping_status":"open","sticky":false,"template":"","format":"standard","meta":{"_exactmetrics_skip_tracking":false,"_exactmetrics_sitenote_active":false,"_exactmetrics_sitenote_note":"","_exactmetrics_sitenote_category":0,"jetpack_post_was_ever_published":false,"_jetpack_newsletter_access":"","_jetpack_dont_email_post_to_subs":false,"_jetpack_newsletter_tier_id":0,"_jetpack_memberships_contains_paywalled_content":false,"_jetpack_memberships_contains_paid_content":false,"footnotes":"","jetpack_publicize_message":"","jetpack_publicize_feature_enabled":true,"jetpack_social_post_already_shared":true,"jetpack_social_options":{"image_generator_settings":{"template":"highway","enabled":false},"version":2}},"categories":[1],"tags":[823,772,628],"class_list":["post-34435","post","type-post","status-publish","format-standard","hentry","category-notas","tag-juventude-indigena-de-rondonia","tag-kaninde","tag-txai-surui"],"jetpack_publicize_connections":[],"jetpack_sharing_enabled":true,"jetpack_featured_media_url":"","jetpack_shortlink":"https:\/\/wp.me\/p7wKYW-8Xp","jetpack-related-posts":[],"_links":{"self":[{"href":"http:\/\/blogdalucianaoliveira.com.br\/blog\/wp-json\/wp\/v2\/posts\/34435","targetHints":{"allow":["GET"]}}],"collection":[{"href":"http:\/\/blogdalucianaoliveira.com.br\/blog\/wp-json\/wp\/v2\/posts"}],"about":[{"href":"http:\/\/blogdalucianaoliveira.com.br\/blog\/wp-json\/wp\/v2\/types\/post"}],"author":[{"embeddable":true,"href":"http:\/\/blogdalucianaoliveira.com.br\/blog\/wp-json\/wp\/v2\/users\/1"}],"replies":[{"embeddable":true,"href":"http:\/\/blogdalucianaoliveira.com.br\/blog\/wp-json\/wp\/v2\/comments?post=34435"}],"version-history":[{"count":1,"href":"http:\/\/blogdalucianaoliveira.com.br\/blog\/wp-json\/wp\/v2\/posts\/34435\/revisions"}],"predecessor-version":[{"id":34437,"href":"http:\/\/blogdalucianaoliveira.com.br\/blog\/wp-json\/wp\/v2\/posts\/34435\/revisions\/34437"}],"wp:attachment":[{"href":"http:\/\/blogdalucianaoliveira.com.br\/blog\/wp-json\/wp\/v2\/media?parent=34435"}],"wp:term":[{"taxonomy":"category","embeddable":true,"href":"http:\/\/blogdalucianaoliveira.com.br\/blog\/wp-json\/wp\/v2\/categories?post=34435"},{"taxonomy":"post_tag","embeddable":true,"href":"http:\/\/blogdalucianaoliveira.com.br\/blog\/wp-json\/wp\/v2\/tags?post=34435"}],"curies":[{"name":"wp","href":"https:\/\/api.w.org\/{rel}","templated":true}]}}