{"id":34439,"date":"2023-03-20T15:36:52","date_gmt":"2023-03-20T19:36:52","guid":{"rendered":"http:\/\/blogdalucianaoliveira.com.br\/blog\/?p=34439"},"modified":"2023-03-20T18:07:36","modified_gmt":"2023-03-20T22:07:36","slug":"ti-karipuna-cercada-pelo-agronegocio-e-reatingida-pelas-hidreletricas-no-rio-madeira","status":"publish","type":"post","link":"http:\/\/blogdalucianaoliveira.com.br\/blog\/2023\/03\/20\/ti-karipuna-cercada-pelo-agronegocio-e-reatingida-pelas-hidreletricas-no-rio-madeira\/","title":{"rendered":"TI Karipuna: cercada pelo agroneg\u00f3cio e reatingida pelas hidrel\u00e9tricas no rio Madeira"},"content":{"rendered":"\n<figure class=\"wp-block-image size-large\"><img loading=\"lazy\" decoding=\"async\" width=\"1280\" height=\"720\" data-attachment-id=\"34440\" data-permalink=\"http:\/\/blogdalucianaoliveira.com.br\/blog\/2023\/03\/20\/ti-karipuna-cercada-pelo-agronegocio-e-reatingida-pelas-hidreletricas-no-rio-madeira\/d8967ecf-f681-4702-8591-68b7ca928acb\/\" data-orig-file=\"https:\/\/i0.wp.com\/blogdalucianaoliveira.com.br\/blog\/wp-content\/uploads\/2023\/03\/D8967ECF-F681-4702-8591-68B7CA928ACB.jpeg?fit=1280%2C720\" data-orig-size=\"1280,720\" data-comments-opened=\"0\" data-image-meta=\"{&quot;aperture&quot;:&quot;0&quot;,&quot;credit&quot;:&quot;&quot;,&quot;camera&quot;:&quot;&quot;,&quot;caption&quot;:&quot;&quot;,&quot;created_timestamp&quot;:&quot;0&quot;,&quot;copyright&quot;:&quot;&quot;,&quot;focal_length&quot;:&quot;0&quot;,&quot;iso&quot;:&quot;0&quot;,&quot;shutter_speed&quot;:&quot;0&quot;,&quot;title&quot;:&quot;&quot;,&quot;orientation&quot;:&quot;0&quot;}\" data-image-title=\"D8967ECF-F681-4702-8591-68B7CA928ACB\" data-image-description=\"\" data-image-caption=\"\" data-medium-file=\"https:\/\/i0.wp.com\/blogdalucianaoliveira.com.br\/blog\/wp-content\/uploads\/2023\/03\/D8967ECF-F681-4702-8591-68B7CA928ACB.jpeg?fit=300%2C169\" data-large-file=\"https:\/\/i0.wp.com\/blogdalucianaoliveira.com.br\/blog\/wp-content\/uploads\/2023\/03\/D8967ECF-F681-4702-8591-68B7CA928ACB.jpeg?fit=600%2C338\" src=\"https:\/\/i0.wp.com\/blogdalucianaoliveira.com.br\/blog\/wp-content\/uploads\/2023\/03\/D8967ECF-F681-4702-8591-68B7CA928ACB.jpeg?fit=600%2C338\" alt=\"\" class=\"wp-image-34440\" srcset=\"https:\/\/i0.wp.com\/blogdalucianaoliveira.com.br\/blog\/wp-content\/uploads\/2023\/03\/D8967ECF-F681-4702-8591-68B7CA928ACB.jpeg?w=1280 1280w, https:\/\/i0.wp.com\/blogdalucianaoliveira.com.br\/blog\/wp-content\/uploads\/2023\/03\/D8967ECF-F681-4702-8591-68B7CA928ACB.jpeg?resize=300%2C169 300w, https:\/\/i0.wp.com\/blogdalucianaoliveira.com.br\/blog\/wp-content\/uploads\/2023\/03\/D8967ECF-F681-4702-8591-68B7CA928ACB.jpeg?resize=1024%2C576 1024w, https:\/\/i0.wp.com\/blogdalucianaoliveira.com.br\/blog\/wp-content\/uploads\/2023\/03\/D8967ECF-F681-4702-8591-68B7CA928ACB.jpeg?resize=768%2C432 768w, https:\/\/i0.wp.com\/blogdalucianaoliveira.com.br\/blog\/wp-content\/uploads\/2023\/03\/D8967ECF-F681-4702-8591-68B7CA928ACB.jpeg?resize=533%2C300 533w, https:\/\/i0.wp.com\/blogdalucianaoliveira.com.br\/blog\/wp-content\/uploads\/2023\/03\/D8967ECF-F681-4702-8591-68B7CA928ACB.jpeg?w=1200 1200w\" sizes=\"auto, (max-width: 600px) 100vw, 600px\" \/><\/figure>\n\n\n\n<p><strong>Por<\/strong> <strong>Luis Fernando Novoa Garzon<\/strong> &#8211; O Territ\u00f3rio Karipuna, situado entre o munic\u00edpio de Nova-Mamor\u00e9 e de Porto Velho, no estado de Rond\u00f4nia,&nbsp;\u00e9 testemunha de desfiguramentos cont\u00ednuos produzidos pelo agroneg\u00f3cio como se v\u00ea na figura n.1. O retrato desta pol\u00edtica de exterm\u00ednio hist\u00f3rico se expressa tamb\u00e9m no quantitativo dos remanescentes deste povo, contando com cerca de 60 integrantes. <br><\/p>\n\n\n\n<!--more-->\n\n\n\n<p>A TI que virou uma pedra no caminho desta expans\u00e3o predat\u00f3ria da fronteira agr\u00edcola vem sofrendo os efeitos da expans\u00e3o de outra fronteira em expans\u00e3o:\u00a0a fronteira hidrel\u00e9trica com seus reservat\u00f3rios em expans\u00e3o horizontal. O rio Jacy Paran\u00e1,\u00a0que deu sentido e abrigo para os Karipuna, \u00e0s margens do qual firmou-se sua aldeia principal, foi repentinamente alagado entre sexta-feira \u00faltima e o s\u00e1bado (dias 18 e 19 de mar\u00e7o de 2023)<\/p>\n\n\n\n<p>Figura n.01: TI Karipuna acossada pelo desmatamento e por intrus\u00f5es<\/p>\n\n\n\n<figure class=\"wp-block-image size-large\"><img data-recalc-dims=\"1\" loading=\"lazy\" decoding=\"async\" width=\"600\" height=\"331\" data-attachment-id=\"34441\" data-permalink=\"http:\/\/blogdalucianaoliveira.com.br\/blog\/2023\/03\/20\/ti-karipuna-cercada-pelo-agronegocio-e-reatingida-pelas-hidreletricas-no-rio-madeira\/a6490f6e-db56-48a3-84f0-2025f345ebca\/\" data-orig-file=\"https:\/\/i0.wp.com\/blogdalucianaoliveira.com.br\/blog\/wp-content\/uploads\/2023\/03\/A6490F6E-DB56-48A3-84F0-2025F345EBCA.jpeg?fit=1170%2C645\" data-orig-size=\"1170,645\" data-comments-opened=\"0\" data-image-meta=\"{&quot;aperture&quot;:&quot;0&quot;,&quot;credit&quot;:&quot;&quot;,&quot;camera&quot;:&quot;&quot;,&quot;caption&quot;:&quot;&quot;,&quot;created_timestamp&quot;:&quot;0&quot;,&quot;copyright&quot;:&quot;&quot;,&quot;focal_length&quot;:&quot;0&quot;,&quot;iso&quot;:&quot;0&quot;,&quot;shutter_speed&quot;:&quot;0&quot;,&quot;title&quot;:&quot;&quot;,&quot;orientation&quot;:&quot;1&quot;}\" data-image-title=\"A6490F6E-DB56-48A3-84F0-2025F345EBCA\" data-image-description=\"\" data-image-caption=\"\" data-medium-file=\"https:\/\/i0.wp.com\/blogdalucianaoliveira.com.br\/blog\/wp-content\/uploads\/2023\/03\/A6490F6E-DB56-48A3-84F0-2025F345EBCA.jpeg?fit=300%2C165\" data-large-file=\"https:\/\/i0.wp.com\/blogdalucianaoliveira.com.br\/blog\/wp-content\/uploads\/2023\/03\/A6490F6E-DB56-48A3-84F0-2025F345EBCA.jpeg?fit=600%2C331\" src=\"https:\/\/i0.wp.com\/blogdalucianaoliveira.com.br\/blog\/wp-content\/uploads\/2023\/03\/A6490F6E-DB56-48A3-84F0-2025F345EBCA.jpeg?resize=600%2C331\" alt=\"\" class=\"wp-image-34441\" srcset=\"https:\/\/i0.wp.com\/blogdalucianaoliveira.com.br\/blog\/wp-content\/uploads\/2023\/03\/A6490F6E-DB56-48A3-84F0-2025F345EBCA.jpeg?resize=1024%2C565 1024w, https:\/\/i0.wp.com\/blogdalucianaoliveira.com.br\/blog\/wp-content\/uploads\/2023\/03\/A6490F6E-DB56-48A3-84F0-2025F345EBCA.jpeg?resize=300%2C165 300w, https:\/\/i0.wp.com\/blogdalucianaoliveira.com.br\/blog\/wp-content\/uploads\/2023\/03\/A6490F6E-DB56-48A3-84F0-2025F345EBCA.jpeg?resize=768%2C423 768w, https:\/\/i0.wp.com\/blogdalucianaoliveira.com.br\/blog\/wp-content\/uploads\/2023\/03\/A6490F6E-DB56-48A3-84F0-2025F345EBCA.jpeg?resize=544%2C300 544w, https:\/\/i0.wp.com\/blogdalucianaoliveira.com.br\/blog\/wp-content\/uploads\/2023\/03\/A6490F6E-DB56-48A3-84F0-2025F345EBCA.jpeg?w=1170 1170w\" sizes=\"auto, (max-width: 600px) 100vw, 600px\" \/><figcaption>Fonte: GP Territ\u00f3rios e Imagin\u00e1rios na Amaz\u00f4nia, 2022<\/figcaption><\/figure>\n\n\n\n<p>A cota m\u00e1xima do reservat\u00f3rio de Santo Ant\u00f4nio \u00e9 de 71,5, cota esta que garante a motoriza\u00e7\u00e3o de suas 50 turbinas de 70 MW. Observando os dados disponibilizados pela Ag\u00eancia Nacional de \u00c1guas, observa-se que a cota do rio Madeira se mant\u00e9m em seu teto, com oscila\u00e7\u00f5es resultantes do balan\u00e7o das \u00e1guas afluentes (que chegam da UHE Jirau) e das defluentes (que s\u00e3o liberadas pelo reservat\u00f3rio). A ANA, assim como a ANEEL, contudo, n\u00e3o monitoram o tamanho e a conforma\u00e7\u00e3o de reservat\u00f3rios em \u201cpool\u201d, que compreendem tanto a calha original do rio barrado quanto os corpos h\u00eddricos que afluem ou se intercomunicam. A Figura n. 2 mostra o desastre socioambiental embutido em reservat\u00f3rios de Usinas a \u201cfio d\u00b4agua\u201d que afogam igarap\u00e9s, lagos e afluentes como o rio Jacy Paran\u00e1, que pode ser identificado como o primeiro \u201cbra\u00e7o\u201d na margem direita do rio Madeira.<\/p>\n\n\n\n<p>Figura 2: Reservat\u00f3rios das UHEs Santo Ant\u00f4nio e Jirau<\/p>\n\n\n\n<figure class=\"wp-block-image size-large\"><img loading=\"lazy\" decoding=\"async\" width=\"1170\" height=\"556\" data-attachment-id=\"34443\" data-permalink=\"http:\/\/blogdalucianaoliveira.com.br\/blog\/2023\/03\/20\/ti-karipuna-cercada-pelo-agronegocio-e-reatingida-pelas-hidreletricas-no-rio-madeira\/75bc8708-5905-46cd-9594-ca2f05d87050\/\" data-orig-file=\"https:\/\/i0.wp.com\/blogdalucianaoliveira.com.br\/blog\/wp-content\/uploads\/2023\/03\/75BC8708-5905-46CD-9594-CA2F05D87050.jpeg?fit=1170%2C556\" data-orig-size=\"1170,556\" data-comments-opened=\"0\" data-image-meta=\"{&quot;aperture&quot;:&quot;0&quot;,&quot;credit&quot;:&quot;&quot;,&quot;camera&quot;:&quot;&quot;,&quot;caption&quot;:&quot;&quot;,&quot;created_timestamp&quot;:&quot;0&quot;,&quot;copyright&quot;:&quot;&quot;,&quot;focal_length&quot;:&quot;0&quot;,&quot;iso&quot;:&quot;0&quot;,&quot;shutter_speed&quot;:&quot;0&quot;,&quot;title&quot;:&quot;&quot;,&quot;orientation&quot;:&quot;1&quot;}\" data-image-title=\"75BC8708-5905-46CD-9594-CA2F05D87050\" data-image-description=\"\" data-image-caption=\"\" data-medium-file=\"https:\/\/i0.wp.com\/blogdalucianaoliveira.com.br\/blog\/wp-content\/uploads\/2023\/03\/75BC8708-5905-46CD-9594-CA2F05D87050.jpeg?fit=300%2C143\" data-large-file=\"https:\/\/i0.wp.com\/blogdalucianaoliveira.com.br\/blog\/wp-content\/uploads\/2023\/03\/75BC8708-5905-46CD-9594-CA2F05D87050.jpeg?fit=600%2C285\" src=\"https:\/\/i1.wp.com\/blogdalucianaoliveira.com.br\/blog\/wp-content\/uploads\/2023\/03\/75BC8708-5905-46CD-9594-CA2F05D87050.jpeg?fit=600%2C285\" alt=\"\" class=\"wp-image-34443\" srcset=\"https:\/\/i0.wp.com\/blogdalucianaoliveira.com.br\/blog\/wp-content\/uploads\/2023\/03\/75BC8708-5905-46CD-9594-CA2F05D87050.jpeg?w=1170 1170w, https:\/\/i0.wp.com\/blogdalucianaoliveira.com.br\/blog\/wp-content\/uploads\/2023\/03\/75BC8708-5905-46CD-9594-CA2F05D87050.jpeg?resize=300%2C143 300w, https:\/\/i0.wp.com\/blogdalucianaoliveira.com.br\/blog\/wp-content\/uploads\/2023\/03\/75BC8708-5905-46CD-9594-CA2F05D87050.jpeg?resize=1024%2C487 1024w, https:\/\/i0.wp.com\/blogdalucianaoliveira.com.br\/blog\/wp-content\/uploads\/2023\/03\/75BC8708-5905-46CD-9594-CA2F05D87050.jpeg?resize=768%2C365 768w, https:\/\/i0.wp.com\/blogdalucianaoliveira.com.br\/blog\/wp-content\/uploads\/2023\/03\/75BC8708-5905-46CD-9594-CA2F05D87050.jpeg?resize=631%2C300 631w\" sizes=\"auto, (max-width: 600px) 100vw, 600px\" \/><\/figure>\n\n\n\n<p>O efeito de \u201crepiquete\u201d nos afluentes e igarap\u00e9s que ocorria antes apenas sazonalmente, depois da instala\u00e7\u00e3o das hidrel\u00e9tricas, passou a ser permanente, de forma que \u00e1guas adicionais,&nbsp;que venham a montante, arrombam corpos h\u00eddricos que circundam o reservat\u00f3rio. Os reservat\u00f3rios das UHEs Jirau e Santo Ant\u00f4nio, desta forma,&nbsp;continuam em expans\u00e3o lateral, fazendo com que a cota m\u00e1xima de cada uma, 90 m e 71,5&nbsp;m&nbsp;respectivamente, seja alcan\u00e7ada e mantida por maior tempo durante o ano. As \u201cexternalidades\u201d derivadas desta busca de \u201cotimiza\u00e7\u00e3o dos reservat\u00f3rios\u201d s\u00e3o identificadas na \u00e1rea boliviana a montante da UHE de Jirau e nas&nbsp;sub-bacias dos rios Mutum e Jacy Paran\u00e1,&nbsp;a montante da UHE Santo Ant\u00f4nio. (Figura n.03)<\/p>\n\n\n\n<p>Figura n. 03: N\u00edvel dos reservat\u00f3rios no rio Madeira nos \u00faltimos 12 meses<\/p>\n\n\n\n<figure class=\"wp-block-image size-large\"><img loading=\"lazy\" decoding=\"async\" width=\"1141\" height=\"791\" data-attachment-id=\"34444\" data-permalink=\"http:\/\/blogdalucianaoliveira.com.br\/blog\/2023\/03\/20\/ti-karipuna-cercada-pelo-agronegocio-e-reatingida-pelas-hidreletricas-no-rio-madeira\/702147be-d415-48c3-b6ba-3c1289664900\/\" data-orig-file=\"https:\/\/i0.wp.com\/blogdalucianaoliveira.com.br\/blog\/wp-content\/uploads\/2023\/03\/702147BE-D415-48C3-B6BA-3C1289664900.jpeg?fit=1141%2C791\" data-orig-size=\"1141,791\" data-comments-opened=\"0\" data-image-meta=\"{&quot;aperture&quot;:&quot;0&quot;,&quot;credit&quot;:&quot;&quot;,&quot;camera&quot;:&quot;&quot;,&quot;caption&quot;:&quot;&quot;,&quot;created_timestamp&quot;:&quot;0&quot;,&quot;copyright&quot;:&quot;&quot;,&quot;focal_length&quot;:&quot;0&quot;,&quot;iso&quot;:&quot;0&quot;,&quot;shutter_speed&quot;:&quot;0&quot;,&quot;title&quot;:&quot;&quot;,&quot;orientation&quot;:&quot;1&quot;}\" data-image-title=\"702147BE-D415-48C3-B6BA-3C1289664900\" data-image-description=\"\" data-image-caption=\"\" data-medium-file=\"https:\/\/i0.wp.com\/blogdalucianaoliveira.com.br\/blog\/wp-content\/uploads\/2023\/03\/702147BE-D415-48C3-B6BA-3C1289664900.jpeg?fit=300%2C208\" data-large-file=\"https:\/\/i0.wp.com\/blogdalucianaoliveira.com.br\/blog\/wp-content\/uploads\/2023\/03\/702147BE-D415-48C3-B6BA-3C1289664900.jpeg?fit=600%2C416\" src=\"https:\/\/i0.wp.com\/blogdalucianaoliveira.com.br\/blog\/wp-content\/uploads\/2023\/03\/702147BE-D415-48C3-B6BA-3C1289664900.jpeg?fit=600%2C416\" alt=\"\" class=\"wp-image-34444\" srcset=\"https:\/\/i0.wp.com\/blogdalucianaoliveira.com.br\/blog\/wp-content\/uploads\/2023\/03\/702147BE-D415-48C3-B6BA-3C1289664900.jpeg?w=1141 1141w, https:\/\/i0.wp.com\/blogdalucianaoliveira.com.br\/blog\/wp-content\/uploads\/2023\/03\/702147BE-D415-48C3-B6BA-3C1289664900.jpeg?resize=300%2C208 300w, https:\/\/i0.wp.com\/blogdalucianaoliveira.com.br\/blog\/wp-content\/uploads\/2023\/03\/702147BE-D415-48C3-B6BA-3C1289664900.jpeg?resize=1024%2C710 1024w, https:\/\/i0.wp.com\/blogdalucianaoliveira.com.br\/blog\/wp-content\/uploads\/2023\/03\/702147BE-D415-48C3-B6BA-3C1289664900.jpeg?resize=768%2C532 768w, https:\/\/i0.wp.com\/blogdalucianaoliveira.com.br\/blog\/wp-content\/uploads\/2023\/03\/702147BE-D415-48C3-B6BA-3C1289664900.jpeg?resize=433%2C300 433w\" sizes=\"auto, (max-width: 600px) 100vw, 600px\" \/><\/figure>\n\n\n\n<p>Fonte: ANA,&nbsp;Boletim de acompanhamento da Bacia do rio Madeira de 17\/03\/2023.<\/p>\n\n\n\n<p>O \u00faltimo epis\u00f3dio deste sanfonamento extrapolado dos reservat\u00f3rios hidrel\u00e9tricos no rio Madeira se deu durante a cheia hist\u00f3rica de 2014, amplificada pelo mesmo tipo imprudente de opera\u00e7\u00e3o dos reservat\u00f3rios. Neste momento, o rio Jacy e a TI est\u00e3o sendo afetados em uma situa\u00e7\u00e3o ainda mais&nbsp;<em>sui generis<\/em>&nbsp;que aquela, pois abaixo das represas, na \u00e1rea urbana de Porto Velho, o rio Madeira vem&nbsp;secando&nbsp;paulatinamente,&nbsp;enquanto acima das represas, suas \u00e1guas se espraiam na forma de sobre-cheias localizadas e desastrosas.&nbsp;<\/p>\n\n\n\n<p>Dessa forma, as Licen\u00e7as&nbsp;Ambientais concedidas aos cons\u00f3rcios controlados pela Suez e pela Odebrecht negligenciam o que possa ser o limite m\u00e1ximo dos reservat\u00f3rios, extraindo da mensura\u00e7\u00e3o formal deles o enchimento dos corpos tribut\u00e1rios. Esta camuflagem sobre os reais limites dos reservat\u00f3rios vai criando novas \u00e1reas de sacrif\u00edcio nos distritos urbanos de Jaci-Paran\u00e1 e Abun\u00e3 e sobre territ\u00f3rios de povos tradicionais situados em seu entorno.<\/p>\n\n\n\n<p>O caso agudo, neste momento, \u00e9 da TI Karipuna e de sua aldeia Panorama (Figuras n. 04 e 05). As \u00e1guas subiram de forma r\u00e1pida,&nbsp;gerando a inusitada situa\u00e7\u00e3o de um povo ind\u00edgena desabrigado em seu pr\u00f3prio territ\u00f3rio,&nbsp;povo&nbsp;atingido n\u00e3o por uma cheia natural, mais uma cheia induzida e administrada por concession\u00e1rias privadas de gera\u00e7\u00e3o el\u00e9trica (Odebrecht e Suez). O acesso por meio terrestre est\u00e1 interditado e o acesso fluvial precisa se dar de outros pontos de acesso. Os \u00f3rg\u00e3os estadual e municipal de Defesa Civil precisam atuar de forma emergencial para garantir suprimento de alimentos, \u00e1gua pot\u00e1vel, medicamentos e retirada&nbsp;de pessoas enfermas em situa\u00e7\u00e3o cr\u00edtica. A FUNAI, a ANA e a ANEEL precisam definir as repara\u00e7\u00f5es devidas e responsabilizar os agentes econ\u00f4micos que est\u00e3o se beneficiando diretamente com tais danos, ao produzir energia com cota m\u00e1xima, extravasando as bordas laterais dos reservat\u00f3rios.&nbsp;<\/p>\n\n\n\n<p>Figura n. 04: Rio Jacy Paran\u00e1 afogado pelo reservat\u00f3rio da UHE Santo Ant\u00f4nio<\/p>\n\n\n\n<figure class=\"wp-block-image size-large\"><img data-recalc-dims=\"1\" loading=\"lazy\" decoding=\"async\" width=\"600\" height=\"324\" data-attachment-id=\"34445\" data-permalink=\"http:\/\/blogdalucianaoliveira.com.br\/blog\/2023\/03\/20\/ti-karipuna-cercada-pelo-agronegocio-e-reatingida-pelas-hidreletricas-no-rio-madeira\/956a3726-ae9a-4ef4-9694-e03ec328609d\/\" data-orig-file=\"https:\/\/i0.wp.com\/blogdalucianaoliveira.com.br\/blog\/wp-content\/uploads\/2023\/03\/956A3726-AE9A-4EF4-9694-E03EC328609D.jpeg?fit=655%2C354\" data-orig-size=\"655,354\" data-comments-opened=\"0\" data-image-meta=\"{&quot;aperture&quot;:&quot;0&quot;,&quot;credit&quot;:&quot;&quot;,&quot;camera&quot;:&quot;&quot;,&quot;caption&quot;:&quot;&quot;,&quot;created_timestamp&quot;:&quot;0&quot;,&quot;copyright&quot;:&quot;&quot;,&quot;focal_length&quot;:&quot;0&quot;,&quot;iso&quot;:&quot;0&quot;,&quot;shutter_speed&quot;:&quot;0&quot;,&quot;title&quot;:&quot;&quot;,&quot;orientation&quot;:&quot;1&quot;}\" data-image-title=\"956A3726-AE9A-4EF4-9694-E03EC328609D\" data-image-description=\"\" data-image-caption=\"\" data-medium-file=\"https:\/\/i0.wp.com\/blogdalucianaoliveira.com.br\/blog\/wp-content\/uploads\/2023\/03\/956A3726-AE9A-4EF4-9694-E03EC328609D.jpeg?fit=300%2C162\" data-large-file=\"https:\/\/i0.wp.com\/blogdalucianaoliveira.com.br\/blog\/wp-content\/uploads\/2023\/03\/956A3726-AE9A-4EF4-9694-E03EC328609D.jpeg?fit=600%2C324\" src=\"https:\/\/i0.wp.com\/blogdalucianaoliveira.com.br\/blog\/wp-content\/uploads\/2023\/03\/956A3726-AE9A-4EF4-9694-E03EC328609D.jpeg?resize=600%2C324\" alt=\"\" class=\"wp-image-34445\" srcset=\"https:\/\/i0.wp.com\/blogdalucianaoliveira.com.br\/blog\/wp-content\/uploads\/2023\/03\/956A3726-AE9A-4EF4-9694-E03EC328609D.jpeg?w=655 655w, https:\/\/i0.wp.com\/blogdalucianaoliveira.com.br\/blog\/wp-content\/uploads\/2023\/03\/956A3726-AE9A-4EF4-9694-E03EC328609D.jpeg?resize=300%2C162 300w, https:\/\/i0.wp.com\/blogdalucianaoliveira.com.br\/blog\/wp-content\/uploads\/2023\/03\/956A3726-AE9A-4EF4-9694-E03EC328609D.jpeg?resize=555%2C300 555w\" sizes=\"auto, (max-width: 600px) 100vw, 600px\" \/><\/figure>\n\n\n\n<p>Foto Andr\u00e9 Karipuna, mar\u00e7o de 2023<\/p>\n\n\n\n<p>Figura n. 05: Aldeia Panorama alagada pelo bra\u00e7o estendido do reservat\u00f3rio de Santo Ant\u00f4nio<\/p>\n\n\n\n<figure class=\"wp-block-image size-large\"><img data-recalc-dims=\"1\" loading=\"lazy\" decoding=\"async\" width=\"600\" height=\"332\" data-attachment-id=\"34446\" data-permalink=\"http:\/\/blogdalucianaoliveira.com.br\/blog\/2023\/03\/20\/ti-karipuna-cercada-pelo-agronegocio-e-reatingida-pelas-hidreletricas-no-rio-madeira\/cb6b6eac-190d-401e-b62e-6085c9bcda94\/\" data-orig-file=\"https:\/\/i0.wp.com\/blogdalucianaoliveira.com.br\/blog\/wp-content\/uploads\/2023\/03\/CB6B6EAC-190D-401E-B62E-6085C9BCDA94.jpeg?fit=657%2C364\" data-orig-size=\"657,364\" data-comments-opened=\"0\" data-image-meta=\"{&quot;aperture&quot;:&quot;0&quot;,&quot;credit&quot;:&quot;&quot;,&quot;camera&quot;:&quot;&quot;,&quot;caption&quot;:&quot;&quot;,&quot;created_timestamp&quot;:&quot;0&quot;,&quot;copyright&quot;:&quot;&quot;,&quot;focal_length&quot;:&quot;0&quot;,&quot;iso&quot;:&quot;0&quot;,&quot;shutter_speed&quot;:&quot;0&quot;,&quot;title&quot;:&quot;&quot;,&quot;orientation&quot;:&quot;1&quot;}\" data-image-title=\"CB6B6EAC-190D-401E-B62E-6085C9BCDA94\" data-image-description=\"\" data-image-caption=\"\" data-medium-file=\"https:\/\/i0.wp.com\/blogdalucianaoliveira.com.br\/blog\/wp-content\/uploads\/2023\/03\/CB6B6EAC-190D-401E-B62E-6085C9BCDA94.jpeg?fit=300%2C166\" data-large-file=\"https:\/\/i0.wp.com\/blogdalucianaoliveira.com.br\/blog\/wp-content\/uploads\/2023\/03\/CB6B6EAC-190D-401E-B62E-6085C9BCDA94.jpeg?fit=600%2C332\" src=\"https:\/\/i0.wp.com\/blogdalucianaoliveira.com.br\/blog\/wp-content\/uploads\/2023\/03\/CB6B6EAC-190D-401E-B62E-6085C9BCDA94.jpeg?resize=600%2C332\" alt=\"\" class=\"wp-image-34446\" srcset=\"https:\/\/i0.wp.com\/blogdalucianaoliveira.com.br\/blog\/wp-content\/uploads\/2023\/03\/CB6B6EAC-190D-401E-B62E-6085C9BCDA94.jpeg?w=657 657w, https:\/\/i0.wp.com\/blogdalucianaoliveira.com.br\/blog\/wp-content\/uploads\/2023\/03\/CB6B6EAC-190D-401E-B62E-6085C9BCDA94.jpeg?resize=300%2C166 300w, https:\/\/i0.wp.com\/blogdalucianaoliveira.com.br\/blog\/wp-content\/uploads\/2023\/03\/CB6B6EAC-190D-401E-B62E-6085C9BCDA94.jpeg?resize=541%2C300 541w\" sizes=\"auto, (max-width: 600px) 100vw, 600px\" \/><\/figure>\n\n\n\n<p>Foto: Andr\u00e9 Karipuna, mar\u00e7o de 2023<\/p>\n\n\n\n<p>Depois de seguidas invas\u00f5es de madeireiros, garimpeiros e grileiros, os Karipuna sofrem agora o acosso de \u00e1guas invasoras. \u00c9 preciso deter este genoc\u00eddio operacionalizado em diversas dimens\u00f5es. O Minist\u00e9rio dos Povos Ind\u00edgenas, em coordena\u00e7\u00e3o interministerial, precisa coordenar um mutir\u00e3o de a\u00e7\u00f5es no territ\u00f3rio para que continue a pulsar. \u00c9 preciso proporcionar garantias imediatas pelo direito de existir do povo Karipuna.<\/p>\n\n\n\n<p><strong>Luis Fernando Novoa Garzon, doutor em Planejamento Urbano e Regional pelo IPPUR-UFRJ e professor do Departamento de Ci\u00eancias Sociais da Universidade Federal de Rond\u00f4nia<\/strong><\/p>\n","protected":false},"excerpt":{"rendered":"<p>Por Luis Fernando Novoa Garzon &#8211; O Territ\u00f3rio Karipuna, situado entre o munic\u00edpio de Nova-Mamor\u00e9 e de Porto Velho, no estado de Rond\u00f4nia,&nbsp;\u00e9 testemunha de desfiguramentos cont\u00ednuos produzidos pelo agroneg\u00f3cio como se v\u00ea na figura n.1. O retrato desta pol\u00edtica de exterm\u00ednio hist\u00f3rico se expressa tamb\u00e9m no quantitativo dos remanescentes deste povo, contando com cerca&#8230;<a class=\"more-link\" href=\"http:\/\/blogdalucianaoliveira.com.br\/blog\/2023\/03\/20\/ti-karipuna-cercada-pelo-agronegocio-e-reatingida-pelas-hidreletricas-no-rio-madeira\/\">Continue a leitura <span class=\"meta-nav\">&raquo;<\/span><\/a><\/p>\n","protected":false},"author":1,"featured_media":0,"comment_status":"closed","ping_status":"open","sticky":false,"template":"","format":"standard","meta":{"_exactmetrics_skip_tracking":false,"_exactmetrics_sitenote_active":false,"_exactmetrics_sitenote_note":"","_exactmetrics_sitenote_category":0,"jetpack_post_was_ever_published":false,"_jetpack_newsletter_access":"","_jetpack_dont_email_post_to_subs":false,"_jetpack_newsletter_tier_id":0,"_jetpack_memberships_contains_paywalled_content":false,"_jetpack_memberships_contains_paid_content":false,"footnotes":"","jetpack_publicize_message":"","jetpack_publicize_feature_enabled":true,"jetpack_social_post_already_shared":true,"jetpack_social_options":{"image_generator_settings":{"template":"highway","enabled":false},"version":2}},"categories":[1],"tags":[583,824],"class_list":["post-34439","post","type-post","status-publish","format-standard","hentry","category-notas","tag-karipuna","tag-usinas"],"jetpack_publicize_connections":[],"jetpack_sharing_enabled":true,"jetpack_featured_media_url":"","jetpack_shortlink":"https:\/\/wp.me\/p7wKYW-8Xt","jetpack-related-posts":[],"_links":{"self":[{"href":"http:\/\/blogdalucianaoliveira.com.br\/blog\/wp-json\/wp\/v2\/posts\/34439","targetHints":{"allow":["GET"]}}],"collection":[{"href":"http:\/\/blogdalucianaoliveira.com.br\/blog\/wp-json\/wp\/v2\/posts"}],"about":[{"href":"http:\/\/blogdalucianaoliveira.com.br\/blog\/wp-json\/wp\/v2\/types\/post"}],"author":[{"embeddable":true,"href":"http:\/\/blogdalucianaoliveira.com.br\/blog\/wp-json\/wp\/v2\/users\/1"}],"replies":[{"embeddable":true,"href":"http:\/\/blogdalucianaoliveira.com.br\/blog\/wp-json\/wp\/v2\/comments?post=34439"}],"version-history":[{"count":2,"href":"http:\/\/blogdalucianaoliveira.com.br\/blog\/wp-json\/wp\/v2\/posts\/34439\/revisions"}],"predecessor-version":[{"id":34448,"href":"http:\/\/blogdalucianaoliveira.com.br\/blog\/wp-json\/wp\/v2\/posts\/34439\/revisions\/34448"}],"wp:attachment":[{"href":"http:\/\/blogdalucianaoliveira.com.br\/blog\/wp-json\/wp\/v2\/media?parent=34439"}],"wp:term":[{"taxonomy":"category","embeddable":true,"href":"http:\/\/blogdalucianaoliveira.com.br\/blog\/wp-json\/wp\/v2\/categories?post=34439"},{"taxonomy":"post_tag","embeddable":true,"href":"http:\/\/blogdalucianaoliveira.com.br\/blog\/wp-json\/wp\/v2\/tags?post=34439"}],"curies":[{"name":"wp","href":"https:\/\/api.w.org\/{rel}","templated":true}]}}