{"id":34449,"date":"2023-03-20T21:00:26","date_gmt":"2023-03-21T01:00:26","guid":{"rendered":"http:\/\/blogdalucianaoliveira.com.br\/blog\/?p=34449"},"modified":"2023-03-20T21:09:02","modified_gmt":"2023-03-21T01:09:02","slug":"comunidade-miraflores-debate-problemas-e-planeja-acoes","status":"publish","type":"post","link":"http:\/\/blogdalucianaoliveira.com.br\/blog\/2023\/03\/20\/comunidade-miraflores-debate-problemas-e-planeja-acoes\/","title":{"rendered":"Comunidade Miraflores debate problemas e planeja a\u00e7\u00f5es"},"content":{"rendered":"\n<figure class=\"wp-block-image size-large\"><img loading=\"lazy\" decoding=\"async\" width=\"1213\" height=\"704\" data-attachment-id=\"34450\" data-permalink=\"http:\/\/blogdalucianaoliveira.com.br\/blog\/2023\/03\/20\/comunidade-miraflores-debate-problemas-e-planeja-acoes\/83c10c81-e93b-4757-a863-2a224e46bb11\/\" data-orig-file=\"https:\/\/i0.wp.com\/blogdalucianaoliveira.com.br\/blog\/wp-content\/uploads\/2023\/03\/83C10C81-E93B-4757-A863-2A224E46BB11.jpeg?fit=1213%2C704\" data-orig-size=\"1213,704\" data-comments-opened=\"0\" data-image-meta=\"{&quot;aperture&quot;:&quot;0&quot;,&quot;credit&quot;:&quot;&quot;,&quot;camera&quot;:&quot;&quot;,&quot;caption&quot;:&quot;&quot;,&quot;created_timestamp&quot;:&quot;0&quot;,&quot;copyright&quot;:&quot;&quot;,&quot;focal_length&quot;:&quot;0&quot;,&quot;iso&quot;:&quot;0&quot;,&quot;shutter_speed&quot;:&quot;0&quot;,&quot;title&quot;:&quot;&quot;,&quot;orientation&quot;:&quot;1&quot;}\" data-image-title=\"83C10C81-E93B-4757-A863-2A224E46BB11\" data-image-description=\"\" data-image-caption=\"\" data-medium-file=\"https:\/\/i0.wp.com\/blogdalucianaoliveira.com.br\/blog\/wp-content\/uploads\/2023\/03\/83C10C81-E93B-4757-A863-2A224E46BB11.jpeg?fit=300%2C174\" data-large-file=\"https:\/\/i0.wp.com\/blogdalucianaoliveira.com.br\/blog\/wp-content\/uploads\/2023\/03\/83C10C81-E93B-4757-A863-2A224E46BB11.jpeg?fit=600%2C348\" src=\"https:\/\/i1.wp.com\/blogdalucianaoliveira.com.br\/blog\/wp-content\/uploads\/2023\/03\/83C10C81-E93B-4757-A863-2A224E46BB11.jpeg?fit=600%2C348\" alt=\"\" class=\"wp-image-34450\" srcset=\"https:\/\/i0.wp.com\/blogdalucianaoliveira.com.br\/blog\/wp-content\/uploads\/2023\/03\/83C10C81-E93B-4757-A863-2A224E46BB11.jpeg?w=1213 1213w, https:\/\/i0.wp.com\/blogdalucianaoliveira.com.br\/blog\/wp-content\/uploads\/2023\/03\/83C10C81-E93B-4757-A863-2A224E46BB11.jpeg?resize=300%2C174 300w, https:\/\/i0.wp.com\/blogdalucianaoliveira.com.br\/blog\/wp-content\/uploads\/2023\/03\/83C10C81-E93B-4757-A863-2A224E46BB11.jpeg?resize=1024%2C594 1024w, https:\/\/i0.wp.com\/blogdalucianaoliveira.com.br\/blog\/wp-content\/uploads\/2023\/03\/83C10C81-E93B-4757-A863-2A224E46BB11.jpeg?resize=768%2C446 768w, https:\/\/i0.wp.com\/blogdalucianaoliveira.com.br\/blog\/wp-content\/uploads\/2023\/03\/83C10C81-E93B-4757-A863-2A224E46BB11.jpeg?resize=517%2C300 517w\" sizes=\"auto, (max-width: 600px) 100vw, 600px\" \/><\/figure>\n\n\n\n<p><\/p>\n\n\n\n<p>A primeira Assembleia na comunidade Miraflores, no bairro Tr\u00eas Marias, aconteceu no \u00faltimo s\u00e1bado, 18.&nbsp;<\/p>\n\n\n\n<p>Foi realizada pelo Movimento Nacional De Luta Pela Moradia &#8211; MNLM. A a\u00e7\u00e3o foi para discutir e planejar os rumos da comunidade de forma coletiva, participativa.&nbsp;<\/p>\n\n\n\n<!--more-->\n\n\n\n<p>Na ocasi\u00e3o foi feita a leitura da Carta de Princ\u00edpios do movimento que vai balizar metas e a\u00e7\u00f5es para enfrentar problemas graves como: a especula\u00e7\u00e3o imobili\u00e1ria, a acumula\u00e7\u00e3o de terrenos, desvios e pr\u00e1ticas pequeno-burguesas.<\/p>\n\n\n\n<p>Houve tamb\u00e9m esclarecimentos jur\u00eddicos sobre a batalha judicial que a comunidade enfrenta e muito debate sobre a necessidade de reforma urbana que garanta o direito \u00e0 moradia e \u00e0 cidade a todas e todos.&nbsp;<br><\/p>\n\n\n\n<figure class=\"wp-block-image size-large\"><img loading=\"lazy\" decoding=\"async\" width=\"1296\" height=\"864\" data-attachment-id=\"34451\" data-permalink=\"http:\/\/blogdalucianaoliveira.com.br\/blog\/2023\/03\/20\/comunidade-miraflores-debate-problemas-e-planeja-acoes\/9218466f-8895-4757-ac8c-b2961f94958c\/\" data-orig-file=\"https:\/\/i0.wp.com\/blogdalucianaoliveira.com.br\/blog\/wp-content\/uploads\/2023\/03\/9218466F-8895-4757-AC8C-B2961F94958C.jpeg?fit=1296%2C864\" data-orig-size=\"1296,864\" data-comments-opened=\"0\" data-image-meta=\"{&quot;aperture&quot;:&quot;0&quot;,&quot;credit&quot;:&quot;&quot;,&quot;camera&quot;:&quot;&quot;,&quot;caption&quot;:&quot;&quot;,&quot;created_timestamp&quot;:&quot;0&quot;,&quot;copyright&quot;:&quot;&quot;,&quot;focal_length&quot;:&quot;0&quot;,&quot;iso&quot;:&quot;0&quot;,&quot;shutter_speed&quot;:&quot;0&quot;,&quot;title&quot;:&quot;&quot;,&quot;orientation&quot;:&quot;1&quot;}\" data-image-title=\"9218466F-8895-4757-AC8C-B2961F94958C\" data-image-description=\"\" data-image-caption=\"\" data-medium-file=\"https:\/\/i0.wp.com\/blogdalucianaoliveira.com.br\/blog\/wp-content\/uploads\/2023\/03\/9218466F-8895-4757-AC8C-B2961F94958C.jpeg?fit=300%2C200\" data-large-file=\"https:\/\/i0.wp.com\/blogdalucianaoliveira.com.br\/blog\/wp-content\/uploads\/2023\/03\/9218466F-8895-4757-AC8C-B2961F94958C.jpeg?fit=600%2C400\" src=\"https:\/\/i1.wp.com\/blogdalucianaoliveira.com.br\/blog\/wp-content\/uploads\/2023\/03\/9218466F-8895-4757-AC8C-B2961F94958C.jpeg?fit=600%2C400\" alt=\"\" class=\"wp-image-34451\" srcset=\"https:\/\/i0.wp.com\/blogdalucianaoliveira.com.br\/blog\/wp-content\/uploads\/2023\/03\/9218466F-8895-4757-AC8C-B2961F94958C.jpeg?w=1296 1296w, https:\/\/i0.wp.com\/blogdalucianaoliveira.com.br\/blog\/wp-content\/uploads\/2023\/03\/9218466F-8895-4757-AC8C-B2961F94958C.jpeg?resize=300%2C200 300w, https:\/\/i0.wp.com\/blogdalucianaoliveira.com.br\/blog\/wp-content\/uploads\/2023\/03\/9218466F-8895-4757-AC8C-B2961F94958C.jpeg?resize=1024%2C683 1024w, https:\/\/i0.wp.com\/blogdalucianaoliveira.com.br\/blog\/wp-content\/uploads\/2023\/03\/9218466F-8895-4757-AC8C-B2961F94958C.jpeg?resize=768%2C512 768w, https:\/\/i0.wp.com\/blogdalucianaoliveira.com.br\/blog\/wp-content\/uploads\/2023\/03\/9218466F-8895-4757-AC8C-B2961F94958C.jpeg?resize=450%2C300 450w, https:\/\/i0.wp.com\/blogdalucianaoliveira.com.br\/blog\/wp-content\/uploads\/2023\/03\/9218466F-8895-4757-AC8C-B2961F94958C.jpeg?w=1200 1200w\" sizes=\"auto, (max-width: 600px) 100vw, 600px\" \/><\/figure>\n\n\n\n<p>A Assembl\u00e9ia contou com apoio e participa\u00e7\u00e3o de Comunit\u00e1ri@s de Miraflores, Ouvidoria P\u00fablica Externa, Coletivo Popular Direito \u00e0 Cidade, UJC (Uni\u00e3o da Juventude Comunista); MAB (Movimento Dos Atingidos por Barragens), ABRAPSO (N\u00facleo da Associa\u00e7\u00e3o Brasileira de Psicologia), CEGEO (Grupo de Pesquisa em Cartografia e Educa\u00e7\u00e3o Geogr\u00e1fica-Unir), CUT (Central \u00danica dos Trabalhadores); AAPIGHU &#8211; Setor Chacareiro; SPM (Servi\u00e7o Pastoral do Migrante), C\u00e1ritas Articula\u00e7\u00e3o Noroeste e a Coordena\u00e7\u00e3o da CEB&#8217;s S\u00e3o Lucas.&nbsp;<br><\/p>\n\n\n\n<p>Na comunidade vivem mais de 20 fam\u00edlias, incluindo n\u00e3o s\u00f3 brasileiras, mas tamb\u00e9m venezuelanas, haitianas e peruanas que reclamam urgentemente por regulariza\u00e7\u00e3o fundi\u00e1ria, \u00e1gua pot\u00e1vel, creche, ilumina\u00e7\u00e3o p\u00fablica e saneamento b\u00e1sico. <br><\/p>\n\n\n\n<p>Da reuni\u00e3o comunit\u00e1ria sa\u00edram v\u00e1rios encaminhamentos como a cria\u00e7\u00e3o das comiss\u00f5es de trabalho na comunidade, comiss\u00e3o de obras, comiss\u00e3o de sa\u00fade, comiss\u00e3o de educa\u00e7\u00e3o, comiss\u00e3o de juventude e comiss\u00e3o de cultura.<br><\/p>\n\n\n\n<figure class=\"wp-block-image size-large\"><img loading=\"lazy\" decoding=\"async\" width=\"1296\" height=\"864\" data-attachment-id=\"34452\" data-permalink=\"http:\/\/blogdalucianaoliveira.com.br\/blog\/2023\/03\/20\/comunidade-miraflores-debate-problemas-e-planeja-acoes\/3ce9398a-aa46-4db6-a224-454276099d9f\/\" data-orig-file=\"https:\/\/i0.wp.com\/blogdalucianaoliveira.com.br\/blog\/wp-content\/uploads\/2023\/03\/3CE9398A-AA46-4DB6-A224-454276099D9F.jpeg?fit=1296%2C864\" data-orig-size=\"1296,864\" data-comments-opened=\"0\" data-image-meta=\"{&quot;aperture&quot;:&quot;0&quot;,&quot;credit&quot;:&quot;&quot;,&quot;camera&quot;:&quot;&quot;,&quot;caption&quot;:&quot;&quot;,&quot;created_timestamp&quot;:&quot;0&quot;,&quot;copyright&quot;:&quot;&quot;,&quot;focal_length&quot;:&quot;0&quot;,&quot;iso&quot;:&quot;0&quot;,&quot;shutter_speed&quot;:&quot;0&quot;,&quot;title&quot;:&quot;&quot;,&quot;orientation&quot;:&quot;1&quot;}\" data-image-title=\"3CE9398A-AA46-4DB6-A224-454276099D9F\" data-image-description=\"\" data-image-caption=\"\" data-medium-file=\"https:\/\/i0.wp.com\/blogdalucianaoliveira.com.br\/blog\/wp-content\/uploads\/2023\/03\/3CE9398A-AA46-4DB6-A224-454276099D9F.jpeg?fit=300%2C200\" data-large-file=\"https:\/\/i0.wp.com\/blogdalucianaoliveira.com.br\/blog\/wp-content\/uploads\/2023\/03\/3CE9398A-AA46-4DB6-A224-454276099D9F.jpeg?fit=600%2C400\" src=\"https:\/\/i0.wp.com\/blogdalucianaoliveira.com.br\/blog\/wp-content\/uploads\/2023\/03\/3CE9398A-AA46-4DB6-A224-454276099D9F.jpeg?fit=600%2C400\" alt=\"\" class=\"wp-image-34452\" srcset=\"https:\/\/i0.wp.com\/blogdalucianaoliveira.com.br\/blog\/wp-content\/uploads\/2023\/03\/3CE9398A-AA46-4DB6-A224-454276099D9F.jpeg?w=1296 1296w, https:\/\/i0.wp.com\/blogdalucianaoliveira.com.br\/blog\/wp-content\/uploads\/2023\/03\/3CE9398A-AA46-4DB6-A224-454276099D9F.jpeg?resize=300%2C200 300w, https:\/\/i0.wp.com\/blogdalucianaoliveira.com.br\/blog\/wp-content\/uploads\/2023\/03\/3CE9398A-AA46-4DB6-A224-454276099D9F.jpeg?resize=1024%2C683 1024w, https:\/\/i0.wp.com\/blogdalucianaoliveira.com.br\/blog\/wp-content\/uploads\/2023\/03\/3CE9398A-AA46-4DB6-A224-454276099D9F.jpeg?resize=768%2C512 768w, https:\/\/i0.wp.com\/blogdalucianaoliveira.com.br\/blog\/wp-content\/uploads\/2023\/03\/3CE9398A-AA46-4DB6-A224-454276099D9F.jpeg?resize=450%2C300 450w, https:\/\/i0.wp.com\/blogdalucianaoliveira.com.br\/blog\/wp-content\/uploads\/2023\/03\/3CE9398A-AA46-4DB6-A224-454276099D9F.jpeg?w=1200 1200w\" sizes=\"auto, (max-width: 600px) 100vw, 600px\" \/><\/figure>\n","protected":false},"excerpt":{"rendered":"<p>A primeira Assembleia na comunidade Miraflores, no bairro Tr\u00eas Marias, aconteceu no \u00faltimo s\u00e1bado, 18.&nbsp; Foi realizada pelo Movimento Nacional De Luta Pela Moradia &#8211; MNLM. A a\u00e7\u00e3o foi para discutir e planejar os rumos da comunidade de forma coletiva, participativa.&nbsp;<\/p>\n","protected":false},"author":1,"featured_media":0,"comment_status":"closed","ping_status":"open","sticky":false,"template":"","format":"standard","meta":{"_exactmetrics_skip_tracking":false,"_exactmetrics_sitenote_active":false,"_exactmetrics_sitenote_note":"","_exactmetrics_sitenote_category":0,"jetpack_post_was_ever_published":false,"_jetpack_newsletter_access":"","_jetpack_dont_email_post_to_subs":false,"_jetpack_newsletter_tier_id":0,"_jetpack_memberships_contains_paywalled_content":false,"_jetpack_memberships_contains_paid_content":false,"footnotes":"","jetpack_publicize_message":"","jetpack_publicize_feature_enabled":true,"jetpack_social_post_already_shared":true,"jetpack_social_options":{"image_generator_settings":{"template":"highway","enabled":false},"version":2}},"categories":[1],"tags":[825,826],"class_list":["post-34449","post","type-post","status-publish","format-standard","hentry","category-notas","tag-mnlm","tag-moradia"],"jetpack_publicize_connections":[],"jetpack_sharing_enabled":true,"jetpack_featured_media_url":"","jetpack_shortlink":"https:\/\/wp.me\/p7wKYW-8XD","jetpack-related-posts":[],"_links":{"self":[{"href":"http:\/\/blogdalucianaoliveira.com.br\/blog\/wp-json\/wp\/v2\/posts\/34449","targetHints":{"allow":["GET"]}}],"collection":[{"href":"http:\/\/blogdalucianaoliveira.com.br\/blog\/wp-json\/wp\/v2\/posts"}],"about":[{"href":"http:\/\/blogdalucianaoliveira.com.br\/blog\/wp-json\/wp\/v2\/types\/post"}],"author":[{"embeddable":true,"href":"http:\/\/blogdalucianaoliveira.com.br\/blog\/wp-json\/wp\/v2\/users\/1"}],"replies":[{"embeddable":true,"href":"http:\/\/blogdalucianaoliveira.com.br\/blog\/wp-json\/wp\/v2\/comments?post=34449"}],"version-history":[{"count":3,"href":"http:\/\/blogdalucianaoliveira.com.br\/blog\/wp-json\/wp\/v2\/posts\/34449\/revisions"}],"predecessor-version":[{"id":34455,"href":"http:\/\/blogdalucianaoliveira.com.br\/blog\/wp-json\/wp\/v2\/posts\/34449\/revisions\/34455"}],"wp:attachment":[{"href":"http:\/\/blogdalucianaoliveira.com.br\/blog\/wp-json\/wp\/v2\/media?parent=34449"}],"wp:term":[{"taxonomy":"category","embeddable":true,"href":"http:\/\/blogdalucianaoliveira.com.br\/blog\/wp-json\/wp\/v2\/categories?post=34449"},{"taxonomy":"post_tag","embeddable":true,"href":"http:\/\/blogdalucianaoliveira.com.br\/blog\/wp-json\/wp\/v2\/tags?post=34449"}],"curies":[{"name":"wp","href":"https:\/\/api.w.org\/{rel}","templated":true}]}}