{"id":34459,"date":"2023-03-22T12:32:43","date_gmt":"2023-03-22T16:32:43","guid":{"rendered":"http:\/\/blogdalucianaoliveira.com.br\/blog\/?p=34459"},"modified":"2023-03-22T12:32:49","modified_gmt":"2023-03-22T16:32:49","slug":"toninho-tavernard-o-sambista-que-planta-poesia-a-paz","status":"publish","type":"post","link":"http:\/\/blogdalucianaoliveira.com.br\/blog\/2023\/03\/22\/toninho-tavernard-o-sambista-que-planta-poesia-a-paz\/","title":{"rendered":"Toninho Tavernard \u2013 o sambista que planta poesia \u00e0 paz"},"content":{"rendered":"\n<figure class=\"wp-block-image size-large\"><img data-recalc-dims=\"1\" loading=\"lazy\" decoding=\"async\" width=\"500\" height=\"500\" data-attachment-id=\"34460\" data-permalink=\"http:\/\/blogdalucianaoliveira.com.br\/blog\/2023\/03\/22\/toninho-tavernard-o-sambista-que-planta-poesia-a-paz\/0334a1e7-1b6b-4ee4-beb1-3a6a99771fbe\/\" data-orig-file=\"https:\/\/i0.wp.com\/blogdalucianaoliveira.com.br\/blog\/wp-content\/uploads\/2023\/03\/0334A1E7-1B6B-4EE4-BEB1-3A6A99771FBE.jpeg?fit=500%2C500\" data-orig-size=\"500,500\" data-comments-opened=\"0\" data-image-meta=\"{&quot;aperture&quot;:&quot;0&quot;,&quot;credit&quot;:&quot;&quot;,&quot;camera&quot;:&quot;&quot;,&quot;caption&quot;:&quot;&quot;,&quot;created_timestamp&quot;:&quot;0&quot;,&quot;copyright&quot;:&quot;&quot;,&quot;focal_length&quot;:&quot;0&quot;,&quot;iso&quot;:&quot;0&quot;,&quot;shutter_speed&quot;:&quot;0&quot;,&quot;title&quot;:&quot;&quot;,&quot;orientation&quot;:&quot;0&quot;}\" data-image-title=\"0334A1E7-1B6B-4EE4-BEB1-3A6A99771FBE\" data-image-description=\"\" data-image-caption=\"\" data-medium-file=\"https:\/\/i0.wp.com\/blogdalucianaoliveira.com.br\/blog\/wp-content\/uploads\/2023\/03\/0334A1E7-1B6B-4EE4-BEB1-3A6A99771FBE.jpeg?fit=300%2C300\" data-large-file=\"https:\/\/i0.wp.com\/blogdalucianaoliveira.com.br\/blog\/wp-content\/uploads\/2023\/03\/0334A1E7-1B6B-4EE4-BEB1-3A6A99771FBE.jpeg?fit=500%2C500\" src=\"https:\/\/i0.wp.com\/blogdalucianaoliveira.com.br\/blog\/wp-content\/uploads\/2023\/03\/0334A1E7-1B6B-4EE4-BEB1-3A6A99771FBE.jpeg?resize=500%2C500\" alt=\"\" class=\"wp-image-34460\" srcset=\"https:\/\/i0.wp.com\/blogdalucianaoliveira.com.br\/blog\/wp-content\/uploads\/2023\/03\/0334A1E7-1B6B-4EE4-BEB1-3A6A99771FBE.jpeg?w=500 500w, https:\/\/i0.wp.com\/blogdalucianaoliveira.com.br\/blog\/wp-content\/uploads\/2023\/03\/0334A1E7-1B6B-4EE4-BEB1-3A6A99771FBE.jpeg?resize=300%2C300 300w, https:\/\/i0.wp.com\/blogdalucianaoliveira.com.br\/blog\/wp-content\/uploads\/2023\/03\/0334A1E7-1B6B-4EE4-BEB1-3A6A99771FBE.jpeg?resize=150%2C150 150w\" sizes=\"auto, (max-width: 500px) 100vw, 500px\" \/><\/figure>\n\n\n\n<p>Toninho tem ber\u00e7o. Ouviu os tambores de Santa B\u00e1rbara desde cedo e participou de rodas de samba desde criancinha ouvindo e vendo o mestre Bainha cantar samba de enredo.<\/p>\n\n\n\n<!--more-->\n\n\n\n<p>Por Adaides Batista dos Santos \u2013 Dad\u00e1<br><strong>Jornalista, Poeta e Compositor Popular<\/strong><\/p>\n\n\n\n<p>Nelson Cavaquinho, com os versos de Guilherme de Brito, cantava e canta &#8211;\u00a0<strong>\u201cTire seu sorriso do caminho, que eu quero passar com minha dor\u201d<\/strong>. O cantor, compositor, sambista,<strong>\u00a0Toninho Tavernard<\/strong>, sorrindo canta: &#8211;\u00a0<strong><em>\u201cObrigado Pai por minha inspira\u00e7\u00e3o, gratid\u00e3o por tantas melodias, me permita, enquanto vida eu tiver, plantar a poesia\u201d.<\/em><\/strong><\/p>\n\n\n\n<p>No primeiro trabalho registrado de&nbsp;<strong>Toninho Tavernard<\/strong>&nbsp;&nbsp;&#8211; o CD&nbsp;<strong>&nbsp;\u201c Estrela da Manh\u00e3\u201d<\/strong>, &nbsp;dedicado \u00e0 sua m\u00e3e, rec\u00e9m falecida \u00e0 \u00e9poca do lan\u00e7amento, dezembro de 2021, quando a pandemia nos rondava, agoniava e ceifava vidas, &nbsp;&nbsp;o sambista, &nbsp;em pleno clima dif\u00edcil em que o mundo, o pa\u00eds vivia e vive, nos ofereceu &nbsp;uma mensagem de paz , de f\u00e9,&nbsp; de esperan\u00e7a no pr\u00f3ximo e na vida. Do acreditar em Deus e no irm\u00e3o. Nos faz bem e nos conforta escutar a melodia e a poesia sens\u00edvel e profunda de&nbsp;<strong>Toninho Tavernar&nbsp;<\/strong>no CD<strong>&nbsp;\u201cEstrela da Manh\u00e3\u201d<\/strong>.<\/p>\n\n\n\n<p><strong><em>\u201cDeus meu pai<\/em><\/strong><\/p>\n\n\n\n<p><strong><em>O peito exala gratid\u00e3o, nas batidas do meu cora\u00e7\u00e3o,&nbsp;<\/em><\/strong><\/p>\n\n\n\n<p><strong><em>E agrade\u00e7o por chorar e por sorrir<\/em><\/strong><\/p>\n\n\n\n<p><strong><em>S\u00f3 por estar aqui\u201d.<\/em><\/strong><\/p>\n\n\n\n<p><strong>Toninho<\/strong>&nbsp;tem ber\u00e7o. Ouviu os tambores de Santa B\u00e1rbara desde cedo e participou de rodas de samba desde criancinha ouvindo e vendo o mestre Bainha cantar samba de enredo. Conviveu sempre com os melhores ritmistas da cidade que est\u00e3o no Santa B\u00e1rbara, (se n\u00e3o est\u00e3o mais, \u00e9 de l\u00e1 a origem). O DNA ajuda. Vem de fam\u00edlia de homens de letras. Seu av\u00f4 &#8211;&nbsp;<strong>Sime\u00e3o Tavernard<\/strong>, era jornalista, seu tio av\u00f4 \u2013&nbsp;<strong>Ant\u00f4nio Tavernard<\/strong>, foi um dos poetas mais famosos do Par\u00e1 e tamb\u00e9m era m\u00fasico.<\/p>\n\n\n\n<p>A musicalidade po\u00e9tica de&nbsp;<strong>Toninho Tavernard<\/strong>&nbsp;at\u00e9 mesmo na hora de uma separa\u00e7\u00e3o n\u00e3o deixa de ter um astral e um toque de esperan\u00e7a: &#8211;<strong>&nbsp;<em>\u201cNem todo amor quando termina, a gente precisa chorar, apenas fecham-se as cortinas, prum novo show recome\u00e7ar\u201d<\/em><\/strong><em>.<\/em><\/p>\n\n\n\n<p>Em tempos de adversidades, de polariza\u00e7\u00e3o, de recrudescimento dos males, de reivindica\u00e7\u00e3o por ditaduras (onde j\u00e1 se viu pedir a castra\u00e7\u00e3o da pr\u00f3pria liberdade?), de intoler\u00e2ncias e agressividades mil, o compositor popular levanta a bandeira da paz e diz que:&nbsp; &#8211; &nbsp;&nbsp;<em><strong>\u201cE vejo a paz, no respeito a quem \u00e9 diferente, Quem n\u00e3o pensa do jeito da gente &#8211; Que a paz \u00e9 o espelho do amor\u201d<\/strong>.<\/em>&nbsp;A paz t\u00e1 a\u00ed: Respeita quem \u00e9 diferente. Respeita quem pensa diferente. O poeta altamente conectado com a realidade do seu tempo.<\/p>\n\n\n\n<p>A poesia do&nbsp;<strong>Toninho Tavernard&nbsp;<\/strong>\u00e9 simples (n\u00e3o \u00e9 f\u00e1cil ser simples) e forte, de f\u00e1cil compreens\u00e3o mas profunda, nos leva a reflex\u00e3o:<\/p>\n\n\n\n<p><strong><em>\u201cVer o amigo chorando sozinho&nbsp;<\/em><\/strong><\/p>\n\n\n\n<p><strong><em>Chegar de mansinho e lhe dar um abra\u00e7o&nbsp;<\/em><\/strong><\/p>\n\n\n\n<p><strong><em>Ter no peito essa f\u00e9 que me diz&nbsp;<\/em><\/strong><\/p>\n\n\n\n<p><strong><em>Que o amor que eu entrego&nbsp;<\/em><\/strong><\/p>\n\n\n\n<p><strong><em>Ele volta pra mim\u201d.<\/em><\/strong><\/p>\n\n\n\n<p>O CD&nbsp;<strong>\u201cEstrela da Manh\u00e3\u201d<\/strong>&nbsp;cont\u00e9m 16 m\u00fasicas que transitam nos segmentos samba de roda, samba can\u00e7\u00e3o, samba rom\u00e2ntico. Toninho Tavernard \u00e9 um compositor privilegiado em criatividade. A poesia e a musicalidade encontram nele um campo f\u00e9rtil. Ultimamente tem criado muito, sempre apresentando composi\u00e7\u00f5es novas.&nbsp;<strong>Toninho Tavernar&nbsp;<\/strong>\u00e9 um dos mais destacados compositor e cantor da \u00faltima gera\u00e7\u00e3o de sambistas rondonienses. \u00c9 integrante da Ala de Compositores da Escola de Samba Asfalt\u00e3o e do Projeto Samba Autoral.<\/p>\n\n\n\n<p>Toninho, sobretudo, \u00e9 um homem de f\u00e9, percebe-se isso, na poesia das suas can\u00e7\u00f5es. Ele aconselha por exemplo que&nbsp;<strong>\u201c&nbsp;<em>Jamais subestime a for\u00e7a que a inveja tem, Mas n\u00e3o h\u00e1 mal que resista a for\u00e7a de quem faz o bem<\/em>\u201d<\/strong>, e tamb\u00e9m, &nbsp;\u201c&nbsp;<em>Ao levantar se proteja fa\u00e7a uma ora\u00e7\u00e3o, Ao deitar agrade\u00e7a toda prote\u00e7\u00e3o<\/em>\u201d. E para viver em paz consigo mesmo e com o pr\u00f3ximo, eis a recomenda\u00e7\u00e3o do sambista:<\/p>\n\n\n\n<p><strong><em>\u201cA quem me deseja o mal &#8211; &nbsp;deixo poesia<\/em><\/strong><\/p>\n\n\n\n<p><strong><em>A toda energia contr\u00e1ria &#8211; &nbsp;minha ora\u00e7\u00e3o<\/em><\/strong><\/p>\n\n\n\n<p><strong><em>Que o amor seja o meu companheiro de todos os dias&nbsp;<\/em><\/strong><\/p>\n\n\n\n<p><strong><em>Que o mal nunca fa\u00e7a morada no meu cora\u00e7\u00e3o. \u201c<\/em><\/strong><\/p>\n\n\n\n<p>No samba de&nbsp;<strong>Tavernand<\/strong>&nbsp;h\u00e1 um casamento perfeito entre melodia e letra, as duas sempre cuidadosamente trabalhadas. Em uma das m\u00fasicas do CD Toninho homenageia um dos mestres, pra ele, talvez o principal \u2013<strong>&nbsp;Mestre Bainha.<\/strong>Nesse tributo ao mestre dos mestres do samba rondoniense&nbsp;<strong>Toninho Tavernard&nbsp;<\/strong>se esmerou no lapidar da pedra e esculpiu a mais perfeita escultura da imagem do mestre de todos os carnavais da cidade de Porto Velho &#8211; o Bainha. E assume que se hoje ele, o Toninho \u00e9 sambista, o respons\u00e1vel, \u00e9 o mestre Bainha: &#8211;&nbsp;<strong><em>\u201cBainha eis a nossa homenagem, gigante \u00e9 a nossa emo\u00e7\u00e3o, fincaste a bandeira do samba no meu cora\u00e7\u00e3o.\u201d<\/em><\/strong><\/p>\n\n\n\n<p>Sambista, homem antenado com a realidade do seu tempo, comprometido com uma sociedade mais justa e solid\u00e1ria, vivendo, vendo e sentindo no Brasil a situa\u00e7\u00e3o de maus tratos, pela qual, at\u00e9 hoje, a ra\u00e7a negra, passa nessa terra, que por ra\u00e7a negra &nbsp;foi constru\u00edda, &nbsp;Toninho Tovernard fez uma den\u00fancia como a classe dominante brasileira foi malvada e cruel com a ra\u00e7a negra e a ra\u00e7a negra mesmo escravizada,&nbsp; no maus tratos,&nbsp; deu uma das &nbsp;maiores contribui\u00e7\u00e3o para a cultura brasileira:<\/p>\n\n\n\n<p><strong>\u201cNegro sofreu, nos por\u00f5es dos navios negreiros<\/strong><\/p>\n\n\n\n<p><strong>Aqui encontrou o cativeiro, a sede, a fome e a chibata<\/strong><\/p>\n\n\n\n<p><strong>&#8230;&#8230;&#8230;&#8230;&#8230;&#8230;&#8230;&#8230;&#8230;&#8230;&#8230;&#8230;&#8230;&#8230;&#8230;&#8230;&#8230;&#8230;&#8230;&#8230;&#8230;&#8230;&#8230;&#8230;&#8230;&#8230;&#8230;&#8230;&#8230;<\/strong><\/p>\n\n\n\n<p><strong>\u201cMas como at\u00e9 no lodo pode nascer uma rosa<\/strong><\/p>\n\n\n\n<p><strong>O negro deu poesia, verso e prosa<\/strong><\/p>\n\n\n\n<p><strong>E no carnaval da hist\u00f3ria quem foi escravo hoje \u00e9 bamba<\/strong><\/p>\n\n\n\n<p><strong>Brasil tu lhe deste a dor<\/strong><\/p>\n\n\n\n<p><strong>E o negro te deu o samba\u201d.<\/strong><\/p>\n\n\n\n<p>Paulinho da Viola certa vez mandou que beb\u00eassemos samba. Vamos beber? Queres uma boa bebida? Beba&nbsp;<strong>Toninho Tavernard. CD Estrela da Manh\u00e3<\/strong>.&nbsp; Asseguro, ter\u00e1s uma bebida de amor, de paz, de sossego, de musicalidade e de uma refinada poesia.Fonte &#8211; Adaides Batista dos Santos &#8211; Dad\u00e1<\/p>\n","protected":false},"excerpt":{"rendered":"<p>Toninho tem ber\u00e7o. Ouviu os tambores de Santa B\u00e1rbara desde cedo e participou de rodas de samba desde criancinha ouvindo e vendo o mestre Bainha cantar samba de enredo.<\/p>\n","protected":false},"author":1,"featured_media":0,"comment_status":"closed","ping_status":"open","sticky":false,"template":"","format":"standard","meta":{"_exactmetrics_skip_tracking":false,"_exactmetrics_sitenote_active":false,"_exactmetrics_sitenote_note":"","_exactmetrics_sitenote_category":0,"jetpack_post_was_ever_published":false,"_jetpack_newsletter_access":"","_jetpack_dont_email_post_to_subs":false,"_jetpack_newsletter_tier_id":0,"_jetpack_memberships_contains_paywalled_content":false,"_jetpack_memberships_contains_paid_content":false,"footnotes":"","jetpack_publicize_message":"","jetpack_publicize_feature_enabled":true,"jetpack_social_post_already_shared":true,"jetpack_social_options":{"image_generator_settings":{"template":"highway","enabled":false},"version":2}},"categories":[1],"tags":[692,827],"class_list":["post-34459","post","type-post","status-publish","format-standard","hentry","category-notas","tag-samba","tag-toninho-tavernard"],"jetpack_publicize_connections":[],"jetpack_sharing_enabled":true,"jetpack_featured_media_url":"","jetpack_shortlink":"https:\/\/wp.me\/p7wKYW-8XN","jetpack-related-posts":[],"_links":{"self":[{"href":"http:\/\/blogdalucianaoliveira.com.br\/blog\/wp-json\/wp\/v2\/posts\/34459","targetHints":{"allow":["GET"]}}],"collection":[{"href":"http:\/\/blogdalucianaoliveira.com.br\/blog\/wp-json\/wp\/v2\/posts"}],"about":[{"href":"http:\/\/blogdalucianaoliveira.com.br\/blog\/wp-json\/wp\/v2\/types\/post"}],"author":[{"embeddable":true,"href":"http:\/\/blogdalucianaoliveira.com.br\/blog\/wp-json\/wp\/v2\/users\/1"}],"replies":[{"embeddable":true,"href":"http:\/\/blogdalucianaoliveira.com.br\/blog\/wp-json\/wp\/v2\/comments?post=34459"}],"version-history":[{"count":1,"href":"http:\/\/blogdalucianaoliveira.com.br\/blog\/wp-json\/wp\/v2\/posts\/34459\/revisions"}],"predecessor-version":[{"id":34461,"href":"http:\/\/blogdalucianaoliveira.com.br\/blog\/wp-json\/wp\/v2\/posts\/34459\/revisions\/34461"}],"wp:attachment":[{"href":"http:\/\/blogdalucianaoliveira.com.br\/blog\/wp-json\/wp\/v2\/media?parent=34459"}],"wp:term":[{"taxonomy":"category","embeddable":true,"href":"http:\/\/blogdalucianaoliveira.com.br\/blog\/wp-json\/wp\/v2\/categories?post=34459"},{"taxonomy":"post_tag","embeddable":true,"href":"http:\/\/blogdalucianaoliveira.com.br\/blog\/wp-json\/wp\/v2\/tags?post=34459"}],"curies":[{"name":"wp","href":"https:\/\/api.w.org\/{rel}","templated":true}]}}