{"id":34465,"date":"2023-03-27T08:50:55","date_gmt":"2023-03-27T12:50:55","guid":{"rendered":"http:\/\/blogdalucianaoliveira.com.br\/blog\/?p=34465"},"modified":"2023-03-27T08:51:02","modified_gmt":"2023-03-27T12:51:02","slug":"relatorio-expoe-estrago-na-politica-ambiental-sob-bolsonaro","status":"publish","type":"post","link":"http:\/\/blogdalucianaoliveira.com.br\/blog\/2023\/03\/27\/relatorio-expoe-estrago-na-politica-ambiental-sob-bolsonaro\/","title":{"rendered":"Relat\u00f3rio exp\u00f5e estrago na pol\u00edtica ambiental sob Bolsonaro"},"content":{"rendered":"\n<figure class=\"wp-block-image size-large\"><img data-recalc-dims=\"1\" loading=\"lazy\" decoding=\"async\" width=\"600\" height=\"377\" data-attachment-id=\"34466\" data-permalink=\"http:\/\/blogdalucianaoliveira.com.br\/blog\/2023\/03\/27\/relatorio-expoe-estrago-na-politica-ambiental-sob-bolsonaro\/deforestation-and-fire-monitoring-in-the-amazon-in-july-2020monitoramento-de-desmatamento-e-queimadas-na-amazonia-em-julho-de-2020\/\" data-orig-file=\"https:\/\/i0.wp.com\/blogdalucianaoliveira.com.br\/blog\/wp-content\/uploads\/2023\/03\/9690860C-8A62-44D8-BA70-691FA97BB40D.jpeg?fit=800%2C503\" data-orig-size=\"800,503\" data-comments-opened=\"0\" data-image-meta=\"{&quot;aperture&quot;:&quot;7.1&quot;,&quot;credit&quot;:&quot;\\u00a9 Christian Braga \\\/ Greenpeace&quot;,&quot;camera&quot;:&quot;NIKON D600&quot;,&quot;caption&quot;:&quot;Forest remainders burning in an area registered by the last Prodes (Brazilian Amazon Satellite Monitoring Project), in Juara, Mato Grosso state.\\nEvery year, Greenpeace Brazil flies over the Amazon to monitor deforestation build up and forest fires. In July, 2020, flights were made over points with Deter (Real Time Deforestation Detection System) and fire warnings, made by Inpe (National Institute for Space Research), in Par\\u00e1 and Mato Grosso states.\\r\\nRestos de floresta sendo queimados em \\u00e1rea com registro de desmatamento pelo \\u00faltimo Prodes, em Juara (MT).\\nTodos os anos, o Greenpeace Brasil realiza uma s\\u00e9rie de sobrevoos de monitoramento para registrar o avan\\u00e7o do desmatamento e das queimadas na Amaz\\u00f4nia. Em julho de 2020, monitoramos pontos com alertas do Deter e de pontos de calor, do Inpe, nos estados do Par\\u00e1 e Mato Grosso.&quot;,&quot;created_timestamp&quot;:&quot;1594309976&quot;,&quot;copyright&quot;:&quot;\\u00a9 Christian Braga \\\/ Greenpeace&quot;,&quot;focal_length&quot;:&quot;300&quot;,&quot;iso&quot;:&quot;100&quot;,&quot;shutter_speed&quot;:&quot;0.001&quot;,&quot;title&quot;:&quot;Deforestation and Fire Monitoring in the Amazon in July, 2020\\r\\nMonitoramento de Desmatamento e Queimadas na Amaz\\u00f4nia em Julho de 2020&quot;,&quot;orientation&quot;:&quot;0&quot;}\" data-image-title=\"Deforestation and Fire Monitoring in the Amazon in July, 2020\r\nMonitoramento de Desmatamento e Queimadas na Amaz\u00f4nia em Julho de 2020\" data-image-description=\"\" data-image-caption=\"&lt;p&gt;Forest remainders burning in an area registered by the last Prodes (Brazilian Amazon Satellite Monitoring Project), in Juara, Mato Grosso state.&lt;br \/&gt;\nEvery year, Greenpeace Brazil flies over the Amazon to monitor deforestation build up and forest fires. In July, 2020, flights were made over points with Deter (Real Time Deforestation Detection System) and fire warnings, made by Inpe (National Institute for Space Research), in Par\u00e1 and Mato Grosso states.&lt;br \/&gt;\nRestos de floresta sendo queimados em \u00e1rea com registro de desmatamento pelo \u00faltimo Prodes, em Juara (MT).&lt;br \/&gt;\nTodos os anos, o Greenpeace Brasil realiza uma s\u00e9rie de sobrevoos de monitoramento para registrar o avan\u00e7o do desmatamento e das queimadas na Amaz\u00f4nia. Em julho de 2020, monitoramos pontos com alertas do Deter e de pontos de calor, do Inpe, nos estados do Par\u00e1 e Mato Grosso.&lt;\/p&gt;\n\" data-medium-file=\"https:\/\/i0.wp.com\/blogdalucianaoliveira.com.br\/blog\/wp-content\/uploads\/2023\/03\/9690860C-8A62-44D8-BA70-691FA97BB40D.jpeg?fit=300%2C189\" data-large-file=\"https:\/\/i0.wp.com\/blogdalucianaoliveira.com.br\/blog\/wp-content\/uploads\/2023\/03\/9690860C-8A62-44D8-BA70-691FA97BB40D.jpeg?fit=600%2C377\" src=\"https:\/\/i0.wp.com\/blogdalucianaoliveira.com.br\/blog\/wp-content\/uploads\/2023\/03\/9690860C-8A62-44D8-BA70-691FA97BB40D.jpeg?resize=600%2C377\" alt=\"\" class=\"wp-image-34466\" srcset=\"https:\/\/i0.wp.com\/blogdalucianaoliveira.com.br\/blog\/wp-content\/uploads\/2023\/03\/9690860C-8A62-44D8-BA70-691FA97BB40D.jpeg?w=800 800w, https:\/\/i0.wp.com\/blogdalucianaoliveira.com.br\/blog\/wp-content\/uploads\/2023\/03\/9690860C-8A62-44D8-BA70-691FA97BB40D.jpeg?resize=300%2C189 300w, https:\/\/i0.wp.com\/blogdalucianaoliveira.com.br\/blog\/wp-content\/uploads\/2023\/03\/9690860C-8A62-44D8-BA70-691FA97BB40D.jpeg?resize=768%2C483 768w, https:\/\/i0.wp.com\/blogdalucianaoliveira.com.br\/blog\/wp-content\/uploads\/2023\/03\/9690860C-8A62-44D8-BA70-691FA97BB40D.jpeg?resize=477%2C300 477w\" sizes=\"auto, (max-width: 600px) 100vw, 600px\" \/><\/figure>\n\n\n\n<h4 class=\"wp-block-heading\">Documento do Observat\u00f3rio do Clima mostra a din\u00e2mica do desmonte e elenca medidas a serem tomadas por Lula<\/h4>\n\n\n\n<!--more-->\n\n\n\n<p>Reda\u00e7\u00e3o Brasil de Fato | S\u00e3o Paulo (SP)\u00a0<\/p>\n\n\n\n<p>Um mandato presidencial sem nenhuma Terra Ind\u00edgena (TI) demarcada e, ao mesmo tempo,&nbsp;aumento de 212% nas invas\u00f5es e de 125% de atividades do garimpo ilegal nessas \u00e1reas.&nbsp;O maior aumento de desmatamento na Amaz\u00f4nia durante quatro anos. A maior alta nas emiss\u00f5es de gases estufa em 19 anos no pa\u00eds. Uma redu\u00e7\u00e3o de quase 40% das multas por desmatamento na regi\u00e3o amaz\u00f4nica.<\/p>\n\n\n\n<p>Esses s\u00e3o dados que detalham o que foi o legado do governo do ex-presidente&nbsp;Jair Bolsonaro (PL) para o meio ambiente. Apresentados pelo Observat\u00f3rio do Clima nesta segunda-feira (27), as informa\u00e7\u00f5es est\u00e3o compiladas no relat\u00f3rio &#8220;Nunca mais outra vez\u201d, o \u00faltimo volume da s\u00e9rie da organiza\u00e7\u00e3o sobre a \u201cnecropol\u00edtica ambiental\u201d praticada por&nbsp;Bolsonaro de 2018 a 2022.<\/p>\n\n\n\n<p>\u201cEst\u00e1 claro que a destrui\u00e7\u00e3o ambiental promovida nos \u00faltimos quatro anos foi planejada e cumprida de forma consciente, assim como as a\u00e7\u00f5es genocidas contra os povos ind\u00edgenas. Chegou a hora de investigar e punir os respons\u00e1veis, para que o Brasil n\u00e3o se esque\u00e7a, e para que nunca se repita\u201d, afirma Marcio Astrini, secret\u00e1rio-executivo do Observat\u00f3rio do Clima.\u00a0<br><\/p>\n\n\n\n<p>Um dos pontos que mais chamam aten\u00e7\u00e3o no relat\u00f3rio \u00e9 o baixo valor da m\u00e9dia anual de liquida\u00e7\u00e3o or\u00e7ament\u00e1ria nos \u00faltimos quatro anos: R$ 2,8 bilh\u00f5es. \u00c9 a m\u00e9dia mais baixa no setor ambiental dentre os sete mandatos presidenciais dispon\u00edveis no Sistema Integrado de Planejamento e Or\u00e7amento do Governo Federal (SIOP).&nbsp;<\/p>\n\n\n\n<p>Em 2022, o Minist\u00e9rio do Meio Ambiente liquidou apenas R$ 2,53 bilh\u00f5es, o montante mais baixo desde 2000.&nbsp;<\/p>\n\n\n\n<figure class=\"wp-block-image\"><img data-recalc-dims=\"1\" decoding=\"async\" src=\"https:\/\/i0.wp.com\/images03.brasildefato.com.br\/45738e835750e410ec0be0da14d4981a.jpeg?w=600&#038;ssl=1\" alt=\"\"\/><\/figure>\n\n\n\n<p><br>N\u00fameros do Minist\u00e9rio do Meio Ambiente e suas autarquias, o montante mais baixo desde 2000 na liquida\u00e7\u00e3o or\u00e7ament\u00e1ria \/ Observat\u00f3rio do Clima<\/p>\n\n\n\n<p>\u201cSem condi\u00e7\u00f5es pol\u00edticas de executar seu plano inicial de fechar o Minist\u00e9rio do Meio Ambiente e fundi-lo com a Agricultura, Bolsonaro fez a segunda \u2018melhor\u2019 coisa que podia: paralis\u00e1-lo na pr\u00e1tica, tornando-o uma casca vazia\u201d, diz o documento do OC.&nbsp;<\/p>\n\n\n\n<p>O documento elenca ainda medidas fundamentais a serem tomadas pelo Governo de Luiz In\u00e1cio Lula da Silva (PT) para reverter o desmonte da pol\u00edtica ambiental observado nos \u00faltimos anos, entre elas barrar o chamado \u201cPacote da Destrui\u00e7\u00e3o\u201d, que s\u00e3o um conjunto de projetos de lei que tramitam no Congresso Nacional, e anular a licen\u00e7a pr\u00e9via da BR-319, que fez o desmatamento aumentar em 122% na regi\u00e3o.<\/p>\n\n\n\n<p>Edi\u00e7\u00e3o: Daniel Lamir<\/p>\n","protected":false},"excerpt":{"rendered":"<p>Documento do Observat\u00f3rio do Clima mostra a din\u00e2mica do desmonte e elenca medidas a serem tomadas por Lula<\/p>\n","protected":false},"author":1,"featured_media":0,"comment_status":"closed","ping_status":"open","sticky":false,"template":"","format":"standard","meta":{"_exactmetrics_skip_tracking":false,"_exactmetrics_sitenote_active":false,"_exactmetrics_sitenote_note":"","_exactmetrics_sitenote_category":0,"jetpack_post_was_ever_published":false,"_jetpack_newsletter_access":"","_jetpack_dont_email_post_to_subs":false,"_jetpack_newsletter_tier_id":0,"_jetpack_memberships_contains_paywalled_content":false,"_jetpack_memberships_contains_paid_content":false,"footnotes":"","jetpack_publicize_message":"","jetpack_publicize_feature_enabled":true,"jetpack_social_post_already_shared":true,"jetpack_social_options":{"image_generator_settings":{"template":"highway","enabled":false},"version":2}},"categories":[1],"tags":[],"class_list":["post-34465","post","type-post","status-publish","format-standard","hentry","category-notas"],"jetpack_publicize_connections":[],"jetpack_sharing_enabled":true,"jetpack_featured_media_url":"","jetpack_shortlink":"https:\/\/wp.me\/p7wKYW-8XT","jetpack-related-posts":[],"_links":{"self":[{"href":"http:\/\/blogdalucianaoliveira.com.br\/blog\/wp-json\/wp\/v2\/posts\/34465","targetHints":{"allow":["GET"]}}],"collection":[{"href":"http:\/\/blogdalucianaoliveira.com.br\/blog\/wp-json\/wp\/v2\/posts"}],"about":[{"href":"http:\/\/blogdalucianaoliveira.com.br\/blog\/wp-json\/wp\/v2\/types\/post"}],"author":[{"embeddable":true,"href":"http:\/\/blogdalucianaoliveira.com.br\/blog\/wp-json\/wp\/v2\/users\/1"}],"replies":[{"embeddable":true,"href":"http:\/\/blogdalucianaoliveira.com.br\/blog\/wp-json\/wp\/v2\/comments?post=34465"}],"version-history":[{"count":1,"href":"http:\/\/blogdalucianaoliveira.com.br\/blog\/wp-json\/wp\/v2\/posts\/34465\/revisions"}],"predecessor-version":[{"id":34467,"href":"http:\/\/blogdalucianaoliveira.com.br\/blog\/wp-json\/wp\/v2\/posts\/34465\/revisions\/34467"}],"wp:attachment":[{"href":"http:\/\/blogdalucianaoliveira.com.br\/blog\/wp-json\/wp\/v2\/media?parent=34465"}],"wp:term":[{"taxonomy":"category","embeddable":true,"href":"http:\/\/blogdalucianaoliveira.com.br\/blog\/wp-json\/wp\/v2\/categories?post=34465"},{"taxonomy":"post_tag","embeddable":true,"href":"http:\/\/blogdalucianaoliveira.com.br\/blog\/wp-json\/wp\/v2\/tags?post=34465"}],"curies":[{"name":"wp","href":"https:\/\/api.w.org\/{rel}","templated":true}]}}