{"id":34470,"date":"2023-03-29T09:52:18","date_gmt":"2023-03-29T13:52:18","guid":{"rendered":"http:\/\/blogdalucianaoliveira.com.br\/blog\/?p=34470"},"modified":"2023-03-29T09:52:21","modified_gmt":"2023-03-29T13:52:21","slug":"nota-tecnica-15-extremismo-violento-em-ambiente-escolar","status":"publish","type":"post","link":"http:\/\/blogdalucianaoliveira.com.br\/blog\/2023\/03\/29\/nota-tecnica-15-extremismo-violento-em-ambiente-escolar\/","title":{"rendered":"NOTA T\u00c9CNICA 15: Extremismo violento em ambiente escolar"},"content":{"rendered":"\n<figure class=\"wp-block-image size-large\"><img data-recalc-dims=\"1\" loading=\"lazy\" decoding=\"async\" width=\"259\" height=\"195\" data-attachment-id=\"34472\" data-permalink=\"http:\/\/blogdalucianaoliveira.com.br\/blog\/2023\/03\/29\/nota-tecnica-15-extremismo-violento-em-ambiente-escolar\/7c3878da-35d7-466c-b427-c96c8e57667d\/\" data-orig-file=\"https:\/\/i0.wp.com\/blogdalucianaoliveira.com.br\/blog\/wp-content\/uploads\/2023\/03\/7C3878DA-35D7-466C-B427-C96C8E57667D.jpeg?fit=259%2C195\" data-orig-size=\"259,195\" data-comments-opened=\"0\" data-image-meta=\"{&quot;aperture&quot;:&quot;0&quot;,&quot;credit&quot;:&quot;&quot;,&quot;camera&quot;:&quot;&quot;,&quot;caption&quot;:&quot;&quot;,&quot;created_timestamp&quot;:&quot;0&quot;,&quot;copyright&quot;:&quot;&quot;,&quot;focal_length&quot;:&quot;0&quot;,&quot;iso&quot;:&quot;0&quot;,&quot;shutter_speed&quot;:&quot;0&quot;,&quot;title&quot;:&quot;&quot;,&quot;orientation&quot;:&quot;0&quot;}\" data-image-title=\"7C3878DA-35D7-466C-B427-C96C8E57667D\" data-image-description=\"\" data-image-caption=\"\" data-medium-file=\"https:\/\/i0.wp.com\/blogdalucianaoliveira.com.br\/blog\/wp-content\/uploads\/2023\/03\/7C3878DA-35D7-466C-B427-C96C8E57667D.jpeg?fit=259%2C195\" data-large-file=\"https:\/\/i0.wp.com\/blogdalucianaoliveira.com.br\/blog\/wp-content\/uploads\/2023\/03\/7C3878DA-35D7-466C-B427-C96C8E57667D.jpeg?fit=259%2C195\" src=\"https:\/\/i0.wp.com\/blogdalucianaoliveira.com.br\/blog\/wp-content\/uploads\/2023\/03\/7C3878DA-35D7-466C-B427-C96C8E57667D.jpeg?resize=259%2C195\" alt=\"\" class=\"wp-image-34472\"\/><\/figure>\n\n\n\n<p><br><strong>Por Michele Prado<\/strong> &#8211; Nesta segunda-feira, dia 27\/03\/2023, mais uma vez um atentado de extremismo violento em ambiente escolar, praticado por um adolescente de apenas 13 anos, chocou o pa\u00eds. O ataque vitimou fatalmente uma professora e deixou quatro pessoas feridas. <br><\/p>\n\n\n\n<!--more Leia mais-->\n\n\n\n<p>Este epis\u00f3dio de extremismo violento est\u00e1, novamente, relacionado \u00e0s subculturas extremistas que atuam como hubs de radicaliza\u00e7\u00e3o online para o extremismo violento e que atingem um p\u00fablico com faixa et\u00e1ria cada vez mais jovem (a partir dos 10 anos). O ataque \u00e9 o cume de um processo de acelera\u00e7\u00e3o deste tipo de epis\u00f3dio que levou a 10 ataques a escolas nos \u00faltimos 13 meses. Nesta nota, enfatizamos a rela\u00e7\u00e3o deste epis\u00f3dio com as comunidades online, destacamos o grande n\u00famero de ataques desde mar\u00e7o de 2022 e lembramos os protocolos estabelecidos por estudiosos para serem adotados por pais e respons\u00e1veis e pela imprensa.<\/p>\n\n\n\n<p>O agressor habitava uma subcultura online letal que glorifica atentados terroristas, massacres, atiradores em massa, idea\u00e7\u00e3o suicida e viol\u00eancia extrema e que dissemina teses pseudocient\u00edficas de psicologia e biologia evolutiva para justificar ordem sociais hierarquizadas por g\u00eanero\/ etnia\/ religi\u00e3o, conte\u00fados com revisionismo hist\u00f3rico, apologia ao nazismo, conte\u00fados de aceleracionismo militante de extrema direita, instru\u00e7\u00f5es para fabrica\u00e7\u00e3o de armas e bombas caseiras e um profundo niilismo e misantropia. Ao menos seis agressores respons\u00e1veis por atentados de extremismo violento e\/ ou tentativas no \u00faltimo ano aqui no Brasil, exibiram (atrav\u00e9s de an\u00e1lise de suas pegadas digitais) conex\u00f5es diretas com a subcultura online extremista e letal True Crime Community e outras subculturas ligadas \u00e0 \u201cblack pill\u201d como a \u201cincelsfera\u201d.<br> O agressor da \u00faltima segunda-feira anunciou previamente em sua rede social na plataforma Twitter a idea\u00e7\u00e3o do ataque, sendo encorajado por outros usu\u00e1rios que tamb\u00e9m participam desta subcultura. Al\u00e9m da viol\u00eancia extrema, nessa subcultura online h\u00e1 um extenso conte\u00fado com misoginia, racismo, antissemitismo e uma vasta constela\u00e7\u00e3o de queixas e supremacismos de v\u00e1rios espectros (racial\/ g\u00eanero\/ pol\u00edtico e religioso). \u00c9 poss\u00edvel notar tamb\u00e9m a fetichiza\u00e7\u00e3o de doen\u00e7as mentais (\u201cschizopostings\u201d), o incentivo \u00e0 automutila\u00e7\u00e3o e ao suic\u00eddio e a viol\u00eancia extrema contra animais. Importante ressaltar, por\u00e9m, que apenas uma minoria dentre esses indiv\u00edduos radicalizados chegar\u00e3o ao extremo de praticar de fato uma a\u00e7\u00e3o violenta.<br> No TikTok, as hashtags relacionadas \u00e0 essa subcultura online extremista s\u00e3o abundantes e circulam livremente como mostra levantamento realizado no per\u00edodo de dezembro de 2022 a janeiro de 2023 pela equipe do N\u00facleo Jornalismo.1 O levantamento encontrou aproximadamente 344 milh\u00f5es de visualiza\u00e7\u00f5es relativas aos conte\u00fados de extremismo violento online produzidos por usu\u00e1rios dessa subcultura.<br> Compreender de que forma os ecossistemas digitais mais amplos como a \u201cmanosfera\u201d e as suas ramifica\u00e7\u00f5es (comunidades \u201cred pill\u201d) e as subculturas online extremistas tangenciais s\u00e3o portas de entrada para a radicaliza\u00e7\u00e3o dos jovens que realizam ataques \u00e9 um dos nossos principais desafios.<\/p>\n\n\n\n<p>Evolu\u00e7\u00e3o hist\u00f3rica dos ataques<br> Quando olhamos para a progress\u00e3o dos ataques a escolas, vemos um crescimento muito acelerado, com 10 dos 22 ataques que pudemos identificar desde 2002 acontecendo nos \u00faltimos 13 meses. Se inclu\u00edssemos na lista as tentativas frustradas, o n\u00famero subiria assombrosamente.<\/p>\n\n\n\n<figure class=\"wp-block-image size-large\"><img loading=\"lazy\" decoding=\"async\" width=\"1036\" height=\"1523\" data-attachment-id=\"34471\" data-permalink=\"http:\/\/blogdalucianaoliveira.com.br\/blog\/2023\/03\/29\/nota-tecnica-15-extremismo-violento-em-ambiente-escolar\/b7ce25ad-d067-439b-8c28-a6f9e2544984\/\" data-orig-file=\"https:\/\/i0.wp.com\/blogdalucianaoliveira.com.br\/blog\/wp-content\/uploads\/2023\/03\/B7CE25AD-D067-439B-8C28-A6F9E2544984.jpeg?fit=1036%2C1523\" data-orig-size=\"1036,1523\" data-comments-opened=\"0\" data-image-meta=\"{&quot;aperture&quot;:&quot;0&quot;,&quot;credit&quot;:&quot;&quot;,&quot;camera&quot;:&quot;&quot;,&quot;caption&quot;:&quot;&quot;,&quot;created_timestamp&quot;:&quot;0&quot;,&quot;copyright&quot;:&quot;&quot;,&quot;focal_length&quot;:&quot;0&quot;,&quot;iso&quot;:&quot;0&quot;,&quot;shutter_speed&quot;:&quot;0&quot;,&quot;title&quot;:&quot;&quot;,&quot;orientation&quot;:&quot;1&quot;}\" data-image-title=\"B7CE25AD-D067-439B-8C28-A6F9E2544984\" data-image-description=\"\" data-image-caption=\"\" data-medium-file=\"https:\/\/i0.wp.com\/blogdalucianaoliveira.com.br\/blog\/wp-content\/uploads\/2023\/03\/B7CE25AD-D067-439B-8C28-A6F9E2544984.jpeg?fit=204%2C300\" data-large-file=\"https:\/\/i0.wp.com\/blogdalucianaoliveira.com.br\/blog\/wp-content\/uploads\/2023\/03\/B7CE25AD-D067-439B-8C28-A6F9E2544984.jpeg?fit=600%2C881\" src=\"https:\/\/i0.wp.com\/blogdalucianaoliveira.com.br\/blog\/wp-content\/uploads\/2023\/03\/B7CE25AD-D067-439B-8C28-A6F9E2544984.jpeg?fit=600%2C881\" alt=\"\" class=\"wp-image-34471\" srcset=\"https:\/\/i0.wp.com\/blogdalucianaoliveira.com.br\/blog\/wp-content\/uploads\/2023\/03\/B7CE25AD-D067-439B-8C28-A6F9E2544984.jpeg?w=1036 1036w, https:\/\/i0.wp.com\/blogdalucianaoliveira.com.br\/blog\/wp-content\/uploads\/2023\/03\/B7CE25AD-D067-439B-8C28-A6F9E2544984.jpeg?resize=204%2C300 204w, https:\/\/i0.wp.com\/blogdalucianaoliveira.com.br\/blog\/wp-content\/uploads\/2023\/03\/B7CE25AD-D067-439B-8C28-A6F9E2544984.jpeg?resize=697%2C1024 697w, https:\/\/i0.wp.com\/blogdalucianaoliveira.com.br\/blog\/wp-content\/uploads\/2023\/03\/B7CE25AD-D067-439B-8C28-A6F9E2544984.jpeg?resize=768%2C1129 768w\" sizes=\"auto, (max-width: 600px) 100vw, 600px\" \/><\/figure>\n\n\n\n<p>Protocolos para a imprensa e para os pais<\/p>\n\n\n\n<p><br> A seguir, lembramos os protocolos estabelecidos por especialistas sobre como imprensa e os pais devem se comportar nos epis\u00f3dios de ataques a escolas.<\/p>\n\n\n\n<p><br> IMPRENSA<\/p>\n\n\n\n<p><br> A amplifica\u00e7\u00e3o de v\u00eddeos, fotos e manifestos, aumenta o status intragrupo do agressor e incide no potencial de imitadores a curto e longo prazo.<br> O papel da imprensa para mitigar danos durante o per\u00edodo que sucede o epis\u00f3dio de extremismo violento em ambiente escolar \u00e9 fundamental. A abordagem na cobertura do evento pode auxiliar a minimizar o \u201cefeito cont\u00e1gio\u201d. A janela para potenciais imitadores \u00e9 de aproximadamente 13 dias. Quanto mais as coberturas da m\u00eddia disseminam fotos do agressor, manifestos, conversas e imagens do atentado, maior ser\u00e1 a amplifica\u00e7\u00e3o do ato e consequentemente a amplia\u00e7\u00e3o do \u201cstatus intragrupo\u201d2 do agressor \u2014o que faz crescer tamb\u00e9m o potencial de imitadores.<br> Manifestos, v\u00eddeos, fotos e marcadores est\u00e9ticos (como o uso de suspens\u00f3rios, camisetas com a express\u00e3o \u201cNatural Selection\u201d, m\u00e1scaras \u201cskull mask\u201d, entre outros) s\u00e3o importantes e cultuados dentro dessas subculturas online extremistas e s\u00e3o utilizados com dupla finalidade: por um lado, para atingir tanto os pares intragrupo e aumentar a sensa\u00e7\u00e3o de pertencimento, negocia\u00e7\u00e3o (coletiva) de identidade e status e, de outro, para amplificar pela m\u00eddia a imagem autopercebida e provocar rea\u00e7\u00e3o na sociedade. Vale destacar que os agressores est\u00e3o imersos numa autopercep\u00e7\u00e3o distorcida de que s\u00e3o \u201cher\u00f3is\u201d, \u201cm\u00e1rtires\u201d e que est\u00e3o se purificando (no sentido religioso) ao cometerem o atentado.<br> A divulga\u00e7\u00e3o das queixas do agressor deve ser evitada.<br> Nessas subculturas existe uma constela\u00e7\u00e3o de queixas, algumas realmente leg\u00edtimas (bullying, viol\u00eancia dom\u00e9stica, inadequa\u00e7\u00e3o social) mas outras provenientes do ac\u00famulo de teorias conspirat\u00f3rias e conte\u00fados extremistas. Quando a m\u00eddia difunde essas queixas, outros indiv\u00edduos podem se identificar com elas e passar a acreditar que o extremismo violento foi uma resposta adequada.<br> N\u00e3o se deve nomear o agressor.<br> Nas subculturas extremistas online, os jovens buscam notoriedade alcan\u00e7ando um n\u00famero de v\u00edtimas maior do que o de algum outro agressor cultuado. Quanto maior o n\u00famero de v\u00edtimas, maior o status intragrupo e quanto maior for a notoriedade de seu nome social e\/ ou apelido, mais aumenta a percep\u00e7\u00e3o de recompensa, tanto para o agressor, quanto para outros indiv\u00edduos que est\u00e3o sendo radicalizados nessas subculturas.<\/p>\n\n\n\n<p>M\u00c3ES E PAIS, PROFESSORES E PROFISSIONAIS DE SA\u00daDE MENTAL<\/p>\n\n\n\n<p><br> A linha de frente para o reconhecimento (e os mais aptos a responderem de forma efetiva) aos sinais de radicaliza\u00e7\u00e3o de jovens s\u00e3o as pessoas mais pr\u00f3ximas, dentro e fora de casa. Pais e cuidadores, l\u00edderes de comunidades nas quais os jovens est\u00e3o inseridos (seja no ambiente f\u00edsico ou virtual), professores, amigos e conhecidos pr\u00f3ximos (como colegas de escola) s\u00e3o as pessoas mais aptas a perceber os sinais.<br> Recomendamos aten\u00e7\u00e3o aos sinais para uma preven\u00e7\u00e3o e interven\u00e7\u00e3o (em negrito os marcadores mais preocupantes e que indicam interven\u00e7\u00e3o urgente).<br> \u2022 Cren\u00e7as em teorias conspirat\u00f3rias que sugerem um decl\u00ednio da popula\u00e7\u00e3o branca e\/ ou de homens e que sugerem tamb\u00e9m como fator desse decl\u00ednio, outros grupos como negros, mulheres, judeus, LGBTQIA+, imigrantes e grupos minorit\u00e1rios. Exemplos: Teoria Conspirat\u00f3ria supremacista da Grande substitui\u00e7\u00e3o\/ Genoc\u00eddio Branco; Teoria Conspirat\u00f3ria Eur\u00e1bia; Teoria conspirat\u00f3ria QAnon;<br> \u2022 Produ\u00e7\u00e3o e\/ou compartilhamento de conceitos associados ao racismo cient\u00edfico como realismo racial e &#8220;biodiversidade humana&#8221;;<br> \u2022 Consumo e dissemina\u00e7\u00e3o de conte\u00fados com viol\u00eancia extrema\/ atentados terroristas e tiroteios em massa (em subculturas online extremistas cono tcctwt e gore);<br> \u2022 Isolamento social;<br> \u2022 Fixa\u00e7\u00e3o em temas relacionados a armamentos e blitzkrieg alem\u00e3es da Segunda<br> Guerra;<br> \u2022 Discursos e dissemina\u00e7\u00e3o de conte\u00fados nos quais existem teorias conspirat\u00f3rias<br> de que um grupo oculto (geralmente judeus) est\u00e3o controlando toda a sociedade;<br> \u2022 Cren\u00e7a de que a viol\u00eancia \u00e9 a \u00fanica solu\u00e7\u00e3o para as suas demandas;<br> \u2022 Amea\u00e7as verbais ou escritas de realiza\u00e7\u00e3o de a\u00e7\u00f5es violentas extremas<\/p>\n","protected":false},"excerpt":{"rendered":"<p>Por Michele Prado &#8211; Nesta segunda-feira, dia 27\/03\/2023, mais uma vez um atentado de extremismo violento em ambiente escolar, praticado por um adolescente de apenas 13 anos, chocou o pa\u00eds. O ataque vitimou fatalmente uma professora e deixou quatro pessoas feridas.<\/p>\n","protected":false},"author":1,"featured_media":0,"comment_status":"closed","ping_status":"open","sticky":false,"template":"","format":"standard","meta":{"_exactmetrics_skip_tracking":false,"_exactmetrics_sitenote_active":false,"_exactmetrics_sitenote_note":"","_exactmetrics_sitenote_category":0,"jetpack_post_was_ever_published":false,"_jetpack_newsletter_access":"","_jetpack_dont_email_post_to_subs":false,"_jetpack_newsletter_tier_id":0,"_jetpack_memberships_contains_paywalled_content":false,"_jetpack_memberships_contains_paid_content":false,"footnotes":"","jetpack_publicize_message":"","jetpack_publicize_feature_enabled":true,"jetpack_social_post_already_shared":true,"jetpack_social_options":{"image_generator_settings":{"template":"highway","enabled":false},"version":2}},"categories":[1],"tags":[],"class_list":["post-34470","post","type-post","status-publish","format-standard","hentry","category-notas"],"jetpack_publicize_connections":[],"jetpack_sharing_enabled":true,"jetpack_featured_media_url":"","jetpack_shortlink":"https:\/\/wp.me\/p7wKYW-8XY","jetpack-related-posts":[],"_links":{"self":[{"href":"http:\/\/blogdalucianaoliveira.com.br\/blog\/wp-json\/wp\/v2\/posts\/34470","targetHints":{"allow":["GET"]}}],"collection":[{"href":"http:\/\/blogdalucianaoliveira.com.br\/blog\/wp-json\/wp\/v2\/posts"}],"about":[{"href":"http:\/\/blogdalucianaoliveira.com.br\/blog\/wp-json\/wp\/v2\/types\/post"}],"author":[{"embeddable":true,"href":"http:\/\/blogdalucianaoliveira.com.br\/blog\/wp-json\/wp\/v2\/users\/1"}],"replies":[{"embeddable":true,"href":"http:\/\/blogdalucianaoliveira.com.br\/blog\/wp-json\/wp\/v2\/comments?post=34470"}],"version-history":[{"count":1,"href":"http:\/\/blogdalucianaoliveira.com.br\/blog\/wp-json\/wp\/v2\/posts\/34470\/revisions"}],"predecessor-version":[{"id":34473,"href":"http:\/\/blogdalucianaoliveira.com.br\/blog\/wp-json\/wp\/v2\/posts\/34470\/revisions\/34473"}],"wp:attachment":[{"href":"http:\/\/blogdalucianaoliveira.com.br\/blog\/wp-json\/wp\/v2\/media?parent=34470"}],"wp:term":[{"taxonomy":"category","embeddable":true,"href":"http:\/\/blogdalucianaoliveira.com.br\/blog\/wp-json\/wp\/v2\/categories?post=34470"},{"taxonomy":"post_tag","embeddable":true,"href":"http:\/\/blogdalucianaoliveira.com.br\/blog\/wp-json\/wp\/v2\/tags?post=34470"}],"curies":[{"name":"wp","href":"https:\/\/api.w.org\/{rel}","templated":true}]}}