{"id":34474,"date":"2023-04-03T18:29:55","date_gmt":"2023-04-03T22:29:55","guid":{"rendered":"http:\/\/blogdalucianaoliveira.com.br\/blog\/?p=34474"},"modified":"2023-04-03T18:30:03","modified_gmt":"2023-04-03T22:30:03","slug":"censo-registra-1-652-876-pessoas-indigenas-no-brasil","status":"publish","type":"post","link":"http:\/\/blogdalucianaoliveira.com.br\/blog\/2023\/04\/03\/censo-registra-1-652-876-pessoas-indigenas-no-brasil\/","title":{"rendered":"Censo registra 1.652.876 pessoas ind\u00edgenas no Brasil"},"content":{"rendered":"\n<figure class=\"wp-block-image size-large\"><img data-recalc-dims=\"1\" loading=\"lazy\" decoding=\"async\" width=\"600\" height=\"362\" data-attachment-id=\"34475\" data-permalink=\"http:\/\/blogdalucianaoliveira.com.br\/blog\/2023\/04\/03\/censo-registra-1-652-876-pessoas-indigenas-no-brasil\/640c13b0-d628-4bcd-9c82-5239bec30547\/\" data-orig-file=\"https:\/\/i0.wp.com\/blogdalucianaoliveira.com.br\/blog\/wp-content\/uploads\/2023\/04\/640C13B0-D628-4BCD-9C82-5239BEC30547.jpeg?fit=754%2C455\" data-orig-size=\"754,455\" data-comments-opened=\"0\" data-image-meta=\"{&quot;aperture&quot;:&quot;4&quot;,&quot;credit&quot;:&quot;Ricardo Stuckert&quot;,&quot;camera&quot;:&quot;Canon EOS R3&quot;,&quot;caption&quot;:&quot;13.03.2023 - Presidente da Rep\\u00fablica, Luiz In\\u00e1cio Lula da Silva, durante 52\\u00aa Assembleia Geral dos Povos Ind\\u00edgenas de Roraima. Centro Regional das Lideran\\u00e7as Ind\\u00edgenas, Lago do Caracaran\\u00e3 \\u2013 Terra Ind\\u00edgena Raposa Serra do Sol, Roraima - RR - Foto: Ricardo Stuckert\\\/PR&quot;,&quot;created_timestamp&quot;:&quot;1678713765&quot;,&quot;copyright&quot;:&quot;&quot;,&quot;focal_length&quot;:&quot;70&quot;,&quot;iso&quot;:&quot;100&quot;,&quot;shutter_speed&quot;:&quot;0.003125&quot;,&quot;title&quot;:&quot;&quot;,&quot;orientation&quot;:&quot;1&quot;}\" data-image-title=\"640C13B0-D628-4BCD-9C82-5239BEC30547\" data-image-description=\"\" data-image-caption=\"&lt;p&gt;13.03.2023 &amp;#8211; Presidente da Rep\u00fablica, Luiz In\u00e1cio Lula da Silva, durante 52\u00aa Assembleia Geral dos Povos Ind\u00edgenas de Roraima. Centro Regional das Lideran\u00e7as Ind\u00edgenas, Lago do Caracaran\u00e3 \u2013 Terra Ind\u00edgena Raposa Serra do Sol, Roraima &amp;#8211; RR &amp;#8211; Foto: Ricardo Stuckert\/PR&lt;\/p&gt;\n\" data-medium-file=\"https:\/\/i0.wp.com\/blogdalucianaoliveira.com.br\/blog\/wp-content\/uploads\/2023\/04\/640C13B0-D628-4BCD-9C82-5239BEC30547.jpeg?fit=300%2C181\" data-large-file=\"https:\/\/i0.wp.com\/blogdalucianaoliveira.com.br\/blog\/wp-content\/uploads\/2023\/04\/640C13B0-D628-4BCD-9C82-5239BEC30547.jpeg?fit=600%2C362\" src=\"https:\/\/i0.wp.com\/blogdalucianaoliveira.com.br\/blog\/wp-content\/uploads\/2023\/04\/640C13B0-D628-4BCD-9C82-5239BEC30547.jpeg?resize=600%2C362\" alt=\"\" class=\"wp-image-34475\" srcset=\"https:\/\/i0.wp.com\/blogdalucianaoliveira.com.br\/blog\/wp-content\/uploads\/2023\/04\/640C13B0-D628-4BCD-9C82-5239BEC30547.jpeg?w=754 754w, https:\/\/i0.wp.com\/blogdalucianaoliveira.com.br\/blog\/wp-content\/uploads\/2023\/04\/640C13B0-D628-4BCD-9C82-5239BEC30547.jpeg?resize=300%2C181 300w, https:\/\/i0.wp.com\/blogdalucianaoliveira.com.br\/blog\/wp-content\/uploads\/2023\/04\/640C13B0-D628-4BCD-9C82-5239BEC30547.jpeg?resize=497%2C300 497w\" sizes=\"auto, (max-width: 600px) 100vw, 600px\" \/><\/figure>\n\n\n\n<p>Ag\u00eancia Brasil &#8211; O Instituto Brasileiro de Geografia e Estat\u00edstica (IBGE) informou nesta segunda-feira (3) que o Censo Demogr\u00e1fico j\u00e1 registra 1.652.876 pessoas ind\u00edgenas em todo o pa\u00eds, incluindo a coleta conclu\u00edda na Terra Ind\u00edgena Yanomami, dividida entre os estados de Roraima e Amazonas.<\/p>\n\n\n\n<!--more-->\n\n\n\n<p>Na TI Yanomami, foram recenseadas 27.144 pessoas ind\u00edgenas, sendo 16.864 em Roraima e 10.280 no Amazonas. Desse total, 5.600 ind\u00edgenas foram recenseados em \u00e1reas mais remotas, com apoio de agentes e helic\u00f3pteros da Pol\u00edcia Rodovi\u00e1ria Federal (PRF).<\/p>\n\n\n\n<p>O IBGE destacou que o n\u00famero de 1.652.876 pessoas ind\u00edgenas registrado at\u00e9 o momento no pa\u00eds \u00e9 preliminar. Ele deve passar por tratamento estat\u00edstico posterior \u00e0 coleta de dados e, com isso, dever\u00e1 aumentar at\u00e9 a divulga\u00e7\u00e3o dos primeiros resultados definitivos, prevista para a primeira semana de maio.<\/p>\n\n\n\n<p>A opera\u00e7\u00e3o envolveu institui\u00e7\u00f5es dos minist\u00e9rios da Justi\u00e7a e Seguran\u00e7a P\u00fablica, da Defesa, dos Povos Ind\u00edgenas e da Sa\u00fade, al\u00e9m do Minist\u00e9rio do Planejamento e Or\u00e7amento, respons\u00e1vel pela coordena\u00e7\u00e3o dos trabalhos, e contou, ainda, com o apoio do governo de Roraima.<\/p>\n","protected":false},"excerpt":{"rendered":"<p>Ag\u00eancia Brasil &#8211; O Instituto Brasileiro de Geografia e Estat\u00edstica (IBGE) informou nesta segunda-feira (3) que o Censo Demogr\u00e1fico j\u00e1 registra 1.652.876 pessoas ind\u00edgenas em todo o pa\u00eds, incluindo a coleta conclu\u00edda na Terra Ind\u00edgena Yanomami, dividida entre os estados de Roraima e Amazonas.<\/p>\n","protected":false},"author":1,"featured_media":0,"comment_status":"closed","ping_status":"open","sticky":false,"template":"","format":"standard","meta":{"_exactmetrics_skip_tracking":false,"_exactmetrics_sitenote_active":false,"_exactmetrics_sitenote_note":"","_exactmetrics_sitenote_category":0,"jetpack_post_was_ever_published":false,"_jetpack_newsletter_access":"","_jetpack_dont_email_post_to_subs":false,"_jetpack_newsletter_tier_id":0,"_jetpack_memberships_contains_paywalled_content":false,"_jetpack_memberships_contains_paid_content":false,"footnotes":"","jetpack_publicize_message":"","jetpack_publicize_feature_enabled":true,"jetpack_social_post_already_shared":true,"jetpack_social_options":{"image_generator_settings":{"template":"highway","enabled":false},"version":2}},"categories":[1],"tags":[],"class_list":["post-34474","post","type-post","status-publish","format-standard","hentry","category-notas"],"jetpack_publicize_connections":[],"jetpack_sharing_enabled":true,"jetpack_featured_media_url":"","jetpack_shortlink":"https:\/\/wp.me\/p7wKYW-8Y2","jetpack-related-posts":[],"_links":{"self":[{"href":"http:\/\/blogdalucianaoliveira.com.br\/blog\/wp-json\/wp\/v2\/posts\/34474","targetHints":{"allow":["GET"]}}],"collection":[{"href":"http:\/\/blogdalucianaoliveira.com.br\/blog\/wp-json\/wp\/v2\/posts"}],"about":[{"href":"http:\/\/blogdalucianaoliveira.com.br\/blog\/wp-json\/wp\/v2\/types\/post"}],"author":[{"embeddable":true,"href":"http:\/\/blogdalucianaoliveira.com.br\/blog\/wp-json\/wp\/v2\/users\/1"}],"replies":[{"embeddable":true,"href":"http:\/\/blogdalucianaoliveira.com.br\/blog\/wp-json\/wp\/v2\/comments?post=34474"}],"version-history":[{"count":1,"href":"http:\/\/blogdalucianaoliveira.com.br\/blog\/wp-json\/wp\/v2\/posts\/34474\/revisions"}],"predecessor-version":[{"id":34476,"href":"http:\/\/blogdalucianaoliveira.com.br\/blog\/wp-json\/wp\/v2\/posts\/34474\/revisions\/34476"}],"wp:attachment":[{"href":"http:\/\/blogdalucianaoliveira.com.br\/blog\/wp-json\/wp\/v2\/media?parent=34474"}],"wp:term":[{"taxonomy":"category","embeddable":true,"href":"http:\/\/blogdalucianaoliveira.com.br\/blog\/wp-json\/wp\/v2\/categories?post=34474"},{"taxonomy":"post_tag","embeddable":true,"href":"http:\/\/blogdalucianaoliveira.com.br\/blog\/wp-json\/wp\/v2\/tags?post=34474"}],"curies":[{"name":"wp","href":"https:\/\/api.w.org\/{rel}","templated":true}]}}