{"id":34479,"date":"2023-04-17T12:08:09","date_gmt":"2023-04-17T16:08:09","guid":{"rendered":"http:\/\/blogdalucianaoliveira.com.br\/blog\/?p=34479"},"modified":"2023-04-17T12:08:15","modified_gmt":"2023-04-17T16:08:15","slug":"fashion-revolution-divulga-programacao-em-porto-velho","status":"publish","type":"post","link":"http:\/\/blogdalucianaoliveira.com.br\/blog\/2023\/04\/17\/fashion-revolution-divulga-programacao-em-porto-velho\/","title":{"rendered":"Fashion Revolution divulga programa\u00e7\u00e3o em Porto Velho"},"content":{"rendered":"\n<figure class=\"wp-block-image size-large\"><img data-recalc-dims=\"1\" loading=\"lazy\" decoding=\"async\" width=\"600\" height=\"403\" data-attachment-id=\"34480\" data-permalink=\"http:\/\/blogdalucianaoliveira.com.br\/blog\/2023\/04\/17\/fashion-revolution-divulga-programacao-em-porto-velho\/917f19f6-7f4a-4858-99a9-1a153ecb2578\/\" data-orig-file=\"https:\/\/i0.wp.com\/blogdalucianaoliveira.com.br\/blog\/wp-content\/uploads\/2023\/04\/917F19F6-7F4A-4858-99A9-1A153ECB2578.jpeg?fit=820%2C551\" data-orig-size=\"820,551\" data-comments-opened=\"0\" data-image-meta=\"{&quot;aperture&quot;:&quot;0&quot;,&quot;credit&quot;:&quot;&quot;,&quot;camera&quot;:&quot;&quot;,&quot;caption&quot;:&quot;&quot;,&quot;created_timestamp&quot;:&quot;0&quot;,&quot;copyright&quot;:&quot;&quot;,&quot;focal_length&quot;:&quot;0&quot;,&quot;iso&quot;:&quot;0&quot;,&quot;shutter_speed&quot;:&quot;0&quot;,&quot;title&quot;:&quot;&quot;,&quot;orientation&quot;:&quot;1&quot;}\" data-image-title=\"917F19F6-7F4A-4858-99A9-1A153ECB2578\" data-image-description=\"\" data-image-caption=\"\" data-medium-file=\"https:\/\/i0.wp.com\/blogdalucianaoliveira.com.br\/blog\/wp-content\/uploads\/2023\/04\/917F19F6-7F4A-4858-99A9-1A153ECB2578.jpeg?fit=300%2C202\" data-large-file=\"https:\/\/i0.wp.com\/blogdalucianaoliveira.com.br\/blog\/wp-content\/uploads\/2023\/04\/917F19F6-7F4A-4858-99A9-1A153ECB2578.jpeg?fit=600%2C403\" src=\"https:\/\/i0.wp.com\/blogdalucianaoliveira.com.br\/blog\/wp-content\/uploads\/2023\/04\/917F19F6-7F4A-4858-99A9-1A153ECB2578.jpeg?resize=600%2C403\" alt=\"\" class=\"wp-image-34480\" srcset=\"https:\/\/i0.wp.com\/blogdalucianaoliveira.com.br\/blog\/wp-content\/uploads\/2023\/04\/917F19F6-7F4A-4858-99A9-1A153ECB2578.jpeg?w=820 820w, https:\/\/i0.wp.com\/blogdalucianaoliveira.com.br\/blog\/wp-content\/uploads\/2023\/04\/917F19F6-7F4A-4858-99A9-1A153ECB2578.jpeg?resize=300%2C202 300w, https:\/\/i0.wp.com\/blogdalucianaoliveira.com.br\/blog\/wp-content\/uploads\/2023\/04\/917F19F6-7F4A-4858-99A9-1A153ECB2578.jpeg?resize=768%2C516 768w, https:\/\/i0.wp.com\/blogdalucianaoliveira.com.br\/blog\/wp-content\/uploads\/2023\/04\/917F19F6-7F4A-4858-99A9-1A153ECB2578.jpeg?resize=446%2C300 446w\" sizes=\"auto, (max-width: 600px) 100vw, 600px\" \/><\/figure>\n\n\n\n<p><em>O Fashion Revolution \u00e9 um movimento global que incentiva maior transpar\u00eancia, sustentabilidade e \u00e9tica na ind\u00fastria da moda. O Fashion Revolution acredita no poder de transforma\u00e7\u00e3o positiva da moda, e tem como principais objetivos conscientizar sobre os impactos socioambientais do setor, celebrar as pessoas por tr\u00e1s das roupas, incentivar a transpar\u00eancia e fomentar a sustentabilidade. <\/em><br><\/p>\n\n\n\n<!--more-->\n\n\n\n<p><em>Hoje, presente em 100 pa\u00edses, o Fashion Revolution desenvolve a\u00e7\u00f5es mobilizadoras e incentiva os consumidores a questionarem suas marcas favoritas, convidando-os \u00e0 simples, por\u00e9m poderosa reflex\u00e3o: <\/em><\/p>\n\n\n\n<p><em>#QuemFezMinhasRoupas? #DoQueS\u00e3oFeitasMinhasRoupas #ACorDeQuemFezMinhasRoupas<\/em><\/p>\n\n\n\n<p>\u2014\u2014\u2014<\/p>\n\n\n\n<p>Programa\u00e7\u00e3o Gratuita!<\/p>\n\n\n\n<p>Rodas de conversa, palestras, oficinas, exibi\u00e7\u00e3o de filme e brech\u00f3 de escambo.<\/p>\n\n\n\n<p>Consulte nossa programa\u00e7\u00e3o completa aqui.<br>\n<em>l1nk.dev\/9HTa0<\/em><\/p>\n\n\n\n<p>\u279d  <em>26 de Abril de 2023 \/ quarta-feira<\/em><br>\n<em>ONDE: MUSEU DA MEM\u00d3RIA RONDONIENSE<\/em><br>\n9h ~ 17h &#8211; Oficina de Tran\u00e7a Nag\u00f4: Introdu\u00e7\u00e3o \u00e0 t\u00e9cnica de tran\u00e7ar com Larissa Perez (INSCREVA-SE https:\/\/forms.gle\/nybKPLBU27tgfFAj6)<br>\n9h ~ 17h &#8211; Ilustra\u00e7\u00e3o ao vivo com o artista Jefferson Parker<br>\n11h &#8211; Apresenta\u00e7\u00e3o do Movimento Fashion Revolution com Marcela Kopanakis<br>\n13h &#8211; Roda de Conversa: Brech\u00f3, Customiza\u00e7\u00e3o &amp; Moda Circular <br>\n15h &#8211; Roda de Conversa: Moda, Representatividade &amp; Empoderamento<br>\n<em>ONDE: SEBRAE LAB<\/em><br>\n18h &#8211; Palestra Impactos Ambientais da Ind\u00fastria da Moda com Chris Silvestrini<br>\n19h &#8211; Palestra Impactos Sociais da Ind\u00fastria da Moda com Camilla Holanda da Rocha (MPT)<\/p>\n\n\n\n<p>\u279d  <em>27 de Abril de 2023 \/ quinta-feira<\/em><br>\n<em>ONDE: MUSEU DA MEM\u00d3RIA RONDONIENSE<\/em><br>\n9h ~ 13h &#8211; Oficina de Customiza\u00e7\u00e3o: Personalizando pe\u00e7as j\u00e1 utilizadas com Teo Nascimento (INSCREVA-SE https:\/\/forms.gle\/4M28avhQrcmVWtBG7)<br>\n13h &#8211; Oficina de N\u00e3o viol\u00eancia + Pr\u00e1tica de Yoga com Carla Locatelli<br>\n15h &#8211; Exibi\u00e7\u00e3o do filme \u2018Favela \u00e9 Moda\u2019<br>\n<em>ONDE: SEBRAE LAB<\/em><br>\n18h &#8211; Roda de Conversa: Empreendedorismo de Moda em Porto Velho<br>\n19h &#8211; Palestra A Mulher e o impacto na autoestima e sa\u00fade mental com Sebrae Delas<\/p>\n\n\n\n<p>\u279d  <em>28 de Abril de 2023 \/ sexta-feira<\/em><br>\n<em>ONDE: MUSEU DA MEM\u00d3RIA RONDONIENSE<\/em><br>\n9h ~ 13h &#8211; Oficina de Macram\u00ea: Produzindo mini bolsa de macram\u00ea com Iasmin Andrade (INSCREVA-SE https:\/\/forms.gle\/pg6YEkTRRsJYfNWBA)<br>\n13h &#8211; Roda de Conversa: Design Beradeiro: Fortalecendo v\u00ednculos atrav\u00e9s da identidade local<br>\n15h &#8211; Roda de Conversa: Consultoras de Moda &amp; Consumo Consciente<br>\n<em>ONDE: SEBRAE LAB<\/em><br>\n18h &#8211; Roda de Conversa: Cabelos, Pertencimento &amp; Autoestima<br>\n19h &#8211; Palestra Sa\u00fade Mental e Redes Sociais com Eliziane Berberian<\/p>\n\n\n\n<p>\u279d  <em>Durante todos os dias da programa\u00e7\u00e3o<\/em><br>\n<em>ONDE: MUSEU DA MEM\u00d3RIA RONDONIENSE<\/em><br>\n9h ~ 17h &#8211; Exposi\u00e7\u00e3o com ilustra\u00e7\u00f5es do artista Jefferson Parker<br>\n9h ~ 17h &#8211; A\u00e7\u00e3o \u201cQuem fez minha roupa?\u201d &amp; \u201cEu fiz sua roupa\u201d &#8211; Distribui\u00e7\u00e3o das  plaquinhas do FR<br>\n9h ~ 17h &#8211; Exposi\u00e7\u00e3o e distribui\u00e7\u00e3o de cartazes com frases de efeito com tem\u00e1ticas do FR<br>\n9h ~ 17h &#8211; Brech\u00f3 de Escambo: Troca de pe\u00e7as de roupa entre participantes do evento<\/p>\n\n\n\n<p>\u2014\u2014\u2014<\/p>\n\n\n\n<p><em>PARTICIPE! Seja curioso, descubra, fa\u00e7a algo!<\/em><\/p>\n\n\n\n<p><em>Apoio: Museu da Mem\u00f3ria Rondoniense, FUNCER, Governo de Rond\u00f4nia, IFRO, SEBRAE Porto Velho.<\/em><\/p>\n\n\n\n<p>@fash_rev_brasil | @marcelakopanakis<\/p>\n\n\n\n<p><\/p>\n\n\n\n<figure class=\"wp-block-image size-large\"><img loading=\"lazy\" decoding=\"async\" width=\"1587\" height=\"2245\" data-attachment-id=\"34481\" data-permalink=\"http:\/\/blogdalucianaoliveira.com.br\/blog\/2023\/04\/17\/fashion-revolution-divulga-programacao-em-porto-velho\/6978529f-ca10-462d-a1d0-c868203d8919\/\" data-orig-file=\"https:\/\/i0.wp.com\/blogdalucianaoliveira.com.br\/blog\/wp-content\/uploads\/2023\/04\/6978529F-CA10-462D-A1D0-C868203D8919.png?fit=1587%2C2245\" data-orig-size=\"1587,2245\" data-comments-opened=\"0\" data-image-meta=\"{&quot;aperture&quot;:&quot;0&quot;,&quot;credit&quot;:&quot;&quot;,&quot;camera&quot;:&quot;&quot;,&quot;caption&quot;:&quot;&quot;,&quot;created_timestamp&quot;:&quot;0&quot;,&quot;copyright&quot;:&quot;&quot;,&quot;focal_length&quot;:&quot;0&quot;,&quot;iso&quot;:&quot;0&quot;,&quot;shutter_speed&quot;:&quot;0&quot;,&quot;title&quot;:&quot;&quot;,&quot;orientation&quot;:&quot;0&quot;}\" data-image-title=\"6978529F-CA10-462D-A1D0-C868203D8919\" data-image-description=\"\" data-image-caption=\"\" data-medium-file=\"https:\/\/i0.wp.com\/blogdalucianaoliveira.com.br\/blog\/wp-content\/uploads\/2023\/04\/6978529F-CA10-462D-A1D0-C868203D8919.png?fit=212%2C300\" data-large-file=\"https:\/\/i0.wp.com\/blogdalucianaoliveira.com.br\/blog\/wp-content\/uploads\/2023\/04\/6978529F-CA10-462D-A1D0-C868203D8919.png?fit=600%2C849\" src=\"https:\/\/i0.wp.com\/blogdalucianaoliveira.com.br\/blog\/wp-content\/uploads\/2023\/04\/6978529F-CA10-462D-A1D0-C868203D8919.png?fit=600%2C849\" alt=\"\" class=\"wp-image-34481\" srcset=\"https:\/\/i0.wp.com\/blogdalucianaoliveira.com.br\/blog\/wp-content\/uploads\/2023\/04\/6978529F-CA10-462D-A1D0-C868203D8919.png?w=1587 1587w, https:\/\/i0.wp.com\/blogdalucianaoliveira.com.br\/blog\/wp-content\/uploads\/2023\/04\/6978529F-CA10-462D-A1D0-C868203D8919.png?resize=212%2C300 212w, https:\/\/i0.wp.com\/blogdalucianaoliveira.com.br\/blog\/wp-content\/uploads\/2023\/04\/6978529F-CA10-462D-A1D0-C868203D8919.png?resize=724%2C1024 724w, https:\/\/i0.wp.com\/blogdalucianaoliveira.com.br\/blog\/wp-content\/uploads\/2023\/04\/6978529F-CA10-462D-A1D0-C868203D8919.png?resize=768%2C1086 768w, https:\/\/i0.wp.com\/blogdalucianaoliveira.com.br\/blog\/wp-content\/uploads\/2023\/04\/6978529F-CA10-462D-A1D0-C868203D8919.png?resize=1086%2C1536 1086w, https:\/\/i0.wp.com\/blogdalucianaoliveira.com.br\/blog\/wp-content\/uploads\/2023\/04\/6978529F-CA10-462D-A1D0-C868203D8919.png?resize=1448%2C2048 1448w, https:\/\/i0.wp.com\/blogdalucianaoliveira.com.br\/blog\/wp-content\/uploads\/2023\/04\/6978529F-CA10-462D-A1D0-C868203D8919.png?w=1200 1200w\" sizes=\"auto, (max-width: 600px) 100vw, 600px\" \/><\/figure>\n\n\n\n<figure class=\"wp-block-image size-large\"><img loading=\"lazy\" decoding=\"async\" width=\"1587\" height=\"2245\" data-attachment-id=\"34482\" data-permalink=\"http:\/\/blogdalucianaoliveira.com.br\/blog\/2023\/04\/17\/fashion-revolution-divulga-programacao-em-porto-velho\/7950633c-d07a-424a-b783-20dbb498ca2d\/\" data-orig-file=\"https:\/\/i0.wp.com\/blogdalucianaoliveira.com.br\/blog\/wp-content\/uploads\/2023\/04\/7950633C-D07A-424A-B783-20DBB498CA2D.png?fit=1587%2C2245\" data-orig-size=\"1587,2245\" data-comments-opened=\"0\" data-image-meta=\"{&quot;aperture&quot;:&quot;0&quot;,&quot;credit&quot;:&quot;&quot;,&quot;camera&quot;:&quot;&quot;,&quot;caption&quot;:&quot;&quot;,&quot;created_timestamp&quot;:&quot;0&quot;,&quot;copyright&quot;:&quot;&quot;,&quot;focal_length&quot;:&quot;0&quot;,&quot;iso&quot;:&quot;0&quot;,&quot;shutter_speed&quot;:&quot;0&quot;,&quot;title&quot;:&quot;&quot;,&quot;orientation&quot;:&quot;0&quot;}\" data-image-title=\"7950633C-D07A-424A-B783-20DBB498CA2D\" data-image-description=\"\" data-image-caption=\"\" data-medium-file=\"https:\/\/i0.wp.com\/blogdalucianaoliveira.com.br\/blog\/wp-content\/uploads\/2023\/04\/7950633C-D07A-424A-B783-20DBB498CA2D.png?fit=212%2C300\" data-large-file=\"https:\/\/i0.wp.com\/blogdalucianaoliveira.com.br\/blog\/wp-content\/uploads\/2023\/04\/7950633C-D07A-424A-B783-20DBB498CA2D.png?fit=600%2C849\" src=\"https:\/\/i1.wp.com\/blogdalucianaoliveira.com.br\/blog\/wp-content\/uploads\/2023\/04\/7950633C-D07A-424A-B783-20DBB498CA2D.png?fit=600%2C849\" alt=\"\" class=\"wp-image-34482\" srcset=\"https:\/\/i0.wp.com\/blogdalucianaoliveira.com.br\/blog\/wp-content\/uploads\/2023\/04\/7950633C-D07A-424A-B783-20DBB498CA2D.png?w=1587 1587w, https:\/\/i0.wp.com\/blogdalucianaoliveira.com.br\/blog\/wp-content\/uploads\/2023\/04\/7950633C-D07A-424A-B783-20DBB498CA2D.png?resize=212%2C300 212w, https:\/\/i0.wp.com\/blogdalucianaoliveira.com.br\/blog\/wp-content\/uploads\/2023\/04\/7950633C-D07A-424A-B783-20DBB498CA2D.png?resize=724%2C1024 724w, https:\/\/i0.wp.com\/blogdalucianaoliveira.com.br\/blog\/wp-content\/uploads\/2023\/04\/7950633C-D07A-424A-B783-20DBB498CA2D.png?resize=768%2C1086 768w, https:\/\/i0.wp.com\/blogdalucianaoliveira.com.br\/blog\/wp-content\/uploads\/2023\/04\/7950633C-D07A-424A-B783-20DBB498CA2D.png?resize=1086%2C1536 1086w, https:\/\/i0.wp.com\/blogdalucianaoliveira.com.br\/blog\/wp-content\/uploads\/2023\/04\/7950633C-D07A-424A-B783-20DBB498CA2D.png?resize=1448%2C2048 1448w, https:\/\/i0.wp.com\/blogdalucianaoliveira.com.br\/blog\/wp-content\/uploads\/2023\/04\/7950633C-D07A-424A-B783-20DBB498CA2D.png?w=1200 1200w\" sizes=\"auto, (max-width: 600px) 100vw, 600px\" \/><\/figure>\n","protected":false},"excerpt":{"rendered":"<p>O Fashion Revolution \u00e9 um movimento global que incentiva maior transpar\u00eancia, sustentabilidade e \u00e9tica na ind\u00fastria da moda. O Fashion Revolution acredita no poder de transforma\u00e7\u00e3o positiva da moda, e tem como principais objetivos conscientizar sobre os impactos socioambientais do setor, celebrar as pessoas por tr\u00e1s das roupas, incentivar a transpar\u00eancia e fomentar a sustentabilidade.<\/p>\n","protected":false},"author":1,"featured_media":0,"comment_status":"closed","ping_status":"open","sticky":false,"template":"","format":"standard","meta":{"_exactmetrics_skip_tracking":false,"_exactmetrics_sitenote_active":false,"_exactmetrics_sitenote_note":"","_exactmetrics_sitenote_category":0,"jetpack_post_was_ever_published":false,"_jetpack_newsletter_access":"","_jetpack_dont_email_post_to_subs":false,"_jetpack_newsletter_tier_id":0,"_jetpack_memberships_contains_paywalled_content":false,"_jetpack_memberships_contains_paid_content":false,"footnotes":"","jetpack_publicize_message":"","jetpack_publicize_feature_enabled":true,"jetpack_social_post_already_shared":true,"jetpack_social_options":{"image_generator_settings":{"template":"highway","enabled":false},"version":2}},"categories":[1],"tags":[829,8],"class_list":["post-34479","post","type-post","status-publish","format-standard","hentry","category-notas","tag-fashion-revolution","tag-porto-velho"],"jetpack_publicize_connections":[],"jetpack_sharing_enabled":true,"jetpack_featured_media_url":"","jetpack_shortlink":"https:\/\/wp.me\/p7wKYW-8Y7","jetpack-related-posts":[],"_links":{"self":[{"href":"http:\/\/blogdalucianaoliveira.com.br\/blog\/wp-json\/wp\/v2\/posts\/34479","targetHints":{"allow":["GET"]}}],"collection":[{"href":"http:\/\/blogdalucianaoliveira.com.br\/blog\/wp-json\/wp\/v2\/posts"}],"about":[{"href":"http:\/\/blogdalucianaoliveira.com.br\/blog\/wp-json\/wp\/v2\/types\/post"}],"author":[{"embeddable":true,"href":"http:\/\/blogdalucianaoliveira.com.br\/blog\/wp-json\/wp\/v2\/users\/1"}],"replies":[{"embeddable":true,"href":"http:\/\/blogdalucianaoliveira.com.br\/blog\/wp-json\/wp\/v2\/comments?post=34479"}],"version-history":[{"count":1,"href":"http:\/\/blogdalucianaoliveira.com.br\/blog\/wp-json\/wp\/v2\/posts\/34479\/revisions"}],"predecessor-version":[{"id":34483,"href":"http:\/\/blogdalucianaoliveira.com.br\/blog\/wp-json\/wp\/v2\/posts\/34479\/revisions\/34483"}],"wp:attachment":[{"href":"http:\/\/blogdalucianaoliveira.com.br\/blog\/wp-json\/wp\/v2\/media?parent=34479"}],"wp:term":[{"taxonomy":"category","embeddable":true,"href":"http:\/\/blogdalucianaoliveira.com.br\/blog\/wp-json\/wp\/v2\/categories?post=34479"},{"taxonomy":"post_tag","embeddable":true,"href":"http:\/\/blogdalucianaoliveira.com.br\/blog\/wp-json\/wp\/v2\/tags?post=34479"}],"curies":[{"name":"wp","href":"https:\/\/api.w.org\/{rel}","templated":true}]}}