{"id":34509,"date":"2023-05-22T13:20:39","date_gmt":"2023-05-22T17:20:39","guid":{"rendered":"http:\/\/blogdalucianaoliveira.com.br\/blog\/?p=34509"},"modified":"2023-05-22T13:20:45","modified_gmt":"2023-05-22T17:20:45","slug":"coletivo-fara-intervencao-para-reducao-de-danos","status":"publish","type":"post","link":"http:\/\/blogdalucianaoliveira.com.br\/blog\/2023\/05\/22\/coletivo-fara-intervencao-para-reducao-de-danos\/","title":{"rendered":"Coletivo far\u00e1 interven\u00e7\u00e3o para redu\u00e7\u00e3o de danos"},"content":{"rendered":"\n<figure class=\"wp-block-image size-large\"><img loading=\"lazy\" decoding=\"async\" width=\"1080\" height=\"1080\" data-attachment-id=\"34510\" data-permalink=\"http:\/\/blogdalucianaoliveira.com.br\/blog\/2023\/05\/22\/coletivo-fara-intervencao-para-reducao-de-danos\/99569b7e-25c2-492d-baad-9ea53dbf1984\/\" data-orig-file=\"https:\/\/i0.wp.com\/blogdalucianaoliveira.com.br\/blog\/wp-content\/uploads\/2023\/05\/99569b7e-25c2-492d-baad-9ea53dbf1984.jpeg?fit=1080%2C1080\" data-orig-size=\"1080,1080\" data-comments-opened=\"0\" data-image-meta=\"{&quot;aperture&quot;:&quot;0&quot;,&quot;credit&quot;:&quot;&quot;,&quot;camera&quot;:&quot;&quot;,&quot;caption&quot;:&quot;&quot;,&quot;created_timestamp&quot;:&quot;0&quot;,&quot;copyright&quot;:&quot;&quot;,&quot;focal_length&quot;:&quot;0&quot;,&quot;iso&quot;:&quot;0&quot;,&quot;shutter_speed&quot;:&quot;0&quot;,&quot;title&quot;:&quot;&quot;,&quot;orientation&quot;:&quot;0&quot;}\" data-image-title=\"99569b7e-25c2-492d-baad-9ea53dbf1984\" data-image-description=\"\" data-image-caption=\"\" data-medium-file=\"https:\/\/i0.wp.com\/blogdalucianaoliveira.com.br\/blog\/wp-content\/uploads\/2023\/05\/99569b7e-25c2-492d-baad-9ea53dbf1984.jpeg?fit=300%2C300\" data-large-file=\"https:\/\/i0.wp.com\/blogdalucianaoliveira.com.br\/blog\/wp-content\/uploads\/2023\/05\/99569b7e-25c2-492d-baad-9ea53dbf1984.jpeg?fit=600%2C600\" src=\"https:\/\/i2.wp.com\/blogdalucianaoliveira.com.br\/blog\/wp-content\/uploads\/2023\/05\/99569b7e-25c2-492d-baad-9ea53dbf1984.jpeg?fit=600%2C600\" alt=\"\" class=\"wp-image-34510\" srcset=\"https:\/\/i0.wp.com\/blogdalucianaoliveira.com.br\/blog\/wp-content\/uploads\/2023\/05\/99569b7e-25c2-492d-baad-9ea53dbf1984.jpeg?w=1080 1080w, https:\/\/i0.wp.com\/blogdalucianaoliveira.com.br\/blog\/wp-content\/uploads\/2023\/05\/99569b7e-25c2-492d-baad-9ea53dbf1984.jpeg?resize=300%2C300 300w, https:\/\/i0.wp.com\/blogdalucianaoliveira.com.br\/blog\/wp-content\/uploads\/2023\/05\/99569b7e-25c2-492d-baad-9ea53dbf1984.jpeg?resize=1024%2C1024 1024w, https:\/\/i0.wp.com\/blogdalucianaoliveira.com.br\/blog\/wp-content\/uploads\/2023\/05\/99569b7e-25c2-492d-baad-9ea53dbf1984.jpeg?resize=150%2C150 150w, https:\/\/i0.wp.com\/blogdalucianaoliveira.com.br\/blog\/wp-content\/uploads\/2023\/05\/99569b7e-25c2-492d-baad-9ea53dbf1984.jpeg?resize=768%2C768 768w\" sizes=\"auto, (max-width: 600px) 100vw, 600px\" \/><\/figure>\n\n\n\n<p>\ud83c\udf31 O Coletivo Amaz\u00f4nico Antiproibicionista de Pesquisa e Interven\u00e7\u00e3o em Redu\u00e7\u00e3o de Danos<br> (CAAPI-RD) convida a popula\u00e7\u00e3o, estudantes de gradua\u00e7\u00e3o e p\u00f3s-gradua\u00e7\u00e3o, profissionais, professores(as), membros de institui\u00e7\u00f5es e coletivos de Porto Velho e regi\u00e3o para o seu evento-estr\u00e9ia<\/p>\n\n\n\n<!--more-->\n\n\n\n<p><br> \u2b50\ufe0f &#8220;REDU\u00c7\u00c3O DE DANOS: REDE EM ALINHAMENTO, GARANTIA DE DIREITOS E FORA PRECONCEITO!!!&#8221; \u2b50\ufe0f<\/p>\n\n\n\n<p>Ocorrer\u00e1 no dia 26 de maio de 2023 e contar\u00e1 com uma programa\u00e7\u00e3o completa (manh\u00e3 + tarde + ESCADARIA) de mesas com discuss\u00e3o e debates sobre a RD.<\/p>\n\n\n\n<p>\ud83d\udccc DATA E LOCAL: 26 de maio\/UNIR Centro &#8211; Audit\u00f3rio e Escadaria<\/p>\n\n\n\n<p>\ud83d\udce9 INSCRI\u00c7\u00c3O (de 12 a 25 de maio):<br>\nA inscri\u00e7\u00e3o para o evento ser\u00e1 comunicada pelo perfil @caapi.rd na segunda-feira, junto com o link de inscri\u00e7\u00e3o<\/p>\n\n\n\n<p>\ud83e\udec2 SUA PARTICIPA\u00c7\u00c3O:<br>\n\u00c9 muito importante que a popula\u00e7\u00e3o e as institui\u00e7\u00f5es estejam a par das possibilidades existentes dentro da RD, somente com um di\u00e1logo franco e intencional sobre o assunto poderemos romper com os preconceitos e avan\u00e7ar na melhora dos nossos servi\u00e7os. Perguntas, d\u00favidas e coment\u00e1rios poder\u00e3o ser feitos ao longo das mesas, assim como relatos de experi\u00eancias pessoais com RD ser\u00e3o bem vindos.<\/p>\n\n\n\n<p>\ud83d\udcee CERTIFICADOS:<br>\nSer\u00e3o emitidos certificados aos participantes, sendo comunicado via e-mail quando estiver pronto. Para a certifica\u00e7\u00e3o, solicitamos o preenchimento do formul\u00e1rio de inscri\u00e7\u00e3o que est\u00e1 disponibilizado no perfil do Coletivo.<\/p>\n\n\n\n<p>\ud83d\udcec E-mail para d\u00favidas: coletivoamazonicoemrd@gmail.com<\/p>\n\n\n\n<p>Esperamos sua presen\u00e7a!<br>\nAbra\u00e7os! \ud83e\udde1\ud83c\udf31<\/p>\n","protected":false},"excerpt":{"rendered":"<p>\ud83c\udf31 O Coletivo Amaz\u00f4nico Antiproibicionista de Pesquisa e Interven\u00e7\u00e3o em Redu\u00e7\u00e3o de Danos (CAAPI-RD) convida a popula\u00e7\u00e3o, estudantes de gradua\u00e7\u00e3o e p\u00f3s-gradua\u00e7\u00e3o, profissionais, professores(as), membros de institui\u00e7\u00f5es e coletivos de Porto Velho e regi\u00e3o para o seu evento-estr\u00e9ia<\/p>\n","protected":false},"author":1,"featured_media":0,"comment_status":"closed","ping_status":"open","sticky":false,"template":"","format":"standard","meta":{"_exactmetrics_skip_tracking":false,"_exactmetrics_sitenote_active":false,"_exactmetrics_sitenote_note":"","_exactmetrics_sitenote_category":0,"jetpack_post_was_ever_published":false,"_jetpack_newsletter_access":"","_jetpack_dont_email_post_to_subs":false,"_jetpack_newsletter_tier_id":0,"_jetpack_memberships_contains_paywalled_content":false,"_jetpack_memberships_contains_paid_content":false,"footnotes":"","jetpack_publicize_message":"","jetpack_publicize_feature_enabled":true,"jetpack_social_post_already_shared":true,"jetpack_social_options":{"image_generator_settings":{"template":"highway","enabled":false},"version":2}},"categories":[1],"tags":[],"class_list":["post-34509","post","type-post","status-publish","format-standard","hentry","category-notas"],"jetpack_publicize_connections":[],"jetpack_sharing_enabled":true,"jetpack_featured_media_url":"","jetpack_shortlink":"https:\/\/wp.me\/p7wKYW-8YB","jetpack-related-posts":[],"_links":{"self":[{"href":"http:\/\/blogdalucianaoliveira.com.br\/blog\/wp-json\/wp\/v2\/posts\/34509","targetHints":{"allow":["GET"]}}],"collection":[{"href":"http:\/\/blogdalucianaoliveira.com.br\/blog\/wp-json\/wp\/v2\/posts"}],"about":[{"href":"http:\/\/blogdalucianaoliveira.com.br\/blog\/wp-json\/wp\/v2\/types\/post"}],"author":[{"embeddable":true,"href":"http:\/\/blogdalucianaoliveira.com.br\/blog\/wp-json\/wp\/v2\/users\/1"}],"replies":[{"embeddable":true,"href":"http:\/\/blogdalucianaoliveira.com.br\/blog\/wp-json\/wp\/v2\/comments?post=34509"}],"version-history":[{"count":1,"href":"http:\/\/blogdalucianaoliveira.com.br\/blog\/wp-json\/wp\/v2\/posts\/34509\/revisions"}],"predecessor-version":[{"id":34511,"href":"http:\/\/blogdalucianaoliveira.com.br\/blog\/wp-json\/wp\/v2\/posts\/34509\/revisions\/34511"}],"wp:attachment":[{"href":"http:\/\/blogdalucianaoliveira.com.br\/blog\/wp-json\/wp\/v2\/media?parent=34509"}],"wp:term":[{"taxonomy":"category","embeddable":true,"href":"http:\/\/blogdalucianaoliveira.com.br\/blog\/wp-json\/wp\/v2\/categories?post=34509"},{"taxonomy":"post_tag","embeddable":true,"href":"http:\/\/blogdalucianaoliveira.com.br\/blog\/wp-json\/wp\/v2\/tags?post=34509"}],"curies":[{"name":"wp","href":"https:\/\/api.w.org\/{rel}","templated":true}]}}