{"id":34547,"date":"2023-06-12T16:04:11","date_gmt":"2023-06-12T20:04:11","guid":{"rendered":"http:\/\/blogdalucianaoliveira.com.br\/blog\/?p=34547"},"modified":"2023-06-12T16:04:17","modified_gmt":"2023-06-12T20:04:17","slug":"samuel-bera-band-fara-show-da-musica-popular-beradeira-dia-23","status":"publish","type":"post","link":"http:\/\/blogdalucianaoliveira.com.br\/blog\/2023\/06\/12\/samuel-bera-band-fara-show-da-musica-popular-beradeira-dia-23\/","title":{"rendered":"Samuel B\u00e9ra Band far\u00e1 show da M\u00fasica Popular Beradeira dia 23"},"content":{"rendered":"\n<figure class=\"wp-block-image size-large\"><img data-recalc-dims=\"1\" loading=\"lazy\" decoding=\"async\" width=\"426\" height=\"640\" data-attachment-id=\"34548\" data-permalink=\"http:\/\/blogdalucianaoliveira.com.br\/blog\/2023\/06\/12\/samuel-bera-band-fara-show-da-musica-popular-beradeira-dia-23\/8f213a50-cb09-44f4-b426-5d20ce3c2a64\/\" data-orig-file=\"https:\/\/i0.wp.com\/blogdalucianaoliveira.com.br\/blog\/wp-content\/uploads\/2023\/06\/8f213a50-cb09-44f4-b426-5d20ce3c2a64.jpeg?fit=426%2C640\" data-orig-size=\"426,640\" data-comments-opened=\"0\" data-image-meta=\"{&quot;aperture&quot;:&quot;0&quot;,&quot;credit&quot;:&quot;&quot;,&quot;camera&quot;:&quot;&quot;,&quot;caption&quot;:&quot;&quot;,&quot;created_timestamp&quot;:&quot;0&quot;,&quot;copyright&quot;:&quot;&quot;,&quot;focal_length&quot;:&quot;0&quot;,&quot;iso&quot;:&quot;0&quot;,&quot;shutter_speed&quot;:&quot;0&quot;,&quot;title&quot;:&quot;&quot;,&quot;orientation&quot;:&quot;0&quot;}\" data-image-title=\"8f213a50-cb09-44f4-b426-5d20ce3c2a64\" data-image-description=\"\" data-image-caption=\"\" data-medium-file=\"https:\/\/i0.wp.com\/blogdalucianaoliveira.com.br\/blog\/wp-content\/uploads\/2023\/06\/8f213a50-cb09-44f4-b426-5d20ce3c2a64.jpeg?fit=200%2C300\" data-large-file=\"https:\/\/i0.wp.com\/blogdalucianaoliveira.com.br\/blog\/wp-content\/uploads\/2023\/06\/8f213a50-cb09-44f4-b426-5d20ce3c2a64.jpeg?fit=426%2C640\" src=\"https:\/\/i0.wp.com\/blogdalucianaoliveira.com.br\/blog\/wp-content\/uploads\/2023\/06\/8f213a50-cb09-44f4-b426-5d20ce3c2a64.jpeg?resize=426%2C640\" alt=\"\" class=\"wp-image-34548\" srcset=\"https:\/\/i0.wp.com\/blogdalucianaoliveira.com.br\/blog\/wp-content\/uploads\/2023\/06\/8f213a50-cb09-44f4-b426-5d20ce3c2a64.jpeg?w=426 426w, https:\/\/i0.wp.com\/blogdalucianaoliveira.com.br\/blog\/wp-content\/uploads\/2023\/06\/8f213a50-cb09-44f4-b426-5d20ce3c2a64.jpeg?resize=200%2C300 200w\" sizes=\"auto, (max-width: 426px) 100vw, 426px\" \/><\/figure>\n\n\n\n<p><em><strong>&#8220;Letras profundas e ritmos envolventes conduzem uma jornada sonora pelas ra\u00edzes culturais&#8221;<\/strong><\/em><\/p>\n\n\n\n<!--more-->\n\n\n\n<p>No dia 23 de junho, a Samuel B\u00e9ra Band, uma banda que se destaca pela abordagem \u00fanica e envolvente da M\u00fasica Popular Beradeira, estar\u00e1 se apresentando em um dos principais palcos da cidade. O show acontecer\u00e1 no P\u00e9 de Pano Brew Pub, localizado na Rua Salgado Filho, 2994, S\u00e3o Jo\u00e3o Bosco, um importante palco da cena alternativa da cidade.<\/p>\n\n\n\n<p>Em meio \u00e0 diversidade musical contempor\u00e2nea, a Samuel B\u00e9ra Band se destaca por sua habilidade em expressar a import\u00e2ncia do povo beradeiro por meio de suas m\u00fasicas. Os integrantes da banda mergulham nas tradi\u00e7\u00f5es e nos valores transmitidos por gera\u00e7\u00f5es passadas, criando composi\u00e7\u00f5es que reverenciam seus antepassados. <\/p>\n\n\n\n<p>Suas letras, carregadas de poesia e significado, abordam temas como identidade, pertencimento e resgate das tradi\u00e7\u00f5es culturais. A sonoridade da banda combina elementos de diferentes g\u00eaneros musicais, criando uma atmosfera cativante que ressoa com pessoas de todas as idades e origens.<\/p>\n\n\n\n<p>Os ritmos envolventes s\u00e3o um convite para dan\u00e7ar e se entregar \u00e0 m\u00fasica, enquanto a harmonia entre os instrumentos e a voz marcante do vocalista conferem um toque especial a cada can\u00e7\u00e3o.<\/p>\n\n\n\n<p>A equipe de produ\u00e7\u00e3o est\u00e1 empenhada em criar um espet\u00e1culo visualmente deslumbrante que esteja \u00e0 altura da riqueza das composi\u00e7\u00f5es da banda. Al\u00e9m dos sucessos mais queridos, o repert\u00f3rio incluir\u00e1 novas m\u00fasicas e vers\u00f5es especiais, prometendo uma experi\u00eancia \u00fanica e inesquec\u00edvel para o p\u00fablico presente.<\/p>\n\n\n\n<p>Em um mundo cada vez mais globalizado, valorizar e celebrar as ra\u00edzes culturais se torna essencial para preservar a diversidade e a identidade de um povo. A Samuel B\u00e9ra Band utiliza sua m\u00fasica como uma ferramenta para reafirmar a import\u00e2ncia de conhecer e respeitar a hist\u00f3ria e as tradi\u00e7\u00f5es dos antepassados. <\/p>\n\n\n\n<p>Ao promover essa conex\u00e3o, eles incentivam uma reflex\u00e3o profunda sobre a pr\u00f3pria identidade e o papel de cada indiv\u00edduo na constru\u00e7\u00e3o do futuro. A Samuel B\u00e9ra Band \u00e9 composta por m\u00fasicos experientes, sendo eles: Samuel B\u00e9ra (vocal), Adriano Pato (baixo), Jo\u00e3o Luiz (guitarra), Mestre Xoroquinho (percuss\u00e3o) e Rodolfo B\u00e1rtolo (bateria). Juntos, eles proporcionam um mergulho profundo na ancestralidade e uma celebra\u00e7\u00e3o das ra\u00edzes culturais.<\/p>\n\n\n\n<p>Com letras profundas e ritmos envolventes, o grupo promete levar o p\u00fablico a uma jornada sonora pelas ra\u00edzes culturais, despertando sentimentos de conex\u00e3o e orgulho.<\/p>\n","protected":false},"excerpt":{"rendered":"<p>&#8220;Letras profundas e ritmos envolventes conduzem uma jornada sonora pelas ra\u00edzes culturais&#8221;<\/p>\n","protected":false},"author":1,"featured_media":0,"comment_status":"closed","ping_status":"open","sticky":false,"template":"","format":"standard","meta":{"_exactmetrics_skip_tracking":false,"_exactmetrics_sitenote_active":false,"_exactmetrics_sitenote_note":"","_exactmetrics_sitenote_category":0,"jetpack_post_was_ever_published":false,"_jetpack_newsletter_access":"","_jetpack_dont_email_post_to_subs":false,"_jetpack_newsletter_tier_id":0,"_jetpack_memberships_contains_paywalled_content":false,"_jetpack_memberships_contains_paid_content":false,"footnotes":"","jetpack_publicize_message":"","jetpack_publicize_feature_enabled":true,"jetpack_social_post_already_shared":true,"jetpack_social_options":{"image_generator_settings":{"template":"highway","enabled":false},"version":2}},"categories":[1],"tags":[],"class_list":["post-34547","post","type-post","status-publish","format-standard","hentry","category-notas"],"jetpack_publicize_connections":[],"jetpack_sharing_enabled":true,"jetpack_featured_media_url":"","jetpack_shortlink":"https:\/\/wp.me\/p7wKYW-8Zd","jetpack-related-posts":[],"_links":{"self":[{"href":"http:\/\/blogdalucianaoliveira.com.br\/blog\/wp-json\/wp\/v2\/posts\/34547","targetHints":{"allow":["GET"]}}],"collection":[{"href":"http:\/\/blogdalucianaoliveira.com.br\/blog\/wp-json\/wp\/v2\/posts"}],"about":[{"href":"http:\/\/blogdalucianaoliveira.com.br\/blog\/wp-json\/wp\/v2\/types\/post"}],"author":[{"embeddable":true,"href":"http:\/\/blogdalucianaoliveira.com.br\/blog\/wp-json\/wp\/v2\/users\/1"}],"replies":[{"embeddable":true,"href":"http:\/\/blogdalucianaoliveira.com.br\/blog\/wp-json\/wp\/v2\/comments?post=34547"}],"version-history":[{"count":1,"href":"http:\/\/blogdalucianaoliveira.com.br\/blog\/wp-json\/wp\/v2\/posts\/34547\/revisions"}],"predecessor-version":[{"id":34549,"href":"http:\/\/blogdalucianaoliveira.com.br\/blog\/wp-json\/wp\/v2\/posts\/34547\/revisions\/34549"}],"wp:attachment":[{"href":"http:\/\/blogdalucianaoliveira.com.br\/blog\/wp-json\/wp\/v2\/media?parent=34547"}],"wp:term":[{"taxonomy":"category","embeddable":true,"href":"http:\/\/blogdalucianaoliveira.com.br\/blog\/wp-json\/wp\/v2\/categories?post=34547"},{"taxonomy":"post_tag","embeddable":true,"href":"http:\/\/blogdalucianaoliveira.com.br\/blog\/wp-json\/wp\/v2\/tags?post=34547"}],"curies":[{"name":"wp","href":"https:\/\/api.w.org\/{rel}","templated":true}]}}