{"id":34555,"date":"2023-06-29T09:14:35","date_gmt":"2023-06-29T13:14:35","guid":{"rendered":"http:\/\/blogdalucianaoliveira.com.br\/blog\/?p=34555"},"modified":"2023-06-29T09:14:43","modified_gmt":"2023-06-29T13:14:43","slug":"no-brasil-247-13","status":"publish","type":"post","link":"http:\/\/blogdalucianaoliveira.com.br\/blog\/2023\/06\/29\/no-brasil-247-13\/","title":{"rendered":"No Brasil 247"},"content":{"rendered":"\n<figure class=\"wp-block-image size-large\"><img loading=\"lazy\" decoding=\"async\" width=\"1600\" height=\"900\" data-attachment-id=\"34556\" data-permalink=\"http:\/\/blogdalucianaoliveira.com.br\/blog\/2023\/06\/29\/no-brasil-247-13\/ee304efc-63c6-46b0-9bd7-e43fc3052ff4\/\" data-orig-file=\"https:\/\/i0.wp.com\/blogdalucianaoliveira.com.br\/blog\/wp-content\/uploads\/2023\/06\/ee304efc-63c6-46b0-9bd7-e43fc3052ff4.jpeg?fit=1600%2C900\" data-orig-size=\"1600,900\" data-comments-opened=\"0\" data-image-meta=\"{&quot;aperture&quot;:&quot;0&quot;,&quot;credit&quot;:&quot;&quot;,&quot;camera&quot;:&quot;&quot;,&quot;caption&quot;:&quot;&quot;,&quot;created_timestamp&quot;:&quot;0&quot;,&quot;copyright&quot;:&quot;&quot;,&quot;focal_length&quot;:&quot;0&quot;,&quot;iso&quot;:&quot;0&quot;,&quot;shutter_speed&quot;:&quot;0&quot;,&quot;title&quot;:&quot;&quot;,&quot;orientation&quot;:&quot;0&quot;}\" data-image-title=\"ee304efc-63c6-46b0-9bd7-e43fc3052ff4\" data-image-description=\"\" data-image-caption=\"\" data-medium-file=\"https:\/\/i0.wp.com\/blogdalucianaoliveira.com.br\/blog\/wp-content\/uploads\/2023\/06\/ee304efc-63c6-46b0-9bd7-e43fc3052ff4.jpeg?fit=300%2C169\" data-large-file=\"https:\/\/i0.wp.com\/blogdalucianaoliveira.com.br\/blog\/wp-content\/uploads\/2023\/06\/ee304efc-63c6-46b0-9bd7-e43fc3052ff4.jpeg?fit=600%2C338\" src=\"https:\/\/i2.wp.com\/blogdalucianaoliveira.com.br\/blog\/wp-content\/uploads\/2023\/06\/ee304efc-63c6-46b0-9bd7-e43fc3052ff4.jpeg?fit=600%2C338\" alt=\"\" class=\"wp-image-34556\" srcset=\"https:\/\/i0.wp.com\/blogdalucianaoliveira.com.br\/blog\/wp-content\/uploads\/2023\/06\/ee304efc-63c6-46b0-9bd7-e43fc3052ff4.jpeg?w=1600 1600w, https:\/\/i0.wp.com\/blogdalucianaoliveira.com.br\/blog\/wp-content\/uploads\/2023\/06\/ee304efc-63c6-46b0-9bd7-e43fc3052ff4.jpeg?resize=300%2C169 300w, https:\/\/i0.wp.com\/blogdalucianaoliveira.com.br\/blog\/wp-content\/uploads\/2023\/06\/ee304efc-63c6-46b0-9bd7-e43fc3052ff4.jpeg?resize=1024%2C576 1024w, https:\/\/i0.wp.com\/blogdalucianaoliveira.com.br\/blog\/wp-content\/uploads\/2023\/06\/ee304efc-63c6-46b0-9bd7-e43fc3052ff4.jpeg?resize=768%2C432 768w, https:\/\/i0.wp.com\/blogdalucianaoliveira.com.br\/blog\/wp-content\/uploads\/2023\/06\/ee304efc-63c6-46b0-9bd7-e43fc3052ff4.jpeg?resize=1536%2C864 1536w, https:\/\/i0.wp.com\/blogdalucianaoliveira.com.br\/blog\/wp-content\/uploads\/2023\/06\/ee304efc-63c6-46b0-9bd7-e43fc3052ff4.jpeg?resize=533%2C300 533w, https:\/\/i0.wp.com\/blogdalucianaoliveira.com.br\/blog\/wp-content\/uploads\/2023\/06\/ee304efc-63c6-46b0-9bd7-e43fc3052ff4.jpeg?w=1200 1200w\" sizes=\"auto, (max-width: 600px) 100vw, 600px\" \/><\/figure>\n\n\n\n<p>No Brasil 247<\/p>\n\n\n\n<p>De Guajar\u00e1-Mirim, vamos mostrar como foi o encontro estadual de extrativistas. <\/p>\n\n\n\n<p>Eles discutiriam as amea\u00e7as a seus territ\u00f3rios, as salvaguardas, a crise clim\u00e1tica e reafirmaram a alian\u00e7a dos povos da floresta por desenvolvimento com sustentabilidade. <\/p>\n\n\n\n<!--more-->\n\n\n\n<p>ASSINE O CANAL <br> CURTA<br> COMPARTILHE<\/p>\n\n\n\n<figure class=\"wp-block-embed-youtube wp-block-embed is-type-video is-provider-youtube wp-embed-aspect-16-9 wp-has-aspect-ratio\"><div class=\"wp-block-embed__wrapper\">\n<div class=\"jetpack-video-wrapper\"><iframe loading=\"lazy\" title=\"Extrativistas se unem em defesa de seus territ\u00f3rios\" width=\"600\" height=\"338\" src=\"https:\/\/www.youtube.com\/embed\/O1t4xHNVQEk?feature=oembed\" frameborder=\"0\" allow=\"accelerometer; autoplay; clipboard-write; encrypted-media; gyroscope; picture-in-picture; web-share\" referrerpolicy=\"strict-origin-when-cross-origin\" allowfullscreen><\/iframe><\/div>\n<\/div><\/figure>\n\n\n\n<p><\/p>\n","protected":false},"excerpt":{"rendered":"<p>No Brasil 247 De Guajar\u00e1-Mirim, vamos mostrar como foi o encontro estadual de extrativistas. Eles discutiriam as amea\u00e7as a seus territ\u00f3rios, as salvaguardas, a crise clim\u00e1tica e reafirmaram a alian\u00e7a dos povos da floresta por desenvolvimento com sustentabilidade.<\/p>\n","protected":false},"author":1,"featured_media":0,"comment_status":"closed","ping_status":"open","sticky":false,"template":"","format":"standard","meta":{"_exactmetrics_skip_tracking":false,"_exactmetrics_sitenote_active":false,"_exactmetrics_sitenote_note":"","_exactmetrics_sitenote_category":0,"jetpack_post_was_ever_published":false,"_jetpack_newsletter_access":"","_jetpack_dont_email_post_to_subs":false,"_jetpack_newsletter_tier_id":0,"_jetpack_memberships_contains_paywalled_content":false,"_jetpack_memberships_contains_paid_content":false,"footnotes":"","jetpack_publicize_message":"","jetpack_publicize_feature_enabled":true,"jetpack_social_post_already_shared":true,"jetpack_social_options":{"image_generator_settings":{"template":"highway","enabled":false},"version":2}},"categories":[1],"tags":[564,712,834],"class_list":["post-34555","post","type-post","status-publish","format-standard","hentry","category-notas","tag-cpt-ro","tag-extrativistas","tag-sustentabilidade"],"jetpack_publicize_connections":[],"jetpack_sharing_enabled":true,"jetpack_featured_media_url":"","jetpack_shortlink":"https:\/\/wp.me\/p7wKYW-8Zl","jetpack-related-posts":[],"_links":{"self":[{"href":"http:\/\/blogdalucianaoliveira.com.br\/blog\/wp-json\/wp\/v2\/posts\/34555","targetHints":{"allow":["GET"]}}],"collection":[{"href":"http:\/\/blogdalucianaoliveira.com.br\/blog\/wp-json\/wp\/v2\/posts"}],"about":[{"href":"http:\/\/blogdalucianaoliveira.com.br\/blog\/wp-json\/wp\/v2\/types\/post"}],"author":[{"embeddable":true,"href":"http:\/\/blogdalucianaoliveira.com.br\/blog\/wp-json\/wp\/v2\/users\/1"}],"replies":[{"embeddable":true,"href":"http:\/\/blogdalucianaoliveira.com.br\/blog\/wp-json\/wp\/v2\/comments?post=34555"}],"version-history":[{"count":1,"href":"http:\/\/blogdalucianaoliveira.com.br\/blog\/wp-json\/wp\/v2\/posts\/34555\/revisions"}],"predecessor-version":[{"id":34557,"href":"http:\/\/blogdalucianaoliveira.com.br\/blog\/wp-json\/wp\/v2\/posts\/34555\/revisions\/34557"}],"wp:attachment":[{"href":"http:\/\/blogdalucianaoliveira.com.br\/blog\/wp-json\/wp\/v2\/media?parent=34555"}],"wp:term":[{"taxonomy":"category","embeddable":true,"href":"http:\/\/blogdalucianaoliveira.com.br\/blog\/wp-json\/wp\/v2\/categories?post=34555"},{"taxonomy":"post_tag","embeddable":true,"href":"http:\/\/blogdalucianaoliveira.com.br\/blog\/wp-json\/wp\/v2\/tags?post=34555"}],"curies":[{"name":"wp","href":"https:\/\/api.w.org\/{rel}","templated":true}]}}