{"id":34566,"date":"2023-08-22T18:22:41","date_gmt":"2023-08-22T22:22:41","guid":{"rendered":"http:\/\/blogdalucianaoliveira.com.br\/blog\/?p=34566"},"modified":"2023-08-22T19:40:26","modified_gmt":"2023-08-22T23:40:26","slug":"povos-e-comunidades-tradicionais-se-unem-por-direitos-e-protecao-a-seus-territorios","status":"publish","type":"post","link":"http:\/\/blogdalucianaoliveira.com.br\/blog\/2023\/08\/22\/povos-e-comunidades-tradicionais-se-unem-por-direitos-e-protecao-a-seus-territorios\/","title":{"rendered":"Povos e Comunidades Tradicionais se unem por direitos e prote\u00e7\u00e3o a seus territ\u00f3rios"},"content":{"rendered":"\n<figure class=\"wp-block-image size-large\"><img loading=\"lazy\" decoding=\"async\" width=\"1280\" height=\"918\" data-attachment-id=\"34569\" data-permalink=\"http:\/\/blogdalucianaoliveira.com.br\/blog\/2023\/08\/22\/povos-e-comunidades-tradicionais-se-unem-por-direitos-e-protecao-a-seus-territorios\/imagem-do-whatsapp-de-2023-08-22-as-12-50-18\/\" data-orig-file=\"https:\/\/i0.wp.com\/blogdalucianaoliveira.com.br\/blog\/wp-content\/uploads\/2023\/08\/Imagem-do-WhatsApp-de-2023-08-22-%C3%A0s-12.50.18.jpg?fit=1280%2C918\" data-orig-size=\"1280,918\" data-comments-opened=\"0\" data-image-meta=\"{&quot;aperture&quot;:&quot;0&quot;,&quot;credit&quot;:&quot;&quot;,&quot;camera&quot;:&quot;&quot;,&quot;caption&quot;:&quot;&quot;,&quot;created_timestamp&quot;:&quot;0&quot;,&quot;copyright&quot;:&quot;&quot;,&quot;focal_length&quot;:&quot;0&quot;,&quot;iso&quot;:&quot;0&quot;,&quot;shutter_speed&quot;:&quot;0&quot;,&quot;title&quot;:&quot;&quot;,&quot;orientation&quot;:&quot;0&quot;}\" data-image-title=\"Imagem-do-WhatsApp-de-2023-08-22-\u00e0s-12.50.18\" data-image-description=\"\" data-image-caption=\"\" data-medium-file=\"https:\/\/i0.wp.com\/blogdalucianaoliveira.com.br\/blog\/wp-content\/uploads\/2023\/08\/Imagem-do-WhatsApp-de-2023-08-22-%C3%A0s-12.50.18.jpg?fit=300%2C215\" data-large-file=\"https:\/\/i0.wp.com\/blogdalucianaoliveira.com.br\/blog\/wp-content\/uploads\/2023\/08\/Imagem-do-WhatsApp-de-2023-08-22-%C3%A0s-12.50.18.jpg?fit=600%2C430\" src=\"https:\/\/i0.wp.com\/blogdalucianaoliveira.com.br\/blog\/wp-content\/uploads\/2023\/08\/Imagem-do-WhatsApp-de-2023-08-22-\u00e0s-12.50.18.jpg?fit=600%2C430&amp;ssl=1\" alt=\"\" class=\"wp-image-34569\" srcset=\"https:\/\/i0.wp.com\/blogdalucianaoliveira.com.br\/blog\/wp-content\/uploads\/2023\/08\/Imagem-do-WhatsApp-de-2023-08-22-%C3%A0s-12.50.18.jpg?w=1280 1280w, https:\/\/i0.wp.com\/blogdalucianaoliveira.com.br\/blog\/wp-content\/uploads\/2023\/08\/Imagem-do-WhatsApp-de-2023-08-22-%C3%A0s-12.50.18.jpg?resize=300%2C215 300w, https:\/\/i0.wp.com\/blogdalucianaoliveira.com.br\/blog\/wp-content\/uploads\/2023\/08\/Imagem-do-WhatsApp-de-2023-08-22-%C3%A0s-12.50.18.jpg?resize=1024%2C734 1024w, https:\/\/i0.wp.com\/blogdalucianaoliveira.com.br\/blog\/wp-content\/uploads\/2023\/08\/Imagem-do-WhatsApp-de-2023-08-22-%C3%A0s-12.50.18.jpg?resize=768%2C551 768w, https:\/\/i0.wp.com\/blogdalucianaoliveira.com.br\/blog\/wp-content\/uploads\/2023\/08\/Imagem-do-WhatsApp-de-2023-08-22-%C3%A0s-12.50.18.jpg?resize=418%2C300 418w, https:\/\/i0.wp.com\/blogdalucianaoliveira.com.br\/blog\/wp-content\/uploads\/2023\/08\/Imagem-do-WhatsApp-de-2023-08-22-%C3%A0s-12.50.18.jpg?w=1200 1200w\" sizes=\"auto, (max-width: 600px) 100vw, 600px\" \/><\/figure>\n\n\n\n<p>Um grande encontro com ind\u00edgenas, quilombolas, ribeirinhos e extrativistas movimentou o munic\u00edpio de Costa Marques entre os dias 19 e 21.<\/p>\n\n\n\n<p>Tecendo uma rede de resist\u00eancia e luta desde 2017, realizaram o IV Encontro da Rede dos Povos e Comunidades Tradicionais de Rond\u00f4nia, na Comunidade Quilombola do Forte Pr\u00edncipe da Beira, \u00e0s margens do rio Guapor\u00e9.<\/p>\n\n\n\n<!--more-->\n\n\n\n<p>O tema deste encontro foi: Territ\u00f3rio e Educa\u00e7\u00e3o: O grito de todos os povos!<\/p>\n\n\n\n<p><br>Foram tr\u00eas dias de muito di\u00e1logo e articula\u00e7\u00e3o de a\u00e7\u00f5es permanentes para garantir direitos b\u00e1sicos e a demarca\u00e7\u00e3o de seus territ\u00f3rios.<\/p>\n\n\n\n<p>Em Rond\u00f4nia, segundo dados da Comiss\u00e3o Pastoral da Terra, das\nnove comunidades quilombolas do estado, apenas duas foram regularizadas.<\/p>\n\n\n\n<p>No primeiro dia do encontro, a m\u00edstica de abertura foi uma caminhada por locais de sofrimento dos povos escravizados na constru\u00e7\u00e3o da fortifica\u00e7\u00e3o militar erguida h\u00e1 248 anos para estabelecer o dom\u00ednio portugu\u00eas na regi\u00e3o.<\/p>\n\n\n\n<figure class=\"wp-block-image size-large\"><img loading=\"lazy\" decoding=\"async\" width=\"2560\" height=\"1920\" data-attachment-id=\"34572\" data-permalink=\"http:\/\/blogdalucianaoliveira.com.br\/blog\/2023\/08\/22\/povos-e-comunidades-tradicionais-se-unem-por-direitos-e-protecao-a-seus-territorios\/img_1094\/\" data-orig-file=\"https:\/\/i0.wp.com\/blogdalucianaoliveira.com.br\/blog\/wp-content\/uploads\/2023\/08\/IMG_1094-scaled.jpeg?fit=2560%2C1920\" data-orig-size=\"2560,1920\" data-comments-opened=\"0\" data-image-meta=\"{&quot;aperture&quot;:&quot;1.6&quot;,&quot;credit&quot;:&quot;&quot;,&quot;camera&quot;:&quot;iPhone 12&quot;,&quot;caption&quot;:&quot;&quot;,&quot;created_timestamp&quot;:&quot;1692436960&quot;,&quot;copyright&quot;:&quot;&quot;,&quot;focal_length&quot;:&quot;4.2&quot;,&quot;iso&quot;:&quot;32&quot;,&quot;shutter_speed&quot;:&quot;0.0031948881789137&quot;,&quot;title&quot;:&quot;&quot;,&quot;orientation&quot;:&quot;1&quot;}\" data-image-title=\"IMG_1094\" data-image-description=\"\" data-image-caption=\"\" data-medium-file=\"https:\/\/i0.wp.com\/blogdalucianaoliveira.com.br\/blog\/wp-content\/uploads\/2023\/08\/IMG_1094-scaled.jpeg?fit=300%2C225\" data-large-file=\"https:\/\/i0.wp.com\/blogdalucianaoliveira.com.br\/blog\/wp-content\/uploads\/2023\/08\/IMG_1094-scaled.jpeg?fit=600%2C450\" src=\"https:\/\/i0.wp.com\/blogdalucianaoliveira.com.br\/blog\/wp-content\/uploads\/2023\/08\/IMG_1094-scaled.jpeg?fit=600%2C450\" alt=\"\" class=\"wp-image-34572\" srcset=\"https:\/\/i0.wp.com\/blogdalucianaoliveira.com.br\/blog\/wp-content\/uploads\/2023\/08\/IMG_1094-scaled.jpeg?w=2560 2560w, https:\/\/i0.wp.com\/blogdalucianaoliveira.com.br\/blog\/wp-content\/uploads\/2023\/08\/IMG_1094-scaled.jpeg?resize=300%2C225 300w, https:\/\/i0.wp.com\/blogdalucianaoliveira.com.br\/blog\/wp-content\/uploads\/2023\/08\/IMG_1094-scaled.jpeg?resize=1024%2C768 1024w, https:\/\/i0.wp.com\/blogdalucianaoliveira.com.br\/blog\/wp-content\/uploads\/2023\/08\/IMG_1094-scaled.jpeg?resize=768%2C576 768w, https:\/\/i0.wp.com\/blogdalucianaoliveira.com.br\/blog\/wp-content\/uploads\/2023\/08\/IMG_1094-scaled.jpeg?resize=1536%2C1152 1536w, https:\/\/i0.wp.com\/blogdalucianaoliveira.com.br\/blog\/wp-content\/uploads\/2023\/08\/IMG_1094-scaled.jpeg?resize=2048%2C1536 2048w, https:\/\/i0.wp.com\/blogdalucianaoliveira.com.br\/blog\/wp-content\/uploads\/2023\/08\/IMG_1094-scaled.jpeg?resize=400%2C300 400w, https:\/\/i0.wp.com\/blogdalucianaoliveira.com.br\/blog\/wp-content\/uploads\/2023\/08\/IMG_1094-scaled.jpeg?w=1200 1200w, https:\/\/i0.wp.com\/blogdalucianaoliveira.com.br\/blog\/wp-content\/uploads\/2023\/08\/IMG_1094-scaled.jpeg?w=1800 1800w\" sizes=\"auto, (max-width: 600px) 100vw, 600px\" \/><\/figure>\n\n\n\n<p><br><\/p>\n\n\n\n<figure class=\"wp-block-image size-large\"><img loading=\"lazy\" decoding=\"async\" width=\"2560\" height=\"1920\" data-attachment-id=\"34574\" data-permalink=\"http:\/\/blogdalucianaoliveira.com.br\/blog\/2023\/08\/22\/povos-e-comunidades-tradicionais-se-unem-por-direitos-e-protecao-a-seus-territorios\/img_1160\/\" data-orig-file=\"https:\/\/i0.wp.com\/blogdalucianaoliveira.com.br\/blog\/wp-content\/uploads\/2023\/08\/IMG_1160-scaled.jpeg?fit=2560%2C1920\" data-orig-size=\"2560,1920\" data-comments-opened=\"0\" data-image-meta=\"{&quot;aperture&quot;:&quot;1.6&quot;,&quot;credit&quot;:&quot;&quot;,&quot;camera&quot;:&quot;iPhone 12&quot;,&quot;caption&quot;:&quot;&quot;,&quot;created_timestamp&quot;:&quot;1692441257&quot;,&quot;copyright&quot;:&quot;&quot;,&quot;focal_length&quot;:&quot;4.2&quot;,&quot;iso&quot;:&quot;50&quot;,&quot;shutter_speed&quot;:&quot;0.00023299161230196&quot;,&quot;title&quot;:&quot;&quot;,&quot;orientation&quot;:&quot;1&quot;}\" data-image-title=\"IMG_1160\" data-image-description=\"\" data-image-caption=\"\" data-medium-file=\"https:\/\/i0.wp.com\/blogdalucianaoliveira.com.br\/blog\/wp-content\/uploads\/2023\/08\/IMG_1160-scaled.jpeg?fit=300%2C225\" data-large-file=\"https:\/\/i0.wp.com\/blogdalucianaoliveira.com.br\/blog\/wp-content\/uploads\/2023\/08\/IMG_1160-scaled.jpeg?fit=600%2C450\" src=\"https:\/\/i2.wp.com\/blogdalucianaoliveira.com.br\/blog\/wp-content\/uploads\/2023\/08\/IMG_1160-scaled.jpeg?fit=600%2C450\" alt=\"\" class=\"wp-image-34574\" srcset=\"https:\/\/i0.wp.com\/blogdalucianaoliveira.com.br\/blog\/wp-content\/uploads\/2023\/08\/IMG_1160-scaled.jpeg?w=2560 2560w, https:\/\/i0.wp.com\/blogdalucianaoliveira.com.br\/blog\/wp-content\/uploads\/2023\/08\/IMG_1160-scaled.jpeg?resize=300%2C225 300w, https:\/\/i0.wp.com\/blogdalucianaoliveira.com.br\/blog\/wp-content\/uploads\/2023\/08\/IMG_1160-scaled.jpeg?resize=1024%2C768 1024w, https:\/\/i0.wp.com\/blogdalucianaoliveira.com.br\/blog\/wp-content\/uploads\/2023\/08\/IMG_1160-scaled.jpeg?resize=768%2C576 768w, https:\/\/i0.wp.com\/blogdalucianaoliveira.com.br\/blog\/wp-content\/uploads\/2023\/08\/IMG_1160-scaled.jpeg?resize=1536%2C1152 1536w, https:\/\/i0.wp.com\/blogdalucianaoliveira.com.br\/blog\/wp-content\/uploads\/2023\/08\/IMG_1160-scaled.jpeg?resize=2048%2C1536 2048w, https:\/\/i0.wp.com\/blogdalucianaoliveira.com.br\/blog\/wp-content\/uploads\/2023\/08\/IMG_1160-scaled.jpeg?resize=400%2C300 400w, https:\/\/i0.wp.com\/blogdalucianaoliveira.com.br\/blog\/wp-content\/uploads\/2023\/08\/IMG_1160-scaled.jpeg?w=1200 1200w, https:\/\/i0.wp.com\/blogdalucianaoliveira.com.br\/blog\/wp-content\/uploads\/2023\/08\/IMG_1160-scaled.jpeg?w=1800 1800w\" sizes=\"auto, (max-width: 600px) 100vw, 600px\" \/><\/figure>\n\n\n\n<figure class=\"wp-block-image size-large\"><img loading=\"lazy\" decoding=\"async\" width=\"2560\" height=\"1920\" data-attachment-id=\"34573\" data-permalink=\"http:\/\/blogdalucianaoliveira.com.br\/blog\/2023\/08\/22\/povos-e-comunidades-tradicionais-se-unem-por-direitos-e-protecao-a-seus-territorios\/img_1128\/\" data-orig-file=\"https:\/\/i0.wp.com\/blogdalucianaoliveira.com.br\/blog\/wp-content\/uploads\/2023\/08\/IMG_1128-scaled.jpeg?fit=2560%2C1920\" data-orig-size=\"2560,1920\" data-comments-opened=\"0\" data-image-meta=\"{&quot;aperture&quot;:&quot;2.4&quot;,&quot;credit&quot;:&quot;&quot;,&quot;camera&quot;:&quot;iPhone 12&quot;,&quot;caption&quot;:&quot;&quot;,&quot;created_timestamp&quot;:&quot;1692439384&quot;,&quot;copyright&quot;:&quot;&quot;,&quot;focal_length&quot;:&quot;1.55&quot;,&quot;iso&quot;:&quot;25&quot;,&quot;shutter_speed&quot;:&quot;0.0030864197530864&quot;,&quot;title&quot;:&quot;&quot;,&quot;orientation&quot;:&quot;1&quot;}\" data-image-title=\"IMG_1128\" data-image-description=\"\" data-image-caption=\"\" data-medium-file=\"https:\/\/i0.wp.com\/blogdalucianaoliveira.com.br\/blog\/wp-content\/uploads\/2023\/08\/IMG_1128-scaled.jpeg?fit=300%2C225\" data-large-file=\"https:\/\/i0.wp.com\/blogdalucianaoliveira.com.br\/blog\/wp-content\/uploads\/2023\/08\/IMG_1128-scaled.jpeg?fit=600%2C450\" src=\"https:\/\/i1.wp.com\/blogdalucianaoliveira.com.br\/blog\/wp-content\/uploads\/2023\/08\/IMG_1128-scaled.jpeg?fit=600%2C450\" alt=\"\" class=\"wp-image-34573\" srcset=\"https:\/\/i0.wp.com\/blogdalucianaoliveira.com.br\/blog\/wp-content\/uploads\/2023\/08\/IMG_1128-scaled.jpeg?w=2560 2560w, https:\/\/i0.wp.com\/blogdalucianaoliveira.com.br\/blog\/wp-content\/uploads\/2023\/08\/IMG_1128-scaled.jpeg?resize=300%2C225 300w, https:\/\/i0.wp.com\/blogdalucianaoliveira.com.br\/blog\/wp-content\/uploads\/2023\/08\/IMG_1128-scaled.jpeg?resize=1024%2C768 1024w, https:\/\/i0.wp.com\/blogdalucianaoliveira.com.br\/blog\/wp-content\/uploads\/2023\/08\/IMG_1128-scaled.jpeg?resize=768%2C576 768w, https:\/\/i0.wp.com\/blogdalucianaoliveira.com.br\/blog\/wp-content\/uploads\/2023\/08\/IMG_1128-scaled.jpeg?resize=1536%2C1152 1536w, https:\/\/i0.wp.com\/blogdalucianaoliveira.com.br\/blog\/wp-content\/uploads\/2023\/08\/IMG_1128-scaled.jpeg?resize=2048%2C1536 2048w, https:\/\/i0.wp.com\/blogdalucianaoliveira.com.br\/blog\/wp-content\/uploads\/2023\/08\/IMG_1128-scaled.jpeg?resize=400%2C300 400w, https:\/\/i0.wp.com\/blogdalucianaoliveira.com.br\/blog\/wp-content\/uploads\/2023\/08\/IMG_1128-scaled.jpeg?w=1200 1200w, https:\/\/i0.wp.com\/blogdalucianaoliveira.com.br\/blog\/wp-content\/uploads\/2023\/08\/IMG_1128-scaled.jpeg?w=1800 1800w\" sizes=\"auto, (max-width: 600px) 100vw, 600px\" \/><\/figure>\n\n\n\n<p>No segundo dia ocorreram debates e trabalhos em grupo sobre territ\u00f3rio, educa\u00e7\u00e3o, sa\u00fade, mulheres, juventude e estrat\u00e9gias de fortalecimento da Rede. <\/p>\n\n\n\n<p>O \u00faltimo dia foi reservado \u00e0 Audi\u00eancia P\u00fablica convocada pela deputada estadual Cl\u00e1udia de Jesus (PT), com participa\u00e7\u00e3o de representantes de \u00f3rg\u00e3os p\u00fablicos de v\u00e1rias esferas em busca de solu\u00e7\u00f5es para os problemas de desamparo e amea\u00e7as a esses povos.<\/p>\n\n\n\n<figure class=\"wp-block-image size-large\"><img loading=\"lazy\" decoding=\"async\" width=\"1600\" height=\"1200\" data-attachment-id=\"34567\" data-permalink=\"http:\/\/blogdalucianaoliveira.com.br\/blog\/2023\/08\/22\/povos-e-comunidades-tradicionais-se-unem-por-direitos-e-protecao-a-seus-territorios\/imagem-do-whatsapp-de-2023-08-22-as-13-30-06\/\" data-orig-file=\"https:\/\/i0.wp.com\/blogdalucianaoliveira.com.br\/blog\/wp-content\/uploads\/2023\/08\/Imagem-do-WhatsApp-de-2023-08-22-%C3%A0s-13.30.06.jpg?fit=1600%2C1200\" data-orig-size=\"1600,1200\" data-comments-opened=\"0\" data-image-meta=\"{&quot;aperture&quot;:&quot;0&quot;,&quot;credit&quot;:&quot;&quot;,&quot;camera&quot;:&quot;&quot;,&quot;caption&quot;:&quot;&quot;,&quot;created_timestamp&quot;:&quot;0&quot;,&quot;copyright&quot;:&quot;&quot;,&quot;focal_length&quot;:&quot;0&quot;,&quot;iso&quot;:&quot;0&quot;,&quot;shutter_speed&quot;:&quot;0&quot;,&quot;title&quot;:&quot;&quot;,&quot;orientation&quot;:&quot;0&quot;}\" data-image-title=\"Imagem-do-WhatsApp-de-2023-08-22-\u00e0s-13.30.06\" data-image-description=\"\" data-image-caption=\"\" data-medium-file=\"https:\/\/i0.wp.com\/blogdalucianaoliveira.com.br\/blog\/wp-content\/uploads\/2023\/08\/Imagem-do-WhatsApp-de-2023-08-22-%C3%A0s-13.30.06.jpg?fit=300%2C225\" data-large-file=\"https:\/\/i0.wp.com\/blogdalucianaoliveira.com.br\/blog\/wp-content\/uploads\/2023\/08\/Imagem-do-WhatsApp-de-2023-08-22-%C3%A0s-13.30.06.jpg?fit=600%2C450\" src=\"https:\/\/i1.wp.com\/blogdalucianaoliveira.com.br\/blog\/wp-content\/uploads\/2023\/08\/Imagem-do-WhatsApp-de-2023-08-22-\u00e0s-13.30.06.jpg?fit=600%2C450&amp;ssl=1\" alt=\"\" class=\"wp-image-34567\" srcset=\"https:\/\/i0.wp.com\/blogdalucianaoliveira.com.br\/blog\/wp-content\/uploads\/2023\/08\/Imagem-do-WhatsApp-de-2023-08-22-%C3%A0s-13.30.06.jpg?w=1600 1600w, https:\/\/i0.wp.com\/blogdalucianaoliveira.com.br\/blog\/wp-content\/uploads\/2023\/08\/Imagem-do-WhatsApp-de-2023-08-22-%C3%A0s-13.30.06.jpg?resize=300%2C225 300w, https:\/\/i0.wp.com\/blogdalucianaoliveira.com.br\/blog\/wp-content\/uploads\/2023\/08\/Imagem-do-WhatsApp-de-2023-08-22-%C3%A0s-13.30.06.jpg?resize=1024%2C768 1024w, https:\/\/i0.wp.com\/blogdalucianaoliveira.com.br\/blog\/wp-content\/uploads\/2023\/08\/Imagem-do-WhatsApp-de-2023-08-22-%C3%A0s-13.30.06.jpg?resize=768%2C576 768w, https:\/\/i0.wp.com\/blogdalucianaoliveira.com.br\/blog\/wp-content\/uploads\/2023\/08\/Imagem-do-WhatsApp-de-2023-08-22-%C3%A0s-13.30.06.jpg?resize=1536%2C1152 1536w, https:\/\/i0.wp.com\/blogdalucianaoliveira.com.br\/blog\/wp-content\/uploads\/2023\/08\/Imagem-do-WhatsApp-de-2023-08-22-%C3%A0s-13.30.06.jpg?resize=400%2C300 400w, https:\/\/i0.wp.com\/blogdalucianaoliveira.com.br\/blog\/wp-content\/uploads\/2023\/08\/Imagem-do-WhatsApp-de-2023-08-22-%C3%A0s-13.30.06.jpg?w=1200 1200w\" sizes=\"auto, (max-width: 600px) 100vw, 600px\" \/><\/figure>\n\n\n\n<p>Em carta p\u00fablica denunciaram\nque \u201ca aus\u00eancia da demarca\u00e7\u00e3o dos territ\u00f3rios \u00e9 uma das graves omiss\u00f5es e\nviol\u00eancias perpetradas contra os corpos que s\u00e3o parte ancestral e presente\ndeste espa\u00e7o chamado Rond\u00f4nia, onde a invas\u00e3o do agroneg\u00f3cio tem apoio pol\u00edtico\ne financeiro do Estado causando a expuls\u00e3o dos povos da terra\u201d.<\/p>\n\n\n\n<p><strong>Tamb\u00e9m cobraram respeito aos territ\u00f3rios j\u00e1 demarcados <\/strong>com a garantia de seguran\u00e7a e integridade destes espa\u00e7os que sofrem viol\u00eancias causadas por invas\u00f5es e grilagem, roubo de madeira, contamina\u00e7\u00e3o dos rios, doen\u00e7as por agrot\u00f3xicos, coa\u00e7\u00e3o e amea\u00e7as contra as lideran\u00e7as e comunit\u00e1rios.<\/p>\n\n\n\n<figure class=\"wp-block-image size-large\"><img loading=\"lazy\" decoding=\"async\" width=\"1600\" height=\"720\" data-attachment-id=\"34568\" data-permalink=\"http:\/\/blogdalucianaoliveira.com.br\/blog\/2023\/08\/22\/povos-e-comunidades-tradicionais-se-unem-por-direitos-e-protecao-a-seus-territorios\/imagem-do-whatsapp-de-2023-08-22-as-13-30-06-1\/\" data-orig-file=\"https:\/\/i0.wp.com\/blogdalucianaoliveira.com.br\/blog\/wp-content\/uploads\/2023\/08\/Imagem-do-WhatsApp-de-2023-08-22-%C3%A0s-13.30.06-1.jpg?fit=1600%2C720\" data-orig-size=\"1600,720\" data-comments-opened=\"0\" data-image-meta=\"{&quot;aperture&quot;:&quot;0&quot;,&quot;credit&quot;:&quot;&quot;,&quot;camera&quot;:&quot;&quot;,&quot;caption&quot;:&quot;&quot;,&quot;created_timestamp&quot;:&quot;0&quot;,&quot;copyright&quot;:&quot;&quot;,&quot;focal_length&quot;:&quot;0&quot;,&quot;iso&quot;:&quot;0&quot;,&quot;shutter_speed&quot;:&quot;0&quot;,&quot;title&quot;:&quot;&quot;,&quot;orientation&quot;:&quot;0&quot;}\" data-image-title=\"Imagem-do-WhatsApp-de-2023-08-22-\u00e0s-13.30.06-1\" data-image-description=\"\" data-image-caption=\"\" data-medium-file=\"https:\/\/i0.wp.com\/blogdalucianaoliveira.com.br\/blog\/wp-content\/uploads\/2023\/08\/Imagem-do-WhatsApp-de-2023-08-22-%C3%A0s-13.30.06-1.jpg?fit=300%2C135\" data-large-file=\"https:\/\/i0.wp.com\/blogdalucianaoliveira.com.br\/blog\/wp-content\/uploads\/2023\/08\/Imagem-do-WhatsApp-de-2023-08-22-%C3%A0s-13.30.06-1.jpg?fit=600%2C270\" src=\"https:\/\/i1.wp.com\/blogdalucianaoliveira.com.br\/blog\/wp-content\/uploads\/2023\/08\/Imagem-do-WhatsApp-de-2023-08-22-\u00e0s-13.30.06-1.jpg?fit=600%2C270&amp;ssl=1\" alt=\"\" class=\"wp-image-34568\" srcset=\"https:\/\/i0.wp.com\/blogdalucianaoliveira.com.br\/blog\/wp-content\/uploads\/2023\/08\/Imagem-do-WhatsApp-de-2023-08-22-%C3%A0s-13.30.06-1.jpg?w=1600 1600w, https:\/\/i0.wp.com\/blogdalucianaoliveira.com.br\/blog\/wp-content\/uploads\/2023\/08\/Imagem-do-WhatsApp-de-2023-08-22-%C3%A0s-13.30.06-1.jpg?resize=300%2C135 300w, https:\/\/i0.wp.com\/blogdalucianaoliveira.com.br\/blog\/wp-content\/uploads\/2023\/08\/Imagem-do-WhatsApp-de-2023-08-22-%C3%A0s-13.30.06-1.jpg?resize=1024%2C461 1024w, https:\/\/i0.wp.com\/blogdalucianaoliveira.com.br\/blog\/wp-content\/uploads\/2023\/08\/Imagem-do-WhatsApp-de-2023-08-22-%C3%A0s-13.30.06-1.jpg?resize=768%2C346 768w, https:\/\/i0.wp.com\/blogdalucianaoliveira.com.br\/blog\/wp-content\/uploads\/2023\/08\/Imagem-do-WhatsApp-de-2023-08-22-%C3%A0s-13.30.06-1.jpg?resize=1536%2C691 1536w, https:\/\/i0.wp.com\/blogdalucianaoliveira.com.br\/blog\/wp-content\/uploads\/2023\/08\/Imagem-do-WhatsApp-de-2023-08-22-%C3%A0s-13.30.06-1.jpg?resize=667%2C300 667w, https:\/\/i0.wp.com\/blogdalucianaoliveira.com.br\/blog\/wp-content\/uploads\/2023\/08\/Imagem-do-WhatsApp-de-2023-08-22-%C3%A0s-13.30.06-1.jpg?w=1200 1200w\" sizes=\"auto, (max-width: 600px) 100vw, 600px\" \/><\/figure>\n\n\n\n<p>A deputada que convocou a audi\u00eancia disse que vai dar encaminhamento \u00e0 pauta apresentada pela Rede de Povos e Comunidades Tradicionais, por considerar pertinente e urgente. \u201cA gente precisa ser porta-voz das comunidades junto ao governo do estado e ao governo federal para que as pol\u00edticas p\u00fablicas sejam alcan\u00e7adas. Nosso intuito foi ouvir e conhecer a realidade para agir junto aos \u00f3rg\u00e3os competentes\u201d, disse Cl\u00e1udia de Jesus.<\/p>\n\n\n\n<p><strong>Carta da Rede dos Povos e Comunidades Tradicionais lida na Audi\u00eancia p\u00fablica<\/strong><\/p>\n\n\n\n<figure class=\"wp-block-image size-large\"><img loading=\"lazy\" decoding=\"async\" width=\"1170\" height=\"1538\" data-attachment-id=\"34571\" data-permalink=\"http:\/\/blogdalucianaoliveira.com.br\/blog\/2023\/08\/22\/povos-e-comunidades-tradicionais-se-unem-por-direitos-e-protecao-a-seus-territorios\/img_1481\/\" data-orig-file=\"https:\/\/i0.wp.com\/blogdalucianaoliveira.com.br\/blog\/wp-content\/uploads\/2023\/08\/IMG_1481.jpeg?fit=1170%2C1538\" data-orig-size=\"1170,1538\" data-comments-opened=\"0\" data-image-meta=\"{&quot;aperture&quot;:&quot;0&quot;,&quot;credit&quot;:&quot;&quot;,&quot;camera&quot;:&quot;&quot;,&quot;caption&quot;:&quot;&quot;,&quot;created_timestamp&quot;:&quot;0&quot;,&quot;copyright&quot;:&quot;&quot;,&quot;focal_length&quot;:&quot;0&quot;,&quot;iso&quot;:&quot;0&quot;,&quot;shutter_speed&quot;:&quot;0&quot;,&quot;title&quot;:&quot;&quot;,&quot;orientation&quot;:&quot;1&quot;}\" data-image-title=\"IMG_1481\" data-image-description=\"\" data-image-caption=\"\" data-medium-file=\"https:\/\/i0.wp.com\/blogdalucianaoliveira.com.br\/blog\/wp-content\/uploads\/2023\/08\/IMG_1481.jpeg?fit=228%2C300\" data-large-file=\"https:\/\/i0.wp.com\/blogdalucianaoliveira.com.br\/blog\/wp-content\/uploads\/2023\/08\/IMG_1481.jpeg?fit=600%2C789\" src=\"https:\/\/i1.wp.com\/blogdalucianaoliveira.com.br\/blog\/wp-content\/uploads\/2023\/08\/IMG_1481.jpeg?fit=600%2C789\" alt=\"\" class=\"wp-image-34571\" srcset=\"https:\/\/i0.wp.com\/blogdalucianaoliveira.com.br\/blog\/wp-content\/uploads\/2023\/08\/IMG_1481.jpeg?w=1170 1170w, https:\/\/i0.wp.com\/blogdalucianaoliveira.com.br\/blog\/wp-content\/uploads\/2023\/08\/IMG_1481.jpeg?resize=228%2C300 228w, https:\/\/i0.wp.com\/blogdalucianaoliveira.com.br\/blog\/wp-content\/uploads\/2023\/08\/IMG_1481.jpeg?resize=779%2C1024 779w, https:\/\/i0.wp.com\/blogdalucianaoliveira.com.br\/blog\/wp-content\/uploads\/2023\/08\/IMG_1481.jpeg?resize=768%2C1010 768w, https:\/\/i0.wp.com\/blogdalucianaoliveira.com.br\/blog\/wp-content\/uploads\/2023\/08\/IMG_1481.jpeg?resize=1168%2C1536 1168w\" sizes=\"auto, (max-width: 600px) 100vw, 600px\" \/><\/figure>\n\n\n\n<p>O evento teve apoio da Comiss\u00e3o Pastoral da Terra, CESE, Funda\u00e7\u00e3o Rosa Luxemburgo, Misereor, Steyler Mission e participa\u00e7\u00e3o do CIMI e REPAM. <br><\/p>\n\n\n\n<p><strong>Brigada da Juventude <\/strong><\/p>\n\n\n\n<p>Antecedeu o Encontro, entre os dias 16 e 18, no mesmo local, um evento de mobiliza\u00e7\u00e3o da Brigada de Juventude dos Povos de Comunidades Tradicionais de Rond\u00f4nia, que este ano teve como tema:&nbsp;<strong>\u201cJuventudes organizadas permanecem em seus territ\u00f3rios, repartindo sonhos e construindo um novo amanh\u00e3 na Amaz\u00f4nia!\u201d&nbsp;<\/strong><br><\/p>\n\n\n\n<p>Participaram  jovens ind\u00edgenas, de reservas extrativistas, quilombolas e de assentamentos de reforma agr\u00e1ria.&nbsp;S\u00e3o juventudes reunidas dialogando sobre as suas vidas, a partir do ch\u00e3o dos seus contextos e territ\u00f3rios.&nbsp;<br><\/p>\n\n\n\n<figure class=\"wp-block-image size-large\"><img loading=\"lazy\" decoding=\"async\" width=\"1500\" height=\"1000\" data-attachment-id=\"34576\" data-permalink=\"http:\/\/blogdalucianaoliveira.com.br\/blog\/2023\/08\/22\/povos-e-comunidades-tradicionais-se-unem-por-direitos-e-protecao-a-seus-territorios\/33299b94-b4c7-44ed-8379-138995dd781e\/\" data-orig-file=\"https:\/\/i0.wp.com\/blogdalucianaoliveira.com.br\/blog\/wp-content\/uploads\/2023\/08\/33299b94-b4c7-44ed-8379-138995dd781e.jpeg?fit=1500%2C1000\" data-orig-size=\"1500,1000\" data-comments-opened=\"0\" data-image-meta=\"{&quot;aperture&quot;:&quot;0&quot;,&quot;credit&quot;:&quot;&quot;,&quot;camera&quot;:&quot;&quot;,&quot;caption&quot;:&quot;&quot;,&quot;created_timestamp&quot;:&quot;0&quot;,&quot;copyright&quot;:&quot;&quot;,&quot;focal_length&quot;:&quot;0&quot;,&quot;iso&quot;:&quot;0&quot;,&quot;shutter_speed&quot;:&quot;0&quot;,&quot;title&quot;:&quot;&quot;,&quot;orientation&quot;:&quot;0&quot;}\" data-image-title=\"33299b94-b4c7-44ed-8379-138995dd781e\" data-image-description=\"\" data-image-caption=\"\" data-medium-file=\"https:\/\/i0.wp.com\/blogdalucianaoliveira.com.br\/blog\/wp-content\/uploads\/2023\/08\/33299b94-b4c7-44ed-8379-138995dd781e.jpeg?fit=300%2C200\" data-large-file=\"https:\/\/i0.wp.com\/blogdalucianaoliveira.com.br\/blog\/wp-content\/uploads\/2023\/08\/33299b94-b4c7-44ed-8379-138995dd781e.jpeg?fit=600%2C400\" src=\"https:\/\/i2.wp.com\/blogdalucianaoliveira.com.br\/blog\/wp-content\/uploads\/2023\/08\/33299b94-b4c7-44ed-8379-138995dd781e.jpeg?fit=600%2C400\" alt=\"\" class=\"wp-image-34576\" srcset=\"https:\/\/i0.wp.com\/blogdalucianaoliveira.com.br\/blog\/wp-content\/uploads\/2023\/08\/33299b94-b4c7-44ed-8379-138995dd781e.jpeg?w=1500 1500w, https:\/\/i0.wp.com\/blogdalucianaoliveira.com.br\/blog\/wp-content\/uploads\/2023\/08\/33299b94-b4c7-44ed-8379-138995dd781e.jpeg?resize=300%2C200 300w, https:\/\/i0.wp.com\/blogdalucianaoliveira.com.br\/blog\/wp-content\/uploads\/2023\/08\/33299b94-b4c7-44ed-8379-138995dd781e.jpeg?resize=1024%2C683 1024w, https:\/\/i0.wp.com\/blogdalucianaoliveira.com.br\/blog\/wp-content\/uploads\/2023\/08\/33299b94-b4c7-44ed-8379-138995dd781e.jpeg?resize=768%2C512 768w, https:\/\/i0.wp.com\/blogdalucianaoliveira.com.br\/blog\/wp-content\/uploads\/2023\/08\/33299b94-b4c7-44ed-8379-138995dd781e.jpeg?resize=450%2C300 450w, https:\/\/i0.wp.com\/blogdalucianaoliveira.com.br\/blog\/wp-content\/uploads\/2023\/08\/33299b94-b4c7-44ed-8379-138995dd781e.jpeg?w=1200 1200w\" sizes=\"auto, (max-width: 600px) 100vw, 600px\" \/><\/figure>\n\n\n\n<figure class=\"wp-block-image size-large\"><img loading=\"lazy\" decoding=\"async\" width=\"1500\" height=\"1000\" data-attachment-id=\"34577\" data-permalink=\"http:\/\/blogdalucianaoliveira.com.br\/blog\/2023\/08\/22\/povos-e-comunidades-tradicionais-se-unem-por-direitos-e-protecao-a-seus-territorios\/f71297ad-a889-4342-a2f0-f06357b3b725\/\" data-orig-file=\"https:\/\/i0.wp.com\/blogdalucianaoliveira.com.br\/blog\/wp-content\/uploads\/2023\/08\/f71297ad-a889-4342-a2f0-f06357b3b725.jpeg?fit=1500%2C1000\" data-orig-size=\"1500,1000\" data-comments-opened=\"0\" data-image-meta=\"{&quot;aperture&quot;:&quot;0&quot;,&quot;credit&quot;:&quot;&quot;,&quot;camera&quot;:&quot;&quot;,&quot;caption&quot;:&quot;&quot;,&quot;created_timestamp&quot;:&quot;0&quot;,&quot;copyright&quot;:&quot;&quot;,&quot;focal_length&quot;:&quot;0&quot;,&quot;iso&quot;:&quot;0&quot;,&quot;shutter_speed&quot;:&quot;0&quot;,&quot;title&quot;:&quot;&quot;,&quot;orientation&quot;:&quot;0&quot;}\" data-image-title=\"f71297ad-a889-4342-a2f0-f06357b3b725\" data-image-description=\"\" data-image-caption=\"\" data-medium-file=\"https:\/\/i0.wp.com\/blogdalucianaoliveira.com.br\/blog\/wp-content\/uploads\/2023\/08\/f71297ad-a889-4342-a2f0-f06357b3b725.jpeg?fit=300%2C200\" data-large-file=\"https:\/\/i0.wp.com\/blogdalucianaoliveira.com.br\/blog\/wp-content\/uploads\/2023\/08\/f71297ad-a889-4342-a2f0-f06357b3b725.jpeg?fit=600%2C400\" src=\"https:\/\/i1.wp.com\/blogdalucianaoliveira.com.br\/blog\/wp-content\/uploads\/2023\/08\/f71297ad-a889-4342-a2f0-f06357b3b725.jpeg?fit=600%2C400\" alt=\"\" class=\"wp-image-34577\" srcset=\"https:\/\/i0.wp.com\/blogdalucianaoliveira.com.br\/blog\/wp-content\/uploads\/2023\/08\/f71297ad-a889-4342-a2f0-f06357b3b725.jpeg?w=1500 1500w, https:\/\/i0.wp.com\/blogdalucianaoliveira.com.br\/blog\/wp-content\/uploads\/2023\/08\/f71297ad-a889-4342-a2f0-f06357b3b725.jpeg?resize=300%2C200 300w, https:\/\/i0.wp.com\/blogdalucianaoliveira.com.br\/blog\/wp-content\/uploads\/2023\/08\/f71297ad-a889-4342-a2f0-f06357b3b725.jpeg?resize=1024%2C683 1024w, https:\/\/i0.wp.com\/blogdalucianaoliveira.com.br\/blog\/wp-content\/uploads\/2023\/08\/f71297ad-a889-4342-a2f0-f06357b3b725.jpeg?resize=768%2C512 768w, https:\/\/i0.wp.com\/blogdalucianaoliveira.com.br\/blog\/wp-content\/uploads\/2023\/08\/f71297ad-a889-4342-a2f0-f06357b3b725.jpeg?resize=450%2C300 450w, https:\/\/i0.wp.com\/blogdalucianaoliveira.com.br\/blog\/wp-content\/uploads\/2023\/08\/f71297ad-a889-4342-a2f0-f06357b3b725.jpeg?w=1200 1200w\" sizes=\"auto, (max-width: 600px) 100vw, 600px\" \/><\/figure>\n","protected":false},"excerpt":{"rendered":"<p>Um grande encontro com ind\u00edgenas, quilombolas, ribeirinhos e extrativistas movimentou o munic\u00edpio de Costa Marques entre os dias 19 e 21. Tecendo uma rede de resist\u00eancia e luta desde 2017, realizaram o IV Encontro da Rede dos Povos e Comunidades Tradicionais de Rond\u00f4nia, na Comunidade Quilombola do Forte Pr\u00edncipe da Beira, \u00e0s margens do rio&#8230;<a class=\"more-link\" href=\"http:\/\/blogdalucianaoliveira.com.br\/blog\/2023\/08\/22\/povos-e-comunidades-tradicionais-se-unem-por-direitos-e-protecao-a-seus-territorios\/\">Continue a leitura <span class=\"meta-nav\">&raquo;<\/span><\/a><\/p>\n","protected":false},"author":1,"featured_media":0,"comment_status":"closed","ping_status":"open","sticky":false,"template":"","format":"standard","meta":{"_exactmetrics_skip_tracking":false,"_exactmetrics_sitenote_active":false,"_exactmetrics_sitenote_note":"","_exactmetrics_sitenote_category":0,"jetpack_post_was_ever_published":false,"_jetpack_newsletter_access":"","_jetpack_dont_email_post_to_subs":false,"_jetpack_newsletter_tier_id":0,"_jetpack_memberships_contains_paywalled_content":false,"_jetpack_memberships_contains_paid_content":false,"footnotes":"","jetpack_publicize_message":"","jetpack_publicize_feature_enabled":true,"jetpack_social_post_already_shared":true,"jetpack_social_options":{"image_generator_settings":{"template":"highway","enabled":false},"version":2}},"categories":[1],"tags":[839,840,306,726,7],"class_list":["post-34566","post","type-post","status-publish","format-standard","hentry","category-notas","tag-comunidades-tradicionais","tag-demarcacao","tag-indigenas","tag-quilombolas","tag-rondonia"],"jetpack_publicize_connections":[],"jetpack_sharing_enabled":true,"jetpack_featured_media_url":"","jetpack_shortlink":"https:\/\/wp.me\/p7wKYW-8Zw","jetpack-related-posts":[],"_links":{"self":[{"href":"http:\/\/blogdalucianaoliveira.com.br\/blog\/wp-json\/wp\/v2\/posts\/34566","targetHints":{"allow":["GET"]}}],"collection":[{"href":"http:\/\/blogdalucianaoliveira.com.br\/blog\/wp-json\/wp\/v2\/posts"}],"about":[{"href":"http:\/\/blogdalucianaoliveira.com.br\/blog\/wp-json\/wp\/v2\/types\/post"}],"author":[{"embeddable":true,"href":"http:\/\/blogdalucianaoliveira.com.br\/blog\/wp-json\/wp\/v2\/users\/1"}],"replies":[{"embeddable":true,"href":"http:\/\/blogdalucianaoliveira.com.br\/blog\/wp-json\/wp\/v2\/comments?post=34566"}],"version-history":[{"count":5,"href":"http:\/\/blogdalucianaoliveira.com.br\/blog\/wp-json\/wp\/v2\/posts\/34566\/revisions"}],"predecessor-version":[{"id":34580,"href":"http:\/\/blogdalucianaoliveira.com.br\/blog\/wp-json\/wp\/v2\/posts\/34566\/revisions\/34580"}],"wp:attachment":[{"href":"http:\/\/blogdalucianaoliveira.com.br\/blog\/wp-json\/wp\/v2\/media?parent=34566"}],"wp:term":[{"taxonomy":"category","embeddable":true,"href":"http:\/\/blogdalucianaoliveira.com.br\/blog\/wp-json\/wp\/v2\/categories?post=34566"},{"taxonomy":"post_tag","embeddable":true,"href":"http:\/\/blogdalucianaoliveira.com.br\/blog\/wp-json\/wp\/v2\/tags?post=34566"}],"curies":[{"name":"wp","href":"https:\/\/api.w.org\/{rel}","templated":true}]}}