{"id":34586,"date":"2023-10-02T18:38:56","date_gmt":"2023-10-02T22:38:56","guid":{"rendered":"http:\/\/blogdalucianaoliveira.com.br\/blog\/?p=34586"},"modified":"2023-10-02T18:39:02","modified_gmt":"2023-10-02T22:39:02","slug":"porto-velho-sedia-encontro-nacional-da-renap","status":"publish","type":"post","link":"http:\/\/blogdalucianaoliveira.com.br\/blog\/2023\/10\/02\/porto-velho-sedia-encontro-nacional-da-renap\/","title":{"rendered":"PORTO VELHO SEDIA ENCONTRO NACIONAL DA RENAP"},"content":{"rendered":"\n<figure class=\"wp-block-image size-large\"><img loading=\"lazy\" decoding=\"async\" width=\"1597\" height=\"787\" data-attachment-id=\"34587\" data-permalink=\"http:\/\/blogdalucianaoliveira.com.br\/blog\/2023\/10\/02\/porto-velho-sedia-encontro-nacional-da-renap\/7cad64f0-3f97-4d46-ac86-29d43c5de687\/\" data-orig-file=\"https:\/\/i0.wp.com\/blogdalucianaoliveira.com.br\/blog\/wp-content\/uploads\/2023\/10\/7cad64f0-3f97-4d46-ac86-29d43c5de687.jpeg?fit=1597%2C787\" data-orig-size=\"1597,787\" data-comments-opened=\"0\" data-image-meta=\"{&quot;aperture&quot;:&quot;0&quot;,&quot;credit&quot;:&quot;&quot;,&quot;camera&quot;:&quot;&quot;,&quot;caption&quot;:&quot;&quot;,&quot;created_timestamp&quot;:&quot;1695677074&quot;,&quot;copyright&quot;:&quot;&quot;,&quot;focal_length&quot;:&quot;0&quot;,&quot;iso&quot;:&quot;0&quot;,&quot;shutter_speed&quot;:&quot;0&quot;,&quot;title&quot;:&quot;&quot;,&quot;orientation&quot;:&quot;1&quot;}\" data-image-title=\"7cad64f0-3f97-4d46-ac86-29d43c5de687\" data-image-description=\"\" data-image-caption=\"\" data-medium-file=\"https:\/\/i0.wp.com\/blogdalucianaoliveira.com.br\/blog\/wp-content\/uploads\/2023\/10\/7cad64f0-3f97-4d46-ac86-29d43c5de687.jpeg?fit=300%2C148\" data-large-file=\"https:\/\/i0.wp.com\/blogdalucianaoliveira.com.br\/blog\/wp-content\/uploads\/2023\/10\/7cad64f0-3f97-4d46-ac86-29d43c5de687.jpeg?fit=600%2C296\" src=\"https:\/\/i1.wp.com\/blogdalucianaoliveira.com.br\/blog\/wp-content\/uploads\/2023\/10\/7cad64f0-3f97-4d46-ac86-29d43c5de687.jpeg?fit=600%2C296\" alt=\"\" class=\"wp-image-34587\" srcset=\"https:\/\/i0.wp.com\/blogdalucianaoliveira.com.br\/blog\/wp-content\/uploads\/2023\/10\/7cad64f0-3f97-4d46-ac86-29d43c5de687.jpeg?w=1597 1597w, https:\/\/i0.wp.com\/blogdalucianaoliveira.com.br\/blog\/wp-content\/uploads\/2023\/10\/7cad64f0-3f97-4d46-ac86-29d43c5de687.jpeg?resize=300%2C148 300w, https:\/\/i0.wp.com\/blogdalucianaoliveira.com.br\/blog\/wp-content\/uploads\/2023\/10\/7cad64f0-3f97-4d46-ac86-29d43c5de687.jpeg?resize=1024%2C505 1024w, https:\/\/i0.wp.com\/blogdalucianaoliveira.com.br\/blog\/wp-content\/uploads\/2023\/10\/7cad64f0-3f97-4d46-ac86-29d43c5de687.jpeg?resize=768%2C378 768w, https:\/\/i0.wp.com\/blogdalucianaoliveira.com.br\/blog\/wp-content\/uploads\/2023\/10\/7cad64f0-3f97-4d46-ac86-29d43c5de687.jpeg?resize=1536%2C757 1536w, https:\/\/i0.wp.com\/blogdalucianaoliveira.com.br\/blog\/wp-content\/uploads\/2023\/10\/7cad64f0-3f97-4d46-ac86-29d43c5de687.jpeg?resize=609%2C300 609w, https:\/\/i0.wp.com\/blogdalucianaoliveira.com.br\/blog\/wp-content\/uploads\/2023\/10\/7cad64f0-3f97-4d46-ac86-29d43c5de687.jpeg?w=1200 1200w\" sizes=\"auto, (max-width: 600px) 100vw, 600px\" \/><\/figure>\n\n\n\n<p>Ser\u00e1 a primeira vez que a capital sediar\u00e1 um encontro da Rede Nacional de Advogados e Advogadas Populares &#8211; RENAP, fundada h\u00e1 27 anos para garantir presta\u00e7\u00e3o de servi\u00e7os jur\u00eddicos a movimentos sociais e popula\u00e7\u00f5es invisibilizadas ou amea\u00e7adas.  <\/p>\n\n\n\n<p>A abertura do Encontro ter\u00e1 entrada livre e ser\u00e1 no audit\u00f3rio da Universidade Federal de Rond\u00f4nia, Centro, no dia 05 de outubro, a partir das 09 hs.<\/p>\n\n\n\n<!--more-->\n\n\n\n<p>Os tr\u00eas dias seguintes, ser\u00e3o de debates internos da Rede. Ser\u00e1 um per\u00edodo de articula\u00e7\u00e3o, troca de experi\u00eancias e estudos para aprimorar o trabalho jur\u00eddico na luta popular. <\/p>\n\n\n\n<p>Advogados e advogadas de Rond\u00f4nia e de outros estados se inscreveram.<\/p>\n\n\n\n<p>Ao longo de quase tr\u00eas d\u00e9cadas, a RENAP se consolidou com uma articula\u00e7\u00e3o nacional de  advogados e advogadas que t\u00eam como interesse comum a defesa do povo, da terra e do trabalho, a partir de uma interpreta\u00e7\u00e3o do direito mais humana e justa. <\/p>\n\n\n\n<p>Os temas que afetam as popula\u00e7\u00f5es mais oprimidas no estado, ser\u00e3o amplamente debatidos nos quatro dias de evento. <\/p>\n\n\n\n<p>A participa\u00e7\u00e3o na abertura n\u00e3o exige inscri\u00e7\u00e3o, ser\u00e1 livre ao p\u00fablico em geral e \u00e0 imprensa.<\/p>\n","protected":false},"excerpt":{"rendered":"<p>Ser\u00e1 a primeira vez que a capital sediar\u00e1 um encontro da Rede Nacional de Advogados e Advogadas Populares &#8211; RENAP, fundada h\u00e1 27 anos para garantir presta\u00e7\u00e3o de servi\u00e7os jur\u00eddicos a movimentos sociais e popula\u00e7\u00f5es invisibilizadas ou amea\u00e7adas. A abertura do Encontro ter\u00e1 entrada livre e ser\u00e1 no audit\u00f3rio da Universidade Federal de Rond\u00f4nia, Centro,&#8230;<a class=\"more-link\" href=\"http:\/\/blogdalucianaoliveira.com.br\/blog\/2023\/10\/02\/porto-velho-sedia-encontro-nacional-da-renap\/\">Continue a leitura <span class=\"meta-nav\">&raquo;<\/span><\/a><\/p>\n","protected":false},"author":1,"featured_media":0,"comment_status":"closed","ping_status":"open","sticky":false,"template":"","format":"standard","meta":{"_exactmetrics_skip_tracking":false,"_exactmetrics_sitenote_active":false,"_exactmetrics_sitenote_note":"","_exactmetrics_sitenote_category":0,"jetpack_post_was_ever_published":false,"_jetpack_newsletter_access":"","_jetpack_dont_email_post_to_subs":false,"_jetpack_newsletter_tier_id":0,"_jetpack_memberships_contains_paywalled_content":false,"_jetpack_memberships_contains_paid_content":false,"footnotes":"","jetpack_publicize_message":"","jetpack_publicize_feature_enabled":true,"jetpack_social_post_already_shared":true,"jetpack_social_options":{"image_generator_settings":{"template":"highway","enabled":false},"version":2}},"categories":[1],"tags":[844,843],"class_list":["post-34586","post","type-post","status-publish","format-standard","hentry","category-notas","tag-advocacia-popular","tag-renap"],"jetpack_publicize_connections":[],"jetpack_sharing_enabled":true,"jetpack_featured_media_url":"","jetpack_shortlink":"https:\/\/wp.me\/p7wKYW-8ZQ","jetpack-related-posts":[],"_links":{"self":[{"href":"http:\/\/blogdalucianaoliveira.com.br\/blog\/wp-json\/wp\/v2\/posts\/34586","targetHints":{"allow":["GET"]}}],"collection":[{"href":"http:\/\/blogdalucianaoliveira.com.br\/blog\/wp-json\/wp\/v2\/posts"}],"about":[{"href":"http:\/\/blogdalucianaoliveira.com.br\/blog\/wp-json\/wp\/v2\/types\/post"}],"author":[{"embeddable":true,"href":"http:\/\/blogdalucianaoliveira.com.br\/blog\/wp-json\/wp\/v2\/users\/1"}],"replies":[{"embeddable":true,"href":"http:\/\/blogdalucianaoliveira.com.br\/blog\/wp-json\/wp\/v2\/comments?post=34586"}],"version-history":[{"count":1,"href":"http:\/\/blogdalucianaoliveira.com.br\/blog\/wp-json\/wp\/v2\/posts\/34586\/revisions"}],"predecessor-version":[{"id":34588,"href":"http:\/\/blogdalucianaoliveira.com.br\/blog\/wp-json\/wp\/v2\/posts\/34586\/revisions\/34588"}],"wp:attachment":[{"href":"http:\/\/blogdalucianaoliveira.com.br\/blog\/wp-json\/wp\/v2\/media?parent=34586"}],"wp:term":[{"taxonomy":"category","embeddable":true,"href":"http:\/\/blogdalucianaoliveira.com.br\/blog\/wp-json\/wp\/v2\/categories?post=34586"},{"taxonomy":"post_tag","embeddable":true,"href":"http:\/\/blogdalucianaoliveira.com.br\/blog\/wp-json\/wp\/v2\/tags?post=34586"}],"curies":[{"name":"wp","href":"https:\/\/api.w.org\/{rel}","templated":true}]}}