{"id":34589,"date":"2023-10-05T20:10:03","date_gmt":"2023-10-06T00:10:03","guid":{"rendered":"http:\/\/blogdalucianaoliveira.com.br\/blog\/?p=34589"},"modified":"2023-10-05T20:10:04","modified_gmt":"2023-10-06T00:10:04","slug":"advogados-e-advogadas-populares-pedem-em-nota-que-lula-garanta-vaga-de-mulher-negra-no-stf","status":"publish","type":"post","link":"http:\/\/blogdalucianaoliveira.com.br\/blog\/2023\/10\/05\/advogados-e-advogadas-populares-pedem-em-nota-que-lula-garanta-vaga-de-mulher-negra-no-stf\/","title":{"rendered":"Advogados e advogadas populares pedem em nota que Lula garanta vaga de mulher negra no STF"},"content":{"rendered":"\n<figure class=\"wp-block-image size-large\"><img loading=\"lazy\" decoding=\"async\" width=\"2560\" height=\"1920\" data-attachment-id=\"34593\" data-permalink=\"http:\/\/blogdalucianaoliveira.com.br\/blog\/2023\/10\/05\/advogados-e-advogadas-populares-pedem-em-nota-que-lula-garanta-vaga-de-mulher-negra-no-stf\/img_3101\/\" data-orig-file=\"https:\/\/i0.wp.com\/blogdalucianaoliveira.com.br\/blog\/wp-content\/uploads\/2023\/10\/IMG_3101-scaled.jpeg?fit=2560%2C1920\" data-orig-size=\"2560,1920\" data-comments-opened=\"0\" data-image-meta=\"{&quot;aperture&quot;:&quot;1.6&quot;,&quot;credit&quot;:&quot;&quot;,&quot;camera&quot;:&quot;iPhone 12&quot;,&quot;caption&quot;:&quot;&quot;,&quot;created_timestamp&quot;:&quot;1696501859&quot;,&quot;copyright&quot;:&quot;&quot;,&quot;focal_length&quot;:&quot;4.2&quot;,&quot;iso&quot;:&quot;160&quot;,&quot;shutter_speed&quot;:&quot;0.016666666666667&quot;,&quot;title&quot;:&quot;&quot;,&quot;orientation&quot;:&quot;1&quot;}\" data-image-title=\"IMG_3101\" data-image-description=\"\" data-image-caption=\"\" data-medium-file=\"https:\/\/i0.wp.com\/blogdalucianaoliveira.com.br\/blog\/wp-content\/uploads\/2023\/10\/IMG_3101-scaled.jpeg?fit=300%2C225\" data-large-file=\"https:\/\/i0.wp.com\/blogdalucianaoliveira.com.br\/blog\/wp-content\/uploads\/2023\/10\/IMG_3101-scaled.jpeg?fit=600%2C450\" src=\"https:\/\/i0.wp.com\/blogdalucianaoliveira.com.br\/blog\/wp-content\/uploads\/2023\/10\/IMG_3101-scaled.jpeg?fit=600%2C450\" alt=\"\" class=\"wp-image-34593\" srcset=\"https:\/\/i0.wp.com\/blogdalucianaoliveira.com.br\/blog\/wp-content\/uploads\/2023\/10\/IMG_3101-scaled.jpeg?w=2560 2560w, https:\/\/i0.wp.com\/blogdalucianaoliveira.com.br\/blog\/wp-content\/uploads\/2023\/10\/IMG_3101-scaled.jpeg?resize=300%2C225 300w, https:\/\/i0.wp.com\/blogdalucianaoliveira.com.br\/blog\/wp-content\/uploads\/2023\/10\/IMG_3101-scaled.jpeg?resize=1024%2C768 1024w, https:\/\/i0.wp.com\/blogdalucianaoliveira.com.br\/blog\/wp-content\/uploads\/2023\/10\/IMG_3101-scaled.jpeg?resize=768%2C576 768w, https:\/\/i0.wp.com\/blogdalucianaoliveira.com.br\/blog\/wp-content\/uploads\/2023\/10\/IMG_3101-scaled.jpeg?resize=1536%2C1152 1536w, https:\/\/i0.wp.com\/blogdalucianaoliveira.com.br\/blog\/wp-content\/uploads\/2023\/10\/IMG_3101-scaled.jpeg?resize=2048%2C1536 2048w, https:\/\/i0.wp.com\/blogdalucianaoliveira.com.br\/blog\/wp-content\/uploads\/2023\/10\/IMG_3101-scaled.jpeg?resize=400%2C300 400w, https:\/\/i0.wp.com\/blogdalucianaoliveira.com.br\/blog\/wp-content\/uploads\/2023\/10\/IMG_3101-scaled.jpeg?w=1200 1200w, https:\/\/i0.wp.com\/blogdalucianaoliveira.com.br\/blog\/wp-content\/uploads\/2023\/10\/IMG_3101-scaled.jpeg?w=1800 1800w\" sizes=\"auto, (max-width: 600px) 100vw, 600px\" \/><\/figure>\n\n\n\n<p>NOTA DA REDE NACIONAL DE ADVOGADAS E ADVOGADOS POPULARES (RENAP) SOBRE A PR\u00d3XIMA NOMEA\u00c7\u00c3O DO PRESIDENTE LULA AO SUPREMO TRIBUNAL FEDERAL<\/p>\n\n\n\n<!--more-->\n\n\n\n<p><br> <br>A Rede Nacional de Advogadas e Advogados Populares (RENAP), articula\u00e7\u00e3o que congrega advogadas e advogados que prestam assessoria jur\u00eddica a movimentos populares, a povos ind\u00edgenas, comunidades quilombolas e tradicionais, reunida no seu 27o Encontro Nacional, em Rond\u00f4nia, neste dia 05 de outubro de 2023, vem manifestar sua posi\u00e7\u00e3o em defesa da nomea\u00e7\u00e3o de uma mulher negra ou ind\u00edgena, compromissada com a defesa dos direitos fundamentais, ao Supremo Tribunal Federal.<\/p>\n\n\n\n<p><br> A aposentadoria da Ministra Rosa Weber n\u00e3o pode representar um retrocesso na participa\u00e7\u00e3o das mulheres no judici\u00e1rio. O compromisso pol\u00edtico que queremos do Estado Brasileiro e do presidente Lula no atual momento diz respeito \u00e0 responsabilidade com mudan\u00e7as estruturais que atingem toda a sociedade, relacionadas \u00e0 quest\u00f5es de g\u00eanero, ra\u00e7a e classe. A democratiza\u00e7\u00e3o da justi\u00e7a \u00e9 indissoci\u00e1vel da mudan\u00e7a de quem ocupa os espa\u00e7os decis\u00f3rios no sistema de justi\u00e7a. \u00c9 momento de o Supremo Tribunal Federal dar esse passo.<\/p>\n\n\n\n<p><br> Embora as mulheres negras representem 28% da popula\u00e7\u00e3o brasileira, nos 130 anos de exist\u00eancia da Corte guardi\u00e3 da Constitui\u00e7\u00e3o, jamais uma delas ocupou uma de suas cadeiras. A aus\u00eancia das mulheres negras nos espa\u00e7os de poder \u00e9 resultado do legado hist\u00f3rico do processo de coloniza\u00e7\u00e3o, e n\u00e3o pode mais ser ignorado em uma sociedade que se pretende democr\u00e1tica. Para que a Suprema Corte seja efetivamente democr\u00e1tica, sua composi\u00e7\u00e3o deve refletir a realidade da sociedade brasileira.<\/p>\n\n\n\n<p><br> Da mesma forma, a participa\u00e7\u00e3o das mulheres ind\u00edgenas no judici\u00e1rio \u00e9 essencial. S\u00e3o mais de 305 povos e nenhuma representa\u00e7\u00e3o deles nos Tribunais Superiores. Assim como o STF reconheceu recentemente a indisponibilidade dos direitos ind\u00edgenas na Constitui\u00e7\u00e3o Federal, a efetiva\u00e7\u00e3o de uma justi\u00e7a racial no direito exige a participa\u00e7\u00e3o de mulheres ind\u00edgenas neste espa\u00e7o.<br> Neste 05 de outubro, a Constitui\u00e7\u00e3o Federal completa 35 anos de sua promulga\u00e7\u00e3o. Conhecida como cidad\u00e3, ela representou um marco hist\u00f3rico em termos de conquistas de direitos no Brasil, e \u00e9 resultado de um longo processo de lutas dos povos que o comp\u00f5em. Por consequ\u00eancia de muitas lutas populares, a nossa Carta prev\u00ea a constru\u00e7\u00e3o de uma sociedade livre, justa e solid\u00e1ria entre seus objetivos fundamentais.<\/p>\n\n\n\n<p><br> Para a constru\u00e7\u00e3o desta sociedade, \u00e9 necess\u00e1rio que enfrentemos os diferentes aspectos da repara\u00e7\u00e3o hist\u00f3rica enquanto coletividade. O processo de democratiza\u00e7\u00e3o da justi\u00e7a que defende a RENAP n\u00e3o \u00e9 abstrato e reconhece a contribui\u00e7\u00e3o das mulheres ind\u00edgenas e das mulheres negras em todas as \u00e1reas de conhecimento, historicamente invisibilizada.<\/p>\n\n\n\n<p>Sendo assim, esperamos que o presidente Lula cumpra o compromisso de fazer a sociedade brasileira avan\u00e7ar em justi\u00e7a e democracia, indicando uma mulher negra ou ind\u00edgena para o Supremo Tribunal Federal.<\/p>\n\n\n\n<p><br> Porto Velho, 05 de outubro de 2023.<\/p>\n","protected":false},"excerpt":{"rendered":"<p>NOTA DA REDE NACIONAL DE ADVOGADAS E ADVOGADOS POPULARES (RENAP) SOBRE A PR\u00d3XIMA NOMEA\u00c7\u00c3O DO PRESIDENTE LULA AO SUPREMO TRIBUNAL FEDERAL<\/p>\n","protected":false},"author":1,"featured_media":0,"comment_status":"closed","ping_status":"open","sticky":false,"template":"","format":"standard","meta":{"_exactmetrics_skip_tracking":false,"_exactmetrics_sitenote_active":false,"_exactmetrics_sitenote_note":"","_exactmetrics_sitenote_category":0,"jetpack_post_was_ever_published":false,"_jetpack_newsletter_access":"","_jetpack_dont_email_post_to_subs":false,"_jetpack_newsletter_tier_id":0,"_jetpack_memberships_contains_paywalled_content":false,"_jetpack_memberships_contains_paid_content":false,"footnotes":"","jetpack_publicize_message":"","jetpack_publicize_feature_enabled":true,"jetpack_social_post_already_shared":true,"jetpack_social_options":{"image_generator_settings":{"template":"highway","enabled":false},"version":2}},"categories":[1],"tags":[],"class_list":["post-34589","post","type-post","status-publish","format-standard","hentry","category-notas"],"jetpack_publicize_connections":[],"jetpack_sharing_enabled":true,"jetpack_featured_media_url":"","jetpack_shortlink":"https:\/\/wp.me\/p7wKYW-8ZT","jetpack-related-posts":[],"_links":{"self":[{"href":"http:\/\/blogdalucianaoliveira.com.br\/blog\/wp-json\/wp\/v2\/posts\/34589","targetHints":{"allow":["GET"]}}],"collection":[{"href":"http:\/\/blogdalucianaoliveira.com.br\/blog\/wp-json\/wp\/v2\/posts"}],"about":[{"href":"http:\/\/blogdalucianaoliveira.com.br\/blog\/wp-json\/wp\/v2\/types\/post"}],"author":[{"embeddable":true,"href":"http:\/\/blogdalucianaoliveira.com.br\/blog\/wp-json\/wp\/v2\/users\/1"}],"replies":[{"embeddable":true,"href":"http:\/\/blogdalucianaoliveira.com.br\/blog\/wp-json\/wp\/v2\/comments?post=34589"}],"version-history":[{"count":1,"href":"http:\/\/blogdalucianaoliveira.com.br\/blog\/wp-json\/wp\/v2\/posts\/34589\/revisions"}],"predecessor-version":[{"id":34594,"href":"http:\/\/blogdalucianaoliveira.com.br\/blog\/wp-json\/wp\/v2\/posts\/34589\/revisions\/34594"}],"wp:attachment":[{"href":"http:\/\/blogdalucianaoliveira.com.br\/blog\/wp-json\/wp\/v2\/media?parent=34589"}],"wp:term":[{"taxonomy":"category","embeddable":true,"href":"http:\/\/blogdalucianaoliveira.com.br\/blog\/wp-json\/wp\/v2\/categories?post=34589"},{"taxonomy":"post_tag","embeddable":true,"href":"http:\/\/blogdalucianaoliveira.com.br\/blog\/wp-json\/wp\/v2\/tags?post=34589"}],"curies":[{"name":"wp","href":"https:\/\/api.w.org\/{rel}","templated":true}]}}