{"id":34649,"date":"2024-01-25T16:11:50","date_gmt":"2024-01-25T20:11:50","guid":{"rendered":"https:\/\/blogdalucianaoliveira.com.br\/blog\/?p=34649"},"modified":"2024-03-18T16:33:30","modified_gmt":"2024-03-18T20:33:30","slug":"bainha-no-pirarucu-do-madeira","status":"publish","type":"post","link":"http:\/\/blogdalucianaoliveira.com.br\/blog\/2024\/01\/25\/bainha-no-pirarucu-do-madeira\/","title":{"rendered":"BAINHA NO PIRARUCU DO MADEIRA"},"content":{"rendered":"\n<figure class=\"wp-block-image size-large\"><img data-recalc-dims=\"1\" loading=\"lazy\" decoding=\"async\" width=\"600\" height=\"224\" data-attachment-id=\"34650\" data-permalink=\"http:\/\/blogdalucianaoliveira.com.br\/blog\/2024\/01\/25\/bainha-no-pirarucu-do-madeira\/imagem-do-whatsapp-de-2024-01-25-as-15-45-30_6ec7b2b9\/\" data-orig-file=\"https:\/\/i0.wp.com\/blogdalucianaoliveira.com.br\/blog\/wp-content\/uploads\/2024\/01\/Imagem-do-WhatsApp-de-2024-01-25-as-15.45.30_6ec7b2b9.jpg?fit=1280%2C479\" data-orig-size=\"1280,479\" data-comments-opened=\"0\" data-image-meta=\"{&quot;aperture&quot;:&quot;0&quot;,&quot;credit&quot;:&quot;&quot;,&quot;camera&quot;:&quot;&quot;,&quot;caption&quot;:&quot;&quot;,&quot;created_timestamp&quot;:&quot;0&quot;,&quot;copyright&quot;:&quot;&quot;,&quot;focal_length&quot;:&quot;0&quot;,&quot;iso&quot;:&quot;0&quot;,&quot;shutter_speed&quot;:&quot;0&quot;,&quot;title&quot;:&quot;&quot;,&quot;orientation&quot;:&quot;0&quot;}\" data-image-title=\"Imagem-do-WhatsApp-de-2024-01-25-as-15.45.30_6ec7b2b9\" data-image-description=\"\" data-image-caption=\"\" data-medium-file=\"https:\/\/i0.wp.com\/blogdalucianaoliveira.com.br\/blog\/wp-content\/uploads\/2024\/01\/Imagem-do-WhatsApp-de-2024-01-25-as-15.45.30_6ec7b2b9.jpg?fit=300%2C112\" data-large-file=\"https:\/\/i0.wp.com\/blogdalucianaoliveira.com.br\/blog\/wp-content\/uploads\/2024\/01\/Imagem-do-WhatsApp-de-2024-01-25-as-15.45.30_6ec7b2b9.jpg?fit=600%2C224\" src=\"https:\/\/i0.wp.com\/blogdalucianaoliveira.com.br\/blog\/wp-content\/uploads\/2024\/01\/Imagem-do-WhatsApp-de-2024-01-25-as-15.45.30_6ec7b2b9-1024x383.jpg?resize=600%2C224&#038;ssl=1\" alt=\"\" class=\"wp-image-34650\" srcset=\"https:\/\/i0.wp.com\/blogdalucianaoliveira.com.br\/blog\/wp-content\/uploads\/2024\/01\/Imagem-do-WhatsApp-de-2024-01-25-as-15.45.30_6ec7b2b9.jpg?resize=1024%2C383 1024w, https:\/\/i0.wp.com\/blogdalucianaoliveira.com.br\/blog\/wp-content\/uploads\/2024\/01\/Imagem-do-WhatsApp-de-2024-01-25-as-15.45.30_6ec7b2b9.jpg?resize=300%2C112 300w, https:\/\/i0.wp.com\/blogdalucianaoliveira.com.br\/blog\/wp-content\/uploads\/2024\/01\/Imagem-do-WhatsApp-de-2024-01-25-as-15.45.30_6ec7b2b9.jpg?resize=768%2C287 768w, https:\/\/i0.wp.com\/blogdalucianaoliveira.com.br\/blog\/wp-content\/uploads\/2024\/01\/Imagem-do-WhatsApp-de-2024-01-25-as-15.45.30_6ec7b2b9.jpg?resize=800%2C300 800w, https:\/\/i0.wp.com\/blogdalucianaoliveira.com.br\/blog\/wp-content\/uploads\/2024\/01\/Imagem-do-WhatsApp-de-2024-01-25-as-15.45.30_6ec7b2b9.jpg?w=1280 1280w, https:\/\/i0.wp.com\/blogdalucianaoliveira.com.br\/blog\/wp-content\/uploads\/2024\/01\/Imagem-do-WhatsApp-de-2024-01-25-as-15.45.30_6ec7b2b9.jpg?w=1200 1200w\" sizes=\"auto, (max-width: 600px) 100vw, 600px\" \/><\/figure>\n\n\n\n<p><strong>ODE AO MENESTREL (EM MEIO AO REBOJO E PITI\u00da FREVISTA DO NORTE BRASILEIRO), por Altair Santos<\/strong> &#8211; H\u00e1 pouco mais de tr\u00eas d\u00e9cadas quando boiou dos rebojos das ideias, venceu as ligeiras correntezas nadando as fartas \u00e1guas das imagina\u00e7\u00f5es culturais amaz\u00f4nicas, subiu o barranco das vontades e das curiosidades beiradeiras para pisar as ruas da Cidade Porto, o Bloco Pirarucu do Madeira ainda pequeno, por\u00e9m se j\u00e1 insinuando festivo e audaz,\u00a0 \u00a0sinalizava um dia habitar e rebrilhar nas fileiras carnavalescas da cidade.<\/p>\n\n\n\n<!--more-->\n\n\n\n<p>&nbsp;&nbsp;&nbsp;&nbsp;&nbsp;&nbsp;&nbsp;&nbsp;&nbsp; Hoje na materializada comprova\u00e7\u00e3o e lume da sua sempre ascendente trajet\u00f3ria, o cord\u00e3o foi buscar motiva\u00e7\u00f5es e inspira\u00e7\u00f5es para o seu desfile de 2024 nas contas gra\u00fadas do vistoso ros\u00e1rio hist\u00f3rico e cultural do Menestrel Bainha, como os motes para enredar a sua prociss\u00e3o foli\u00e3 em mais um carnaval. Manter-se atraente e em ascens\u00e3o, sempre sugere ao bloco empreender-se na criatividade e associativismo r\u00edtmico e mel\u00f3dico, mesclando arranjos, instrumentais e cen\u00e1rios livres, multicoloridos, fazendo fus\u00f5es e experimentos inovadores, festivamente tragando para os seus desfiles distintas levas foli\u00e3s.<\/p>\n\n\n\n<p>&nbsp;&nbsp;&nbsp;&nbsp;&nbsp;&nbsp;&nbsp;&nbsp;&nbsp; Esmerar-se e desdobrar-se em esfor\u00e7os, atos e iniciativas de produ\u00e7\u00e3o para este tributo in vida (e haja vida), credencia o Bloco Pirarucu do Madeira como persistente e resistente, culturalmente alinhado com os motes da valoriza\u00e7\u00e3o, preserva\u00e7\u00e3o, registro e defesa do patrim\u00f4nio cultural local. Por isso, compromissado e sedento em fazer reluzir o que aqui temos de bom de belo, em se falando de riqueza cultural e que urge por isso, a agremia\u00e7\u00e3o mira esses motes e personagens como o Bainha e outros tantos de diversas linhagens, tendo neles os nutrientes das suas anuais investidas e apari\u00e7\u00f5es p\u00fablicas e carnavalizadas.<\/p>\n\n\n\n<p>&nbsp;&nbsp;&nbsp;&nbsp;&nbsp;&nbsp;&nbsp;&nbsp;&nbsp; O compositor, passista, instrumentista, int\u00e9rprete e nacionalmente premiado Bamba do Samba Nacional (em nov\/2023) no Rio de Janeiro, Bainha, cujo capital e saldo cultural \u00e9 dos maiores em se tratando de cria\u00e7\u00f5es, viv\u00eancias e experimentos, nos imp\u00f5e romper as pautas gramaticais e tir\u00e1-lo do plano singular al\u00e7ando-o a um plural audacioso, por\u00e9m l\u00f3gico, para assim dizermos: ele n\u00e3o \u201c\u00e9,\u201d ele \u201cs\u00e3o,\u201d posto, em si, aos 85 anos de exist\u00eancia habitar uma multifacetada cole\u00e7\u00e3o de penduricalhos, facetas, dom\u00ednios, destrezas e expertises art\u00edsticas entre incurs\u00f5es sonoras, mel\u00f3dicas, r\u00edtmicas e po\u00e9ticas, catalogadas ao largo da sua trajet\u00f3ria irrequieta e ainda em curso.<\/p>\n\n\n\n<p>&nbsp;&nbsp;&nbsp;&nbsp;&nbsp;&nbsp;&nbsp;&nbsp;&nbsp; Nesse carnaval quando os clarins da folia local soarem alto, chamando os foli\u00f5es para ganharem as ruas e o frevo comer no centro, veremos de perto, em cores, mais vivo e mais vivente do que nunca, o inarred\u00e1vel Menestrel Bainha com sua empatia e simpatia, gra\u00e7a e malemol\u00eancia a exibir pequenos recitais em recortes de uma exist\u00eancia que se funde ao \u201cser e fazer cultura,\u201d numa entrega sem ren\u00fancias, como pouco visto num cidad\u00e3o que carrega consigo, em si, um cora\u00e7\u00e3o que parece talhado, moldado e aformoseado nos sagrados tons, versos, rimas e sons que habitam a pauta da vida e da passarela cultural.<\/p>\n\n\n\n<p>Parab\u00e9ns Pirarucu do Madeira!<\/p>\n\n\n\n<p>\u201cVai Menestrel Bainha, se a vida \u00e9 um papagaio, o carnaval \u00e9 a tua linha.\u201d<\/p>\n\n\n\n<p><a href=\"mailto:tatadeportovelho@gmail.com\"><\/a><\/p>\n\n\n\n<p><a href=\"mailto:tatadeportovelho@gmail.com\">tatadeportovelho@gmail.com<\/a><\/p>\n\n\n\n<figure class=\"wp-block-image size-large\"><img data-recalc-dims=\"1\" loading=\"lazy\" decoding=\"async\" width=\"600\" height=\"599\" data-attachment-id=\"34652\" data-permalink=\"http:\/\/blogdalucianaoliveira.com.br\/blog\/2024\/01\/25\/bainha-no-pirarucu-do-madeira\/1837bb8d-bac8-4dd6-9b7c-cea6872afbe1\/\" data-orig-file=\"https:\/\/i0.wp.com\/blogdalucianaoliveira.com.br\/blog\/wp-content\/uploads\/2024\/01\/1837bb8d-bac8-4dd6-9b7c-cea6872afbe1.jpeg?fit=1600%2C1597\" data-orig-size=\"1600,1597\" data-comments-opened=\"0\" data-image-meta=\"{&quot;aperture&quot;:&quot;0&quot;,&quot;credit&quot;:&quot;&quot;,&quot;camera&quot;:&quot;&quot;,&quot;caption&quot;:&quot;&quot;,&quot;created_timestamp&quot;:&quot;1706038403&quot;,&quot;copyright&quot;:&quot;&quot;,&quot;focal_length&quot;:&quot;0&quot;,&quot;iso&quot;:&quot;0&quot;,&quot;shutter_speed&quot;:&quot;0&quot;,&quot;title&quot;:&quot;&quot;,&quot;orientation&quot;:&quot;1&quot;}\" data-image-title=\"1837bb8d-bac8-4dd6-9b7c-cea6872afbe1\" data-image-description=\"\" data-image-caption=\"\" data-medium-file=\"https:\/\/i0.wp.com\/blogdalucianaoliveira.com.br\/blog\/wp-content\/uploads\/2024\/01\/1837bb8d-bac8-4dd6-9b7c-cea6872afbe1.jpeg?fit=300%2C300\" data-large-file=\"https:\/\/i0.wp.com\/blogdalucianaoliveira.com.br\/blog\/wp-content\/uploads\/2024\/01\/1837bb8d-bac8-4dd6-9b7c-cea6872afbe1.jpeg?fit=600%2C599\" src=\"https:\/\/i0.wp.com\/blogdalucianaoliveira.com.br\/blog\/wp-content\/uploads\/2024\/01\/1837bb8d-bac8-4dd6-9b7c-cea6872afbe1.jpeg?resize=600%2C599\" alt=\"\" class=\"wp-image-34652\" srcset=\"https:\/\/i0.wp.com\/blogdalucianaoliveira.com.br\/blog\/wp-content\/uploads\/2024\/01\/1837bb8d-bac8-4dd6-9b7c-cea6872afbe1.jpeg?resize=1024%2C1022 1024w, https:\/\/i0.wp.com\/blogdalucianaoliveira.com.br\/blog\/wp-content\/uploads\/2024\/01\/1837bb8d-bac8-4dd6-9b7c-cea6872afbe1.jpeg?resize=300%2C300 300w, https:\/\/i0.wp.com\/blogdalucianaoliveira.com.br\/blog\/wp-content\/uploads\/2024\/01\/1837bb8d-bac8-4dd6-9b7c-cea6872afbe1.jpeg?resize=150%2C150 150w, https:\/\/i0.wp.com\/blogdalucianaoliveira.com.br\/blog\/wp-content\/uploads\/2024\/01\/1837bb8d-bac8-4dd6-9b7c-cea6872afbe1.jpeg?resize=768%2C767 768w, https:\/\/i0.wp.com\/blogdalucianaoliveira.com.br\/blog\/wp-content\/uploads\/2024\/01\/1837bb8d-bac8-4dd6-9b7c-cea6872afbe1.jpeg?resize=1536%2C1533 1536w, https:\/\/i0.wp.com\/blogdalucianaoliveira.com.br\/blog\/wp-content\/uploads\/2024\/01\/1837bb8d-bac8-4dd6-9b7c-cea6872afbe1.jpeg?resize=301%2C300 301w, https:\/\/i0.wp.com\/blogdalucianaoliveira.com.br\/blog\/wp-content\/uploads\/2024\/01\/1837bb8d-bac8-4dd6-9b7c-cea6872afbe1.jpeg?w=1600 1600w, https:\/\/i0.wp.com\/blogdalucianaoliveira.com.br\/blog\/wp-content\/uploads\/2024\/01\/1837bb8d-bac8-4dd6-9b7c-cea6872afbe1.jpeg?w=1200 1200w\" sizes=\"auto, (max-width: 600px) 100vw, 600px\" \/><\/figure>\n","protected":false},"excerpt":{"rendered":"<p>ODE AO MENESTREL (EM MEIO AO REBOJO E PITI\u00da FREVISTA DO NORTE BRASILEIRO), por Altair Santos &#8211; H\u00e1 pouco mais de tr\u00eas d\u00e9cadas quando boiou dos rebojos das ideias, venceu as ligeiras correntezas nadando as fartas \u00e1guas das imagina\u00e7\u00f5es culturais amaz\u00f4nicas, subiu o barranco das vontades e das curiosidades beiradeiras para pisar as ruas da&#8230;<a class=\"more-link\" href=\"http:\/\/blogdalucianaoliveira.com.br\/blog\/2024\/01\/25\/bainha-no-pirarucu-do-madeira\/\">Continue a leitura <span class=\"meta-nav\">&raquo;<\/span><\/a><\/p>\n","protected":false},"author":1,"featured_media":0,"comment_status":"closed","ping_status":"open","sticky":false,"template":"","format":"standard","meta":{"_exactmetrics_skip_tracking":false,"_exactmetrics_sitenote_active":false,"_exactmetrics_sitenote_note":"","_exactmetrics_sitenote_category":0,"jetpack_post_was_ever_published":false,"_jetpack_newsletter_access":"","_jetpack_dont_email_post_to_subs":false,"_jetpack_newsletter_tier_id":0,"_jetpack_memberships_contains_paywalled_content":false,"_jetpack_memberships_contains_paid_content":false,"footnotes":"","jetpack_publicize_message":"","jetpack_publicize_feature_enabled":true,"jetpack_social_post_already_shared":true,"jetpack_social_options":{"image_generator_settings":{"template":"highway","enabled":false},"version":2}},"categories":[1],"tags":[821,248,8],"class_list":["post-34649","post","type-post","status-publish","format-standard","hentry","category-notas","tag-bloco-pirarucu-do-madeira","tag-carnaval","tag-porto-velho"],"jetpack_publicize_connections":[],"jetpack_sharing_enabled":true,"jetpack_featured_media_url":"","jetpack_shortlink":"https:\/\/wp.me\/p7wKYW-90R","jetpack-related-posts":[],"_links":{"self":[{"href":"http:\/\/blogdalucianaoliveira.com.br\/blog\/wp-json\/wp\/v2\/posts\/34649","targetHints":{"allow":["GET"]}}],"collection":[{"href":"http:\/\/blogdalucianaoliveira.com.br\/blog\/wp-json\/wp\/v2\/posts"}],"about":[{"href":"http:\/\/blogdalucianaoliveira.com.br\/blog\/wp-json\/wp\/v2\/types\/post"}],"author":[{"embeddable":true,"href":"http:\/\/blogdalucianaoliveira.com.br\/blog\/wp-json\/wp\/v2\/users\/1"}],"replies":[{"embeddable":true,"href":"http:\/\/blogdalucianaoliveira.com.br\/blog\/wp-json\/wp\/v2\/comments?post=34649"}],"version-history":[{"count":4,"href":"http:\/\/blogdalucianaoliveira.com.br\/blog\/wp-json\/wp\/v2\/posts\/34649\/revisions"}],"predecessor-version":[{"id":34688,"href":"http:\/\/blogdalucianaoliveira.com.br\/blog\/wp-json\/wp\/v2\/posts\/34649\/revisions\/34688"}],"wp:attachment":[{"href":"http:\/\/blogdalucianaoliveira.com.br\/blog\/wp-json\/wp\/v2\/media?parent=34649"}],"wp:term":[{"taxonomy":"category","embeddable":true,"href":"http:\/\/blogdalucianaoliveira.com.br\/blog\/wp-json\/wp\/v2\/categories?post=34649"},{"taxonomy":"post_tag","embeddable":true,"href":"http:\/\/blogdalucianaoliveira.com.br\/blog\/wp-json\/wp\/v2\/tags?post=34649"}],"curies":[{"name":"wp","href":"https:\/\/api.w.org\/{rel}","templated":true}]}}