{"id":34673,"date":"2024-03-07T09:40:17","date_gmt":"2024-03-07T13:40:17","guid":{"rendered":"http:\/\/blogdalucianaoliveira.com.br\/blog\/?p=34673"},"modified":"2024-03-07T09:40:19","modified_gmt":"2024-03-07T13:40:19","slug":"porto-velho-recebe-nova-edicao-da-mostra-cinema-e-direitos-humanos","status":"publish","type":"post","link":"http:\/\/blogdalucianaoliveira.com.br\/blog\/2024\/03\/07\/porto-velho-recebe-nova-edicao-da-mostra-cinema-e-direitos-humanos\/","title":{"rendered":"Porto Velho recebe\u00a0nova\u00a0edi\u00e7\u00e3o da\u00a0Mostra Cinema e Direitos Humanos"},"content":{"rendered":"\n<figure class=\"wp-block-image size-large\"><img data-recalc-dims=\"1\" loading=\"lazy\" decoding=\"async\" width=\"600\" height=\"400\" data-attachment-id=\"34674\" data-permalink=\"http:\/\/blogdalucianaoliveira.com.br\/blog\/2024\/03\/07\/porto-velho-recebe-nova-edicao-da-mostra-cinema-e-direitos-humanos\/2ea1ab5b-c4a4-4a7a-8903-4649cd0a4d7c-1\/\" data-orig-file=\"https:\/\/i0.wp.com\/blogdalucianaoliveira.com.br\/blog\/wp-content\/uploads\/2024\/03\/2ea1ab5b-c4a4-4a7a-8903-4649cd0a4d7c-1.jpeg?fit=1600%2C1066\" data-orig-size=\"1600,1066\" data-comments-opened=\"0\" data-image-meta=\"{&quot;aperture&quot;:&quot;0&quot;,&quot;credit&quot;:&quot;&quot;,&quot;camera&quot;:&quot;&quot;,&quot;caption&quot;:&quot;&quot;,&quot;created_timestamp&quot;:&quot;1709817372&quot;,&quot;copyright&quot;:&quot;&quot;,&quot;focal_length&quot;:&quot;0&quot;,&quot;iso&quot;:&quot;0&quot;,&quot;shutter_speed&quot;:&quot;0&quot;,&quot;title&quot;:&quot;&quot;,&quot;orientation&quot;:&quot;1&quot;}\" data-image-title=\"2ea1ab5b-c4a4-4a7a-8903-4649cd0a4d7c-1\" data-image-description=\"\" data-image-caption=\"\" data-medium-file=\"https:\/\/i0.wp.com\/blogdalucianaoliveira.com.br\/blog\/wp-content\/uploads\/2024\/03\/2ea1ab5b-c4a4-4a7a-8903-4649cd0a4d7c-1.jpeg?fit=300%2C200\" data-large-file=\"https:\/\/i0.wp.com\/blogdalucianaoliveira.com.br\/blog\/wp-content\/uploads\/2024\/03\/2ea1ab5b-c4a4-4a7a-8903-4649cd0a4d7c-1.jpeg?fit=600%2C400\" src=\"https:\/\/i0.wp.com\/blogdalucianaoliveira.com.br\/blog\/wp-content\/uploads\/2024\/03\/2ea1ab5b-c4a4-4a7a-8903-4649cd0a4d7c-1.jpeg?resize=600%2C400\" alt=\"\" class=\"wp-image-34674\" srcset=\"https:\/\/i0.wp.com\/blogdalucianaoliveira.com.br\/blog\/wp-content\/uploads\/2024\/03\/2ea1ab5b-c4a4-4a7a-8903-4649cd0a4d7c-1.jpeg?resize=1024%2C682 1024w, https:\/\/i0.wp.com\/blogdalucianaoliveira.com.br\/blog\/wp-content\/uploads\/2024\/03\/2ea1ab5b-c4a4-4a7a-8903-4649cd0a4d7c-1.jpeg?resize=300%2C200 300w, https:\/\/i0.wp.com\/blogdalucianaoliveira.com.br\/blog\/wp-content\/uploads\/2024\/03\/2ea1ab5b-c4a4-4a7a-8903-4649cd0a4d7c-1.jpeg?resize=768%2C512 768w, https:\/\/i0.wp.com\/blogdalucianaoliveira.com.br\/blog\/wp-content\/uploads\/2024\/03\/2ea1ab5b-c4a4-4a7a-8903-4649cd0a4d7c-1.jpeg?resize=1536%2C1023 1536w, https:\/\/i0.wp.com\/blogdalucianaoliveira.com.br\/blog\/wp-content\/uploads\/2024\/03\/2ea1ab5b-c4a4-4a7a-8903-4649cd0a4d7c-1.jpeg?resize=450%2C300 450w, https:\/\/i0.wp.com\/blogdalucianaoliveira.com.br\/blog\/wp-content\/uploads\/2024\/03\/2ea1ab5b-c4a4-4a7a-8903-4649cd0a4d7c-1.jpeg?w=1600 1600w, https:\/\/i0.wp.com\/blogdalucianaoliveira.com.br\/blog\/wp-content\/uploads\/2024\/03\/2ea1ab5b-c4a4-4a7a-8903-4649cd0a4d7c-1.jpeg?w=1200 1200w\" sizes=\"auto, (max-width: 600px) 100vw, 600px\" \/><\/figure>\n\n\n\n<p><\/p>\n\n\n\n<p>Em mar\u00e7o, a 13\u00aa Mostra Cinema e Direitos Humanos chega a Rond\u00f4nia e aos outros estados convidando o p\u00fablico a debater o pa\u00eds al\u00e9m da tela. Toda gratuita, a programa\u00e7\u00e3o acontece em Porto Velho, no\u00a0Audicine\u00a0do\u00a0Sesc\u00a0Esplanada,\u00a0na Av. Presidente Dutra, 4175, Olaria.\u00a0Na quarta-feira,\u00a013de mar\u00e7o,\u00a0\u00e0s 19h,\u00a0ocorrer\u00e1\u00a0a cerim\u00f4nia de abertura e a exibi\u00e7\u00e3o do filme \u201cNas Asas da Pan Am\u201d, de Silvio Tendler, cineasta homenageado nesta edi\u00e7\u00e3o.\u00a0A agenda\u00a0de exibi\u00e7\u00f5es\u00a0segue at\u00e9 dia 15, sexta-feira.<\/p>\n\n\n\n<!--more-->\n\n\n\n<figure class=\"wp-block-image size-large\"><img data-recalc-dims=\"1\" loading=\"lazy\" decoding=\"async\" width=\"600\" height=\"245\" data-attachment-id=\"34675\" data-permalink=\"http:\/\/blogdalucianaoliveira.com.br\/blog\/2024\/03\/07\/porto-velho-recebe-nova-edicao-da-mostra-cinema-e-direitos-humanos\/c8914f6f-dbad-4105-917e-c59ad4a263a9-1\/\" data-orig-file=\"https:\/\/i0.wp.com\/blogdalucianaoliveira.com.br\/blog\/wp-content\/uploads\/2024\/03\/c8914f6f-dbad-4105-917e-c59ad4a263a9-1.jpeg?fit=1600%2C653\" data-orig-size=\"1600,653\" data-comments-opened=\"0\" data-image-meta=\"{&quot;aperture&quot;:&quot;0&quot;,&quot;credit&quot;:&quot;&quot;,&quot;camera&quot;:&quot;&quot;,&quot;caption&quot;:&quot;&quot;,&quot;created_timestamp&quot;:&quot;1709817372&quot;,&quot;copyright&quot;:&quot;&quot;,&quot;focal_length&quot;:&quot;0&quot;,&quot;iso&quot;:&quot;0&quot;,&quot;shutter_speed&quot;:&quot;0&quot;,&quot;title&quot;:&quot;&quot;,&quot;orientation&quot;:&quot;1&quot;}\" data-image-title=\"c8914f6f-dbad-4105-917e-c59ad4a263a9-1\" data-image-description=\"\" data-image-caption=\"\" data-medium-file=\"https:\/\/i0.wp.com\/blogdalucianaoliveira.com.br\/blog\/wp-content\/uploads\/2024\/03\/c8914f6f-dbad-4105-917e-c59ad4a263a9-1.jpeg?fit=300%2C122\" data-large-file=\"https:\/\/i0.wp.com\/blogdalucianaoliveira.com.br\/blog\/wp-content\/uploads\/2024\/03\/c8914f6f-dbad-4105-917e-c59ad4a263a9-1.jpeg?fit=600%2C245\" src=\"https:\/\/i0.wp.com\/blogdalucianaoliveira.com.br\/blog\/wp-content\/uploads\/2024\/03\/c8914f6f-dbad-4105-917e-c59ad4a263a9-1.jpeg?resize=600%2C245\" alt=\"\" class=\"wp-image-34675\" srcset=\"https:\/\/i0.wp.com\/blogdalucianaoliveira.com.br\/blog\/wp-content\/uploads\/2024\/03\/c8914f6f-dbad-4105-917e-c59ad4a263a9-1.jpeg?resize=1024%2C418 1024w, https:\/\/i0.wp.com\/blogdalucianaoliveira.com.br\/blog\/wp-content\/uploads\/2024\/03\/c8914f6f-dbad-4105-917e-c59ad4a263a9-1.jpeg?resize=300%2C122 300w, https:\/\/i0.wp.com\/blogdalucianaoliveira.com.br\/blog\/wp-content\/uploads\/2024\/03\/c8914f6f-dbad-4105-917e-c59ad4a263a9-1.jpeg?resize=768%2C313 768w, https:\/\/i0.wp.com\/blogdalucianaoliveira.com.br\/blog\/wp-content\/uploads\/2024\/03\/c8914f6f-dbad-4105-917e-c59ad4a263a9-1.jpeg?resize=1536%2C627 1536w, https:\/\/i0.wp.com\/blogdalucianaoliveira.com.br\/blog\/wp-content\/uploads\/2024\/03\/c8914f6f-dbad-4105-917e-c59ad4a263a9-1.jpeg?resize=735%2C300 735w, https:\/\/i0.wp.com\/blogdalucianaoliveira.com.br\/blog\/wp-content\/uploads\/2024\/03\/c8914f6f-dbad-4105-917e-c59ad4a263a9-1.jpeg?w=1600 1600w, https:\/\/i0.wp.com\/blogdalucianaoliveira.com.br\/blog\/wp-content\/uploads\/2024\/03\/c8914f6f-dbad-4105-917e-c59ad4a263a9-1.jpeg?w=1200 1200w\" sizes=\"auto, (max-width: 600px) 100vw, 600px\" \/><\/figure>\n\n\n\n<p>Com todas as regi\u00f5es representadas nas produ\u00e7\u00f5es cinematogr\u00e1ficas selecionadas, a Mostra tem 18 filmes&nbsp;de&nbsp;cineastas&nbsp;escolhidos por terem rela\u00e7\u00e3o direta com os temas abordados nas telas, como o racismo e os direitos das mulheres, de pessoas com defici\u00eancia, povos ind\u00edgenas e comunidade LGBTQIAPN+.&nbsp;As sess\u00f5es&nbsp;foramorganizadas&nbsp;em programas divididos com os t\u00edtulos \u201cHomenagem\u201d, \u201cRa\u00edzes\u201d, \u201cSementes\u201d e \u201cFrutos\u201d.<\/p>\n\n\n\n<p>O evento \u00e9&nbsp;promovido pelo&nbsp;Minist\u00e9rio dos Direitos Humanos e da Cidadania em parceria com o Minist\u00e9rio da Cultura e&nbsp;tem&nbsp;produ\u00e7\u00e3o do Departamento de Cinema e V\u00eddeo da Universidade Federal Fluminense&nbsp;(UFF), sendo realizado&nbsp;em todas as capitais do pa\u00eds e no Distrito Federal.&nbsp;Em Porto Velho, a&nbsp;Universidade Federal de Rond\u00f4nia(UNIR), por meio&nbsp;do&nbsp;Departamento de Comunica\u00e7\u00e3o(DACOM), \u00e9 respons\u00e1vel pela produ\u00e7\u00e3o&nbsp;local da atividade em parceria com o&nbsp;Sesc Rond\u00f4nia e apoio t\u00e9cnico audiovisual&nbsp;de sua&nbsp;Coordena\u00e7\u00e3o de Cultura.<\/p>\n\n\n\n<p><strong>Programa\u00e7\u00e3o gratuita<\/strong><\/p>\n\n\n\n<p>No dia 13&nbsp;de mar\u00e7o, a programa\u00e7\u00e3o da 13\u00aa Mostra Cinema e Direitos Humanos come\u00e7a&nbsp;com \u201cNas Asas da Pan Am\u201d&nbsp;(2020, 115 min, livre), de Silvio Tendler,&nbsp;\u00e0s 19h, no&nbsp;Audicine&nbsp;do&nbsp;SescEsplanada.&nbsp;Ap\u00f3s a sess\u00e3o, haver\u00e1&nbsp;uma recep\u00e7\u00e3o e a apresenta\u00e7\u00e3o musical do cantor,&nbsp;compositor e instrumentista rondoniense&nbsp;Bado.<\/p>\n\n\n\n<p>J\u00e1 no dia 14, \u00e0s 14h, o programa \u201cFrutos\u201d, pensado para o p\u00fablico infanto-juvenil, exibe \u201cUm Filme de Ver\u00e3o\u201d (2019, 95 min, 14 anos). \u00c0s 19h, o programa \u201cRa\u00edzes\u201d traz em sequ\u00eancia \u201cTravessia\u201d&nbsp;(2017, 5 min, livre),&nbsp;\u201cFilha Natural\u201d&nbsp;(2018-19, 16 min, livre), \u201cNossa m\u00e3e era atriz\u201d&nbsp;(2022, 26 min, 12 anos),&nbsp;\u201cM\u00e3ri&nbsp;Hi&nbsp;\u2013 A \u00c1rvore do Sonho\u201d&nbsp;(2023, 18 min, livre), \u201cO que pode um corpo?\u201d&nbsp;(2020, 14 min, livre) e \u201cA poeira dos pequenos segredos\u201d (2012, 20 min, 14 anos). Haver\u00e1 debate ao final, \u00e0s 20h40, com&nbsp;Kaline&nbsp;Leigue, atriz e cineasta, e T\u00e9o Nascimento, atriz, performer e preparadora de elenco.<\/p>\n\n\n\n<p>No dia 15, a partir das 14h, o programa \u201cFrutos\u201d exibe \u201cTesouro Quilombola\u201d&nbsp;(2021, 23 min, livre), \u201cMutir\u00e3o, O Filme\u201d&nbsp;(2022, 10 min, livre), \u201cC\u00f3smica\u201d&nbsp;(2022, 7 min, livre) e \u201cO Pato\u201d&nbsp;(2022, 11 min, 14 anos). \u00c0s 16h, come\u00e7a o programa \u201cSementes\u201d, com \u201cRibeirinhos do Asfalto\u201d&nbsp;(2011, 26 min, livre), \u201cAd\u00e3o, Eva e o Fruto Proibido\u201d&nbsp;(2021, 20 min, 14 anos), \u201cNossos esp\u00edritos seguem chegando\u201d&nbsp;(2021, 15 min, livre), \u201cMe farei ouvir\u201d&nbsp;(2022, 30 min, 10 anos), \u201cEscreviv\u00eancia&nbsp;e Resist\u00eancia: Maria Firmina dos Reis e Concei\u00e7\u00e3o Evaristo\u201d&nbsp;(2021, 26 min, livre).<\/p>\n\n\n\n<p>Por fim, \u00e0s 19h, acontece a sess\u00e3o \u201cHomenagem\u201d, com mais um filme de Silvio Tendler, \u201cA Bolsa ou a Vida\u201d&nbsp;(2021, 102 min,10 anos). Um debate sobre&nbsp;o document\u00e1rio&nbsp;fecha a programa\u00e7\u00e3o, \u00e0s 20h40, com M\u00e1rcia Mura, professora, pesquisadora ind\u00edgena e uma das entrevistadas do filme, e Ricardo Gilson, professor da UNIR&nbsp;dosProgramas&nbsp;de P\u00f3s-Gradua\u00e7\u00e3o em Geografia&nbsp;eDireitos Humanos e Desenvolvimento da Justi\u00e7a.<\/p>\n\n\n\n<p>Para mais informa\u00e7\u00f5es, como a sinopse dos filmes que ser\u00e3o exibidos,&nbsp;acesse o site<a href=\"https:\/\/mostracinemaedireitoshumanos.mdh.gov.br\/filmes\/\">https:\/\/mostracinemaedireitoshumanos.mdh.gov.br\/filmes\/<\/a>&nbsp;e a rede social do evento<a href=\"https:\/\/www.instagram.com\/mcdh.oficial\">https:\/\/www.instagram.com\/mcdh.oficial<\/a><a><\/a>&nbsp;A atividade tem o apoio da&nbsp;Pr\u00f3-Reitoria&nbsp;de Cultura, Extens\u00e3o e Assuntos Estudantis (PROCEA) da UNIR.<\/p>\n\n\n\n<p><strong>Servi\u00e7o \u2013 13\u00aa Mostra Cinema e Direitos Humanos<\/strong><\/p>\n\n\n\n<p><strong>Data<\/strong>: 13 a 15 de mar\u00e7o de 2024 |&nbsp;<strong>Entrada gratuita<\/strong><\/p>\n\n\n\n<p><strong>Programa\u00e7\u00e3o das sess\u00f5es de filmes<\/strong>:&nbsp;<a href=\"https:\/\/mostracinemaedireitoshumanos.mdh.gov.br\/cidades\/porto-velho\/\">https:\/\/mostracinemaedireitoshumanos.mdh.gov.br\/cidades\/porto-velho\/<\/a><\/p>\n\n\n\n<p><strong>Local<\/strong>:&nbsp;Audicine&nbsp;do Sesc Esplanada em Porto Velho<\/p>\n\n\n\n<p><strong>Endere\u00e7o<\/strong>: Av. Presidente Dutra,&nbsp;4175, Olaria, Porto Velho&nbsp;(entrada no&nbsp;Audicine&nbsp;pela Rua Tabajara devido \u00e0s obras no Sesc Esplanada)<\/p>\n","protected":false},"excerpt":{"rendered":"<p>Em mar\u00e7o, a 13\u00aa Mostra Cinema e Direitos Humanos chega a Rond\u00f4nia e aos outros estados convidando o p\u00fablico a debater o pa\u00eds al\u00e9m da tela. Toda gratuita, a programa\u00e7\u00e3o acontece em Porto Velho, no\u00a0Audicine\u00a0do\u00a0Sesc\u00a0Esplanada,\u00a0na Av. Presidente Dutra, 4175, Olaria.\u00a0Na quarta-feira,\u00a013de mar\u00e7o,\u00a0\u00e0s 19h,\u00a0ocorrer\u00e1\u00a0a cerim\u00f4nia de abertura e a exibi\u00e7\u00e3o do filme \u201cNas Asas da Pan&#8230;<a class=\"more-link\" href=\"http:\/\/blogdalucianaoliveira.com.br\/blog\/2024\/03\/07\/porto-velho-recebe-nova-edicao-da-mostra-cinema-e-direitos-humanos\/\">Continue a leitura <span class=\"meta-nav\">&raquo;<\/span><\/a><\/p>\n","protected":false},"author":1,"featured_media":0,"comment_status":"closed","ping_status":"open","sticky":false,"template":"","format":"standard","meta":{"_exactmetrics_skip_tracking":false,"_exactmetrics_sitenote_active":false,"_exactmetrics_sitenote_note":"","_exactmetrics_sitenote_category":0,"jetpack_post_was_ever_published":false,"_jetpack_newsletter_access":"","_jetpack_dont_email_post_to_subs":false,"_jetpack_newsletter_tier_id":0,"_jetpack_memberships_contains_paywalled_content":false,"_jetpack_memberships_contains_paid_content":false,"footnotes":"","jetpack_publicize_message":"","jetpack_publicize_feature_enabled":true,"jetpack_social_post_already_shared":true,"jetpack_social_options":{"image_generator_settings":{"template":"highway","enabled":false},"version":2}},"categories":[1],"tags":[317,509],"class_list":["post-34673","post","type-post","status-publish","format-standard","hentry","category-notas","tag-direitos-humanos","tag-mostra"],"jetpack_publicize_connections":[],"jetpack_sharing_enabled":true,"jetpack_featured_media_url":"","jetpack_shortlink":"https:\/\/wp.me\/p7wKYW-91f","jetpack-related-posts":[],"_links":{"self":[{"href":"http:\/\/blogdalucianaoliveira.com.br\/blog\/wp-json\/wp\/v2\/posts\/34673","targetHints":{"allow":["GET"]}}],"collection":[{"href":"http:\/\/blogdalucianaoliveira.com.br\/blog\/wp-json\/wp\/v2\/posts"}],"about":[{"href":"http:\/\/blogdalucianaoliveira.com.br\/blog\/wp-json\/wp\/v2\/types\/post"}],"author":[{"embeddable":true,"href":"http:\/\/blogdalucianaoliveira.com.br\/blog\/wp-json\/wp\/v2\/users\/1"}],"replies":[{"embeddable":true,"href":"http:\/\/blogdalucianaoliveira.com.br\/blog\/wp-json\/wp\/v2\/comments?post=34673"}],"version-history":[{"count":1,"href":"http:\/\/blogdalucianaoliveira.com.br\/blog\/wp-json\/wp\/v2\/posts\/34673\/revisions"}],"predecessor-version":[{"id":34676,"href":"http:\/\/blogdalucianaoliveira.com.br\/blog\/wp-json\/wp\/v2\/posts\/34673\/revisions\/34676"}],"wp:attachment":[{"href":"http:\/\/blogdalucianaoliveira.com.br\/blog\/wp-json\/wp\/v2\/media?parent=34673"}],"wp:term":[{"taxonomy":"category","embeddable":true,"href":"http:\/\/blogdalucianaoliveira.com.br\/blog\/wp-json\/wp\/v2\/categories?post=34673"},{"taxonomy":"post_tag","embeddable":true,"href":"http:\/\/blogdalucianaoliveira.com.br\/blog\/wp-json\/wp\/v2\/tags?post=34673"}],"curies":[{"name":"wp","href":"https:\/\/api.w.org\/{rel}","templated":true}]}}