{"id":34683,"date":"2024-03-15T05:35:45","date_gmt":"2024-03-15T09:35:45","guid":{"rendered":"http:\/\/blogdalucianaoliveira.com.br\/blog\/?p=34683"},"modified":"2024-03-18T16:32:32","modified_gmt":"2024-03-18T20:32:32","slug":"sxsw-2024-com-txai-surui-amazonia-e-destaque-em-maior-festival-de-tecnologia-do-mundo","status":"publish","type":"post","link":"http:\/\/blogdalucianaoliveira.com.br\/blog\/2024\/03\/15\/sxsw-2024-com-txai-surui-amazonia-e-destaque-em-maior-festival-de-tecnologia-do-mundo\/","title":{"rendered":"SXSW 2024: com Txai Suru\u00ed, Amaz\u00f4nia \u00e9 destaque em maior festival de tecnologia do mundo"},"content":{"rendered":"\n<figure class=\"wp-block-image size-large\"><img data-recalc-dims=\"1\" loading=\"lazy\" decoding=\"async\" width=\"600\" height=\"332\" data-attachment-id=\"34684\" data-permalink=\"http:\/\/blogdalucianaoliveira.com.br\/blog\/2024\/03\/15\/sxsw-2024-com-txai-surui-amazonia-e-destaque-em-maior-festival-de-tecnologia-do-mundo\/img_0206\/\" data-orig-file=\"https:\/\/i0.wp.com\/blogdalucianaoliveira.com.br\/blog\/wp-content\/uploads\/2024\/03\/IMG_0206.webp?fit=1220%2C674\" data-orig-size=\"1220,674\" data-comments-opened=\"0\" data-image-meta=\"{&quot;aperture&quot;:&quot;0&quot;,&quot;credit&quot;:&quot;&quot;,&quot;camera&quot;:&quot;&quot;,&quot;caption&quot;:&quot;&quot;,&quot;created_timestamp&quot;:&quot;0&quot;,&quot;copyright&quot;:&quot;&quot;,&quot;focal_length&quot;:&quot;0&quot;,&quot;iso&quot;:&quot;0&quot;,&quot;shutter_speed&quot;:&quot;0&quot;,&quot;title&quot;:&quot;&quot;,&quot;orientation&quot;:&quot;0&quot;}\" data-image-title=\"IMG_0206\" data-image-description=\"\" data-image-caption=\"\" data-medium-file=\"https:\/\/i0.wp.com\/blogdalucianaoliveira.com.br\/blog\/wp-content\/uploads\/2024\/03\/IMG_0206.webp?fit=300%2C166\" data-large-file=\"https:\/\/i0.wp.com\/blogdalucianaoliveira.com.br\/blog\/wp-content\/uploads\/2024\/03\/IMG_0206.webp?fit=600%2C332\" src=\"https:\/\/i0.wp.com\/blogdalucianaoliveira.com.br\/blog\/wp-content\/uploads\/2024\/03\/IMG_0206.webp?resize=600%2C332\" alt=\"\" class=\"wp-image-34684\" srcset=\"https:\/\/i0.wp.com\/blogdalucianaoliveira.com.br\/blog\/wp-content\/uploads\/2024\/03\/IMG_0206.webp?resize=1024%2C566 1024w, https:\/\/i0.wp.com\/blogdalucianaoliveira.com.br\/blog\/wp-content\/uploads\/2024\/03\/IMG_0206.webp?resize=300%2C166 300w, https:\/\/i0.wp.com\/blogdalucianaoliveira.com.br\/blog\/wp-content\/uploads\/2024\/03\/IMG_0206.webp?resize=768%2C424 768w, https:\/\/i0.wp.com\/blogdalucianaoliveira.com.br\/blog\/wp-content\/uploads\/2024\/03\/IMG_0206.webp?resize=543%2C300 543w, https:\/\/i0.wp.com\/blogdalucianaoliveira.com.br\/blog\/wp-content\/uploads\/2024\/03\/IMG_0206.webp?w=1220 1220w\" sizes=\"auto, (max-width: 600px) 100vw, 600px\" \/><\/figure>\n\n\n\n<p>Painel sobre bioeconomia contou com a presen\u00e7a de Txai Suru\u00ed, lideran\u00e7a ind\u00edgena de Rond\u00f4nia<\/p>\n\n\n\n<!--more-->\n\n\n\n<p>O festival&nbsp;<strong>South by Southwest<\/strong>, realizado em Austin, no Texas, grande palco para tecnologia e inova\u00e7\u00e3o, recebeu nesta quarta-feira as brasileiras&nbsp;<strong>Txai Surui<\/strong>, lideran\u00e7a ind\u00edgena de Rond\u00f4nia, e&nbsp;<strong>Angela Pinhati<\/strong>, diretora de sustentabilidade, em um painel para discutir bioeconomia.<\/p>\n\n\n\n<p>Na palestra \u201cBioeconomia: prosperando na Floresta Amaz\u00f4nica\u201d, elas falaram sobre a import\u00e2ncia do&nbsp;<a href=\"https:\/\/www.cnnbrasil.com.br\/economia\/conheca-a-start-up-de-tecnologia-mais-promissora-da-arabia-saudita-focada-em-compensar-emissoes-de-carbono\/\">desenvolvimento sustent\u00e1vel<\/a>.<\/p>\n\n\n\n<p>Em entrevista ao&nbsp;<strong>CNN Innovation<\/strong>, Txai Surui explicou a import\u00e2ncia de estar no&nbsp;<a href=\"https:\/\/www.cnnbrasil.com.br\/tecnologia\/sxsw-2024-o-que-os-relatorios-dessa-edicao-dizem-sobre-o-futuro-da-tecnologia\/\">SXSW<\/a>. \u201cExiste uma narrativa criada, principalmente no Brasil, de que a floresta \u00e9 um empecilho para o desenvolvimento e para o chamado progresso. E a gente est\u00e1 aqui colocando que isso n\u00e3o \u00e9 verdade. Isso \u00e9 s\u00f3 uma narrativa. E que, na verdade, hoje a floresta vale muito mais em p\u00e9 do que derrubada. O que a gente precisa hoje \u00e9 de investimento em quem faz essa bioeconomia. N\u00e3o tem como a gente falar de sustentabilidade sem falar das pessoas\u201d, disse Txai.<\/p>\n\n\n\n<p>Para a diretora de sustentabilidade da Natura, Angela Pinhati, estar no maior&nbsp;<a href=\"https:\/\/www.cnnbrasil.com.br\/tecnologia\/sxsw-2024-o-que-e-a-geracao-t-apresentada-por-amy-webb\/\">festival de tecnologia e inova\u00e7\u00e3o<\/a>&nbsp;do mundo, tem uma import\u00e2ncia enorme. \u201cA gente quer trazer a constru\u00e7\u00e3o desse&nbsp;<a href=\"https:\/\/www.cnnbrasil.com.br\/tecnologia\/sxsw-2024-tornar-o-ambiente-digital-mais-seguro-e-urgente-diz-pesquisadora\/\">futuro poss\u00edvel<\/a>. E essa agenda \u00e9 importante a gente compartilhar com o maior n\u00famero de pessoas, para al\u00e9m dos convertidos\u201d, afirmou. \u201cE as tecnologias est\u00e3o a\u00ed para ajudar a fazer essa transforma\u00e7\u00e3o e ter produtos cada dia mais acess\u00edveis e que incluem os aspectos ambientais e sociais em suas cadeias produtivas. \u00c9 um exerc\u00edcio di\u00e1rio que, \u00e0s vezes, come\u00e7a com escolhas muito simples como levar sua sacola ao supermercado ou comprar menos com maior qualidade\u201d.<\/p>\n\n\n\n<p>As duas painelistas brasileiras dividiram o palco com a advogada&nbsp;<strong>Colette Pichon Battle<\/strong>, que lidera a&nbsp;<strong>ONG Taproot Earth<\/strong>, com foco em justi\u00e7a social e ambiental. Colette trabalhou ativamente durante a trag\u00e9dia do furac\u00e3o Katrina, que em 2005 devastou a regi\u00e3o da Louisiana, nos Estados Unidos, de onde ela \u00e9. E enxerga v\u00e1rias semelhan\u00e7as entre sua terra natal e a Amaz\u00f4nia.<\/p>\n\n\n\n<p>\u201cEu vivo no final do rio Mississipi, o mais volumoso de toda a Am\u00e9rica do Norte, e \u00e9 uma regi\u00e3o muito rica em \u00e1gua, petr\u00f3leo e g\u00e1s. E as \u00fanicas pessoas entre as gigantes multinacionais e toda a riqueza da regi\u00e3o s\u00e3o as pessoas mais pobres e mais marginalizadas dos Estados Unidos. E isso n\u00e3o \u00e9 algo que s\u00f3 aconteceu. Foi projetado assim. E muitas outras sociedades foram projetadas assim\u201d, disse ela, durante o painel.<\/p>\n\n\n\n<p>Segundo Colette, a previs\u00e3o dos cientistas \u00e9 o mundo ver\u00e1 mais de 180 milh\u00f5es de pessoas desalojadas por conta das quest\u00f5es clim\u00e1ticas at\u00e9 2100. \u201cUma crise migrat\u00f3ria para o qual o mundo n\u00e3o est\u00e1 preparado\u201d, explica ela, apontando para a urg\u00eancia de falar sobre justi\u00e7a social.<\/p>\n\n\n\n<p>Txai, que coordena a<strong>&nbsp;Kanind\u00e9 \u2013 Associa\u00e7\u00e3o de Defesa Etnoambiental<\/strong>, aproveitou para dividir um pouco do seu olhar para uma plateia lotada, e convidou as palestrantes a cantar com ela uma m\u00fasica de sua cultura. \u201c\u00c9 importante pensar o meio ambiente com a tecnologia, para que a gente possa superar esse momento de emerg\u00eancia clim\u00e1tica. Vim aqui propor solu\u00e7\u00f5es, trazendo o nosso olhar sobre as coisas, e o que a gente j\u00e1 vem desenvolvendo dentro dos nossos territ\u00f3rios\u201d.<\/p>\n","protected":false},"excerpt":{"rendered":"<p>Painel sobre bioeconomia contou com a presen\u00e7a de Txai Suru\u00ed, lideran\u00e7a ind\u00edgena de Rond\u00f4nia<\/p>\n","protected":false},"author":1,"featured_media":0,"comment_status":"closed","ping_status":"open","sticky":false,"template":"","format":"standard","meta":{"_exactmetrics_skip_tracking":false,"_exactmetrics_sitenote_active":false,"_exactmetrics_sitenote_note":"","_exactmetrics_sitenote_category":0,"jetpack_post_was_ever_published":false,"_jetpack_newsletter_access":"","_jetpack_dont_email_post_to_subs":false,"_jetpack_newsletter_tier_id":0,"_jetpack_memberships_contains_paywalled_content":false,"_jetpack_memberships_contains_paid_content":false,"footnotes":"","jetpack_publicize_message":"","jetpack_publicize_feature_enabled":true,"jetpack_social_post_already_shared":true,"jetpack_social_options":{"image_generator_settings":{"template":"highway","enabled":false},"version":2}},"categories":[1],"tags":[749,663],"class_list":["post-34683","post","type-post","status-publish","format-standard","hentry","category-notas","tag-povos-indigenas","tag-txai-surui-2"],"jetpack_publicize_connections":[],"jetpack_sharing_enabled":true,"jetpack_featured_media_url":"","jetpack_shortlink":"https:\/\/wp.me\/p7wKYW-91p","jetpack-related-posts":[],"_links":{"self":[{"href":"http:\/\/blogdalucianaoliveira.com.br\/blog\/wp-json\/wp\/v2\/posts\/34683","targetHints":{"allow":["GET"]}}],"collection":[{"href":"http:\/\/blogdalucianaoliveira.com.br\/blog\/wp-json\/wp\/v2\/posts"}],"about":[{"href":"http:\/\/blogdalucianaoliveira.com.br\/blog\/wp-json\/wp\/v2\/types\/post"}],"author":[{"embeddable":true,"href":"http:\/\/blogdalucianaoliveira.com.br\/blog\/wp-json\/wp\/v2\/users\/1"}],"replies":[{"embeddable":true,"href":"http:\/\/blogdalucianaoliveira.com.br\/blog\/wp-json\/wp\/v2\/comments?post=34683"}],"version-history":[{"count":2,"href":"http:\/\/blogdalucianaoliveira.com.br\/blog\/wp-json\/wp\/v2\/posts\/34683\/revisions"}],"predecessor-version":[{"id":34686,"href":"http:\/\/blogdalucianaoliveira.com.br\/blog\/wp-json\/wp\/v2\/posts\/34683\/revisions\/34686"}],"wp:attachment":[{"href":"http:\/\/blogdalucianaoliveira.com.br\/blog\/wp-json\/wp\/v2\/media?parent=34683"}],"wp:term":[{"taxonomy":"category","embeddable":true,"href":"http:\/\/blogdalucianaoliveira.com.br\/blog\/wp-json\/wp\/v2\/categories?post=34683"},{"taxonomy":"post_tag","embeddable":true,"href":"http:\/\/blogdalucianaoliveira.com.br\/blog\/wp-json\/wp\/v2\/tags?post=34683"}],"curies":[{"name":"wp","href":"https:\/\/api.w.org\/{rel}","templated":true}]}}