{"id":34689,"date":"2024-03-18T16:43:57","date_gmt":"2024-03-18T20:43:57","guid":{"rendered":"http:\/\/blogdalucianaoliveira.com.br\/blog\/?p=34689"},"modified":"2024-03-18T16:43:59","modified_gmt":"2024-03-18T20:43:59","slug":"filme-mostra-desafios-enfrentados-por-mulheres-durante-a-pandemia-de-covid-19","status":"publish","type":"post","link":"http:\/\/blogdalucianaoliveira.com.br\/blog\/2024\/03\/18\/filme-mostra-desafios-enfrentados-por-mulheres-durante-a-pandemia-de-covid-19\/","title":{"rendered":"Filme mostra desafios enfrentados por mulheres durante a pandemia de Covid-19"},"content":{"rendered":"\n<figure class=\"wp-block-gallery has-nested-images columns-default is-cropped wp-block-gallery-1 is-layout-flex wp-block-gallery-is-layout-flex\">\n<figure class=\"wp-block-image size-large\"><img data-recalc-dims=\"1\" loading=\"lazy\" decoding=\"async\" width=\"600\" height=\"647\" data-attachment-id=\"34690\" data-permalink=\"http:\/\/blogdalucianaoliveira.com.br\/blog\/2024\/03\/18\/filme-mostra-desafios-enfrentados-por-mulheres-durante-a-pandemia-de-covid-19\/39d5571a-d393-42c2-a851-0c2da4e7d842\/\" data-orig-file=\"https:\/\/i0.wp.com\/blogdalucianaoliveira.com.br\/blog\/wp-content\/uploads\/2024\/03\/39d5571a-d393-42c2-a851-0c2da4e7d842.jpeg?fit=1188%2C1280\" data-orig-size=\"1188,1280\" data-comments-opened=\"0\" data-image-meta=\"{&quot;aperture&quot;:&quot;0&quot;,&quot;credit&quot;:&quot;&quot;,&quot;camera&quot;:&quot;&quot;,&quot;caption&quot;:&quot;&quot;,&quot;created_timestamp&quot;:&quot;1710793362&quot;,&quot;copyright&quot;:&quot;&quot;,&quot;focal_length&quot;:&quot;0&quot;,&quot;iso&quot;:&quot;0&quot;,&quot;shutter_speed&quot;:&quot;0&quot;,&quot;title&quot;:&quot;&quot;,&quot;orientation&quot;:&quot;1&quot;}\" data-image-title=\"39d5571a-d393-42c2-a851-0c2da4e7d842\" data-image-description=\"\" data-image-caption=\"\" data-medium-file=\"https:\/\/i0.wp.com\/blogdalucianaoliveira.com.br\/blog\/wp-content\/uploads\/2024\/03\/39d5571a-d393-42c2-a851-0c2da4e7d842.jpeg?fit=278%2C300\" data-large-file=\"https:\/\/i0.wp.com\/blogdalucianaoliveira.com.br\/blog\/wp-content\/uploads\/2024\/03\/39d5571a-d393-42c2-a851-0c2da4e7d842.jpeg?fit=600%2C647\" data-id=\"34690\" src=\"https:\/\/i0.wp.com\/blogdalucianaoliveira.com.br\/blog\/wp-content\/uploads\/2024\/03\/39d5571a-d393-42c2-a851-0c2da4e7d842.jpeg?resize=600%2C647\" alt=\"\" class=\"wp-image-34690\" srcset=\"https:\/\/i0.wp.com\/blogdalucianaoliveira.com.br\/blog\/wp-content\/uploads\/2024\/03\/39d5571a-d393-42c2-a851-0c2da4e7d842.jpeg?resize=950%2C1024 950w, https:\/\/i0.wp.com\/blogdalucianaoliveira.com.br\/blog\/wp-content\/uploads\/2024\/03\/39d5571a-d393-42c2-a851-0c2da4e7d842.jpeg?resize=278%2C300 278w, https:\/\/i0.wp.com\/blogdalucianaoliveira.com.br\/blog\/wp-content\/uploads\/2024\/03\/39d5571a-d393-42c2-a851-0c2da4e7d842.jpeg?resize=768%2C827 768w, https:\/\/i0.wp.com\/blogdalucianaoliveira.com.br\/blog\/wp-content\/uploads\/2024\/03\/39d5571a-d393-42c2-a851-0c2da4e7d842.jpeg?w=1188 1188w\" sizes=\"auto, (max-width: 600px) 100vw, 600px\" \/><\/figure>\n<\/figure>\n\n\n\n<p><br>O lan\u00e7amento do filme Mulheres &amp; Covid ser\u00e1 no dia 21 de mar\u00e7o de 2024, \u00e0s 10h, no audit\u00f3rio do Museu da Vida, na Fiocruz (Endere\u00e7o Av. Brasil, 4365).<br>A exibi\u00e7\u00e3o ser\u00e1 aberta ao p\u00fablico e gratuita.<\/p>\n\n\n\n<p>No document\u00e1rio, dirigido por Fernanda Kopanakis e Ivan de Angelis, por meio de depoimentos de mulheres de diversos territ\u00f3rios do Brasil, narra os espinhosos desafios enfrentados durante a pandemia de Covid-19.<\/p>\n\n\n\n<!--more-->\n\n\n\n<p>Dentro deste arco de depoimentos temos agentes de sa\u00fade, lideran\u00e7as comunit\u00e1rias, caciques e mulheres quilombolas que fizeram parte de movimentos e institui\u00e7\u00f5es que ajudaram a salvar pessoas da doen\u00e7a, mis\u00e9ria e da fome.<\/p>\n\n\n\n<p>O document\u00e1rio Mulheres &amp; Covid, fruto de um edital interno da Fiocruz, \u00e9 uma realiza\u00e7\u00e3o do Departamento de Endemias Samuel Pessoa, da Escola Nacional de Sa\u00fade P\u00fablica S\u00e9rgio Arouca &#8211; Fiocruz (ENSP\/Fiocruz), Fiocruz, Minist\u00e9rio da Cultura e Governo Federal, com gest\u00e3o cultural da Sociedade de Promo\u00e7\u00e3o da Casa de Oswaldo Cruz (SPCOC). Tem patroc\u00ednio da Johnson&amp;Johnson, por meio da Lei Federal de Incentivo \u00e0 Cultura.<\/p>\n\n\n\n<figure class=\"wp-block-video\"><video height=\"480\" style=\"aspect-ratio: 848 \/ 480;\" width=\"848\" controls src=\"http:\/\/blogdalucianaoliveira.com.br\/blog\/wp-content\/uploads\/2024\/03\/b733b2e9-3557-44be-a836-92b98ef88a0a.mov\"><\/video><\/figure>\n","protected":false},"excerpt":{"rendered":"<p>O lan\u00e7amento do filme Mulheres &amp; Covid ser\u00e1 no dia 21 de mar\u00e7o de 2024, \u00e0s 10h, no audit\u00f3rio do Museu da Vida, na Fiocruz (Endere\u00e7o Av. Brasil, 4365).A exibi\u00e7\u00e3o ser\u00e1 aberta ao p\u00fablico e gratuita. No document\u00e1rio, dirigido por Fernanda Kopanakis e Ivan de Angelis, por meio de depoimentos de mulheres de diversos territ\u00f3rios&#8230;<a class=\"more-link\" href=\"http:\/\/blogdalucianaoliveira.com.br\/blog\/2024\/03\/18\/filme-mostra-desafios-enfrentados-por-mulheres-durante-a-pandemia-de-covid-19\/\">Continue a leitura <span class=\"meta-nav\">&raquo;<\/span><\/a><\/p>\n","protected":false},"author":1,"featured_media":0,"comment_status":"closed","ping_status":"open","sticky":false,"template":"","format":"standard","meta":{"_exactmetrics_skip_tracking":false,"_exactmetrics_sitenote_active":false,"_exactmetrics_sitenote_note":"","_exactmetrics_sitenote_category":0,"jetpack_post_was_ever_published":false,"_jetpack_newsletter_access":"","_jetpack_dont_email_post_to_subs":false,"_jetpack_newsletter_tier_id":0,"_jetpack_memberships_contains_paywalled_content":false,"_jetpack_memberships_contains_paid_content":false,"footnotes":"","jetpack_publicize_message":"","jetpack_publicize_feature_enabled":true,"jetpack_social_post_already_shared":true,"jetpack_social_options":{"image_generator_settings":{"template":"highway","enabled":false},"version":2}},"categories":[1],"tags":[363,253],"class_list":["post-34689","post","type-post","status-publish","format-standard","hentry","category-notas","tag-covid","tag-filme"],"jetpack_publicize_connections":[],"jetpack_sharing_enabled":true,"jetpack_featured_media_url":"","jetpack_shortlink":"https:\/\/wp.me\/p7wKYW-91v","jetpack-related-posts":[],"_links":{"self":[{"href":"http:\/\/blogdalucianaoliveira.com.br\/blog\/wp-json\/wp\/v2\/posts\/34689","targetHints":{"allow":["GET"]}}],"collection":[{"href":"http:\/\/blogdalucianaoliveira.com.br\/blog\/wp-json\/wp\/v2\/posts"}],"about":[{"href":"http:\/\/blogdalucianaoliveira.com.br\/blog\/wp-json\/wp\/v2\/types\/post"}],"author":[{"embeddable":true,"href":"http:\/\/blogdalucianaoliveira.com.br\/blog\/wp-json\/wp\/v2\/users\/1"}],"replies":[{"embeddable":true,"href":"http:\/\/blogdalucianaoliveira.com.br\/blog\/wp-json\/wp\/v2\/comments?post=34689"}],"version-history":[{"count":1,"href":"http:\/\/blogdalucianaoliveira.com.br\/blog\/wp-json\/wp\/v2\/posts\/34689\/revisions"}],"predecessor-version":[{"id":34692,"href":"http:\/\/blogdalucianaoliveira.com.br\/blog\/wp-json\/wp\/v2\/posts\/34689\/revisions\/34692"}],"wp:attachment":[{"href":"http:\/\/blogdalucianaoliveira.com.br\/blog\/wp-json\/wp\/v2\/media?parent=34689"}],"wp:term":[{"taxonomy":"category","embeddable":true,"href":"http:\/\/blogdalucianaoliveira.com.br\/blog\/wp-json\/wp\/v2\/categories?post=34689"},{"taxonomy":"post_tag","embeddable":true,"href":"http:\/\/blogdalucianaoliveira.com.br\/blog\/wp-json\/wp\/v2\/tags?post=34689"}],"curies":[{"name":"wp","href":"https:\/\/api.w.org\/{rel}","templated":true}]}}