{"id":34693,"date":"2024-03-20T08:39:53","date_gmt":"2024-03-20T12:39:53","guid":{"rendered":"http:\/\/blogdalucianaoliveira.com.br\/blog\/?p=34693"},"modified":"2024-03-20T08:40:16","modified_gmt":"2024-03-20T12:40:16","slug":"delacao-de-ronnie-lessa-pode-revelar-tudo-sobre-caso-marielle","status":"publish","type":"post","link":"http:\/\/blogdalucianaoliveira.com.br\/blog\/2024\/03\/20\/delacao-de-ronnie-lessa-pode-revelar-tudo-sobre-caso-marielle\/","title":{"rendered":"Dela\u00e7\u00e3o de Ronnie Lessa pode revelar tudo sobre Caso Marielle"},"content":{"rendered":"\n<figure class=\"wp-block-image size-large\"><img data-recalc-dims=\"1\" loading=\"lazy\" decoding=\"async\" width=\"600\" height=\"322\" data-attachment-id=\"34694\" data-permalink=\"http:\/\/blogdalucianaoliveira.com.br\/blog\/2024\/03\/20\/delacao-de-ronnie-lessa-pode-revelar-tudo-sobre-caso-marielle\/img_0674\/\" data-orig-file=\"https:\/\/i0.wp.com\/blogdalucianaoliveira.com.br\/blog\/wp-content\/uploads\/2024\/03\/IMG_0674.webp?fit=1200%2C645\" data-orig-size=\"1200,645\" data-comments-opened=\"0\" data-image-meta=\"{&quot;aperture&quot;:&quot;0&quot;,&quot;credit&quot;:&quot;&quot;,&quot;camera&quot;:&quot;&quot;,&quot;caption&quot;:&quot;&quot;,&quot;created_timestamp&quot;:&quot;0&quot;,&quot;copyright&quot;:&quot;&quot;,&quot;focal_length&quot;:&quot;0&quot;,&quot;iso&quot;:&quot;0&quot;,&quot;shutter_speed&quot;:&quot;0&quot;,&quot;title&quot;:&quot;&quot;,&quot;orientation&quot;:&quot;0&quot;}\" data-image-title=\"IMG_0674\" data-image-description=\"\" data-image-caption=\"\" data-medium-file=\"https:\/\/i0.wp.com\/blogdalucianaoliveira.com.br\/blog\/wp-content\/uploads\/2024\/03\/IMG_0674.webp?fit=300%2C161\" data-large-file=\"https:\/\/i0.wp.com\/blogdalucianaoliveira.com.br\/blog\/wp-content\/uploads\/2024\/03\/IMG_0674.webp?fit=600%2C322\" src=\"https:\/\/i0.wp.com\/blogdalucianaoliveira.com.br\/blog\/wp-content\/uploads\/2024\/03\/IMG_0674.webp?resize=600%2C322\" alt=\"\" class=\"wp-image-34694\" srcset=\"https:\/\/i0.wp.com\/blogdalucianaoliveira.com.br\/blog\/wp-content\/uploads\/2024\/03\/IMG_0674.webp?resize=1024%2C550 1024w, https:\/\/i0.wp.com\/blogdalucianaoliveira.com.br\/blog\/wp-content\/uploads\/2024\/03\/IMG_0674.webp?resize=300%2C161 300w, https:\/\/i0.wp.com\/blogdalucianaoliveira.com.br\/blog\/wp-content\/uploads\/2024\/03\/IMG_0674.webp?resize=768%2C413 768w, https:\/\/i0.wp.com\/blogdalucianaoliveira.com.br\/blog\/wp-content\/uploads\/2024\/03\/IMG_0674.webp?resize=558%2C300 558w, https:\/\/i0.wp.com\/blogdalucianaoliveira.com.br\/blog\/wp-content\/uploads\/2024\/03\/IMG_0674.webp?w=1200 1200w\" sizes=\"auto, (max-width: 600px) 100vw, 600px\" \/><\/figure>\n\n\n\n<p>O ministro da Justi\u00e7a e Seguran\u00e7a P\u00fablica,&nbsp;Ricardo Lewandowski, declarou nesta ter\u00e7a-feira (19) que a&nbsp;dela\u00e7\u00e3o premiada de Ronnie Lessa foi homologada no Supremo Tribunal Federal&nbsp;(STF). O ex-policial militar est\u00e1&nbsp;preso pelo assassinato de Marielle Franco e Anderson Gomes. O pronunciamento do ministro levou cerca de tr\u00eas minutos e meio. Os jornalistas n\u00e3o puderam fazer perguntas.<\/p>\n\n\n\n<!--more-->\n\n\n\n<p>Segundo o ministro, a dela\u00e7\u00e3o foi homologada depois ter passado por uma audi\u00eancia com o juiz auxiliar do ministro Alexandre de Moraes, nesta segunda (18). Lewandowski disse que n\u00e3o tem ci\u00eancia do conte\u00fado da dela\u00e7\u00e3o, que corre em sigilo, mas que, durante a audi\u00eancia, Lessa confirmou \u201ctodos os termos da colabora\u00e7\u00e3o premiada\u201d.<\/p>\n\n\n\n<p>\u201cNos levam a crer que brevemente teremos a solu\u00e7\u00e3o do assassinato da vereadora Marielle Franco\u201d, disse o ministro.<\/p>\n\n\n\n<p>Segundo o ministro, o processo segue em segredo de Justi\u00e7a, pelas m\u00e3os de Alexandre de Moraes, no STF. \u201c\u00c9 importante que se diga que o trabalho da pol\u00edcia contou com a participa\u00e7\u00e3o do Minist\u00e9rio P\u00fablico Federal e Estadual\u201d, disse.<\/p>\n\n\n\n<p><strong>Veja o pronunciamento:<\/strong><\/p>\n\n\n\n<figure class=\"wp-block-embed is-type-rich is-provider-incorporar-manipulador wp-block-embed-incorporar-manipulador wp-embed-aspect-16-9 wp-has-aspect-ratio\"><div class=\"wp-block-embed__wrapper\">\n<div class=\"jetpack-video-wrapper\"><iframe loading=\"lazy\" title=\"Pronunciamento sobre caso Marielle Franco\" width=\"600\" height=\"338\" src=\"https:\/\/www.youtube.com\/embed\/V0u-wjJXvlY?feature=oembed\" frameborder=\"0\" allow=\"accelerometer; autoplay; clipboard-write; encrypted-media; gyroscope; picture-in-picture; web-share\" referrerpolicy=\"strict-origin-when-cross-origin\" allowfullscreen><\/iframe><\/div>\n<\/div><\/figure>\n\n\n\n<p><br>O assassinato de Marielle Franco completou seis anos no dia 14 de mar\u00e7o, sem que tenha sido totalmente esclarecido. Embora estejam presos os apontados como o autor dos disparos e o motorista que o conduziu naquela noite de 14 de mar\u00e7o de 2018 no Rio de Janeiro, ainda falta saber quem mandou matar Marielle.<\/p>\n\n\n\n<p>O outro preso pelo crime, o ex-policial militar que participou da execu\u00e7\u00e3o \u00c9lcio Queiroz, motorista do carro utilizado pelos criminosos, fechou um acordo de dela\u00e7\u00e3o premiada em 2023 e trouxe \u00e0 tona novas pe\u00e7as que desvendam o planejamento e o desdobramento dos assassinatos.<\/p>\n","protected":false},"excerpt":{"rendered":"<p>O ministro da Justi\u00e7a e Seguran\u00e7a P\u00fablica,&nbsp;Ricardo Lewandowski, declarou nesta ter\u00e7a-feira (19) que a&nbsp;dela\u00e7\u00e3o premiada de Ronnie Lessa foi homologada no Supremo Tribunal Federal&nbsp;(STF). O ex-policial militar est\u00e1&nbsp;preso pelo assassinato de Marielle Franco e Anderson Gomes. O pronunciamento do ministro levou cerca de tr\u00eas minutos e meio. Os jornalistas n\u00e3o puderam fazer perguntas.<\/p>\n","protected":false},"author":1,"featured_media":0,"comment_status":"closed","ping_status":"open","sticky":false,"template":"","format":"standard","meta":{"_exactmetrics_skip_tracking":false,"_exactmetrics_sitenote_active":false,"_exactmetrics_sitenote_note":"","_exactmetrics_sitenote_category":0,"jetpack_post_was_ever_published":false,"_jetpack_newsletter_access":"","_jetpack_dont_email_post_to_subs":false,"_jetpack_newsletter_tier_id":0,"_jetpack_memberships_contains_paywalled_content":false,"_jetpack_memberships_contains_paid_content":false,"footnotes":"","jetpack_publicize_message":"","jetpack_publicize_feature_enabled":true,"jetpack_social_post_already_shared":true,"jetpack_social_options":{"image_generator_settings":{"template":"highway","enabled":false},"version":2}},"categories":[1],"tags":[855,677],"class_list":["post-34693","post","type-post","status-publish","format-standard","hentry","category-notas","tag-delacao","tag-marielle-franco"],"jetpack_publicize_connections":[],"jetpack_sharing_enabled":true,"jetpack_featured_media_url":"","jetpack_shortlink":"https:\/\/wp.me\/p7wKYW-91z","jetpack-related-posts":[],"_links":{"self":[{"href":"http:\/\/blogdalucianaoliveira.com.br\/blog\/wp-json\/wp\/v2\/posts\/34693","targetHints":{"allow":["GET"]}}],"collection":[{"href":"http:\/\/blogdalucianaoliveira.com.br\/blog\/wp-json\/wp\/v2\/posts"}],"about":[{"href":"http:\/\/blogdalucianaoliveira.com.br\/blog\/wp-json\/wp\/v2\/types\/post"}],"author":[{"embeddable":true,"href":"http:\/\/blogdalucianaoliveira.com.br\/blog\/wp-json\/wp\/v2\/users\/1"}],"replies":[{"embeddable":true,"href":"http:\/\/blogdalucianaoliveira.com.br\/blog\/wp-json\/wp\/v2\/comments?post=34693"}],"version-history":[{"count":2,"href":"http:\/\/blogdalucianaoliveira.com.br\/blog\/wp-json\/wp\/v2\/posts\/34693\/revisions"}],"predecessor-version":[{"id":34696,"href":"http:\/\/blogdalucianaoliveira.com.br\/blog\/wp-json\/wp\/v2\/posts\/34693\/revisions\/34696"}],"wp:attachment":[{"href":"http:\/\/blogdalucianaoliveira.com.br\/blog\/wp-json\/wp\/v2\/media?parent=34693"}],"wp:term":[{"taxonomy":"category","embeddable":true,"href":"http:\/\/blogdalucianaoliveira.com.br\/blog\/wp-json\/wp\/v2\/categories?post=34693"},{"taxonomy":"post_tag","embeddable":true,"href":"http:\/\/blogdalucianaoliveira.com.br\/blog\/wp-json\/wp\/v2\/tags?post=34693"}],"curies":[{"name":"wp","href":"https:\/\/api.w.org\/{rel}","templated":true}]}}