{"id":34700,"date":"2024-03-21T09:31:01","date_gmt":"2024-03-21T13:31:01","guid":{"rendered":"http:\/\/blogdalucianaoliveira.com.br\/blog\/?p=34700"},"modified":"2024-03-21T09:31:03","modified_gmt":"2024-03-21T13:31:03","slug":"movimentos-populares-vao-as-ruas-neste-sabado-23-contra-anistia-para-golpistas-veja-horarios-e-locais","status":"publish","type":"post","link":"http:\/\/blogdalucianaoliveira.com.br\/blog\/2024\/03\/21\/movimentos-populares-vao-as-ruas-neste-sabado-23-contra-anistia-para-golpistas-veja-horarios-e-locais\/","title":{"rendered":"Movimentos populares v\u00e3o \u00e0s ruas neste s\u00e1bado (23) contra anistia para golpistas; veja hor\u00e1rios e locais"},"content":{"rendered":"\n<figure class=\"wp-block-image size-full\"><img data-recalc-dims=\"1\" loading=\"lazy\" decoding=\"async\" width=\"600\" height=\"400\" data-attachment-id=\"34701\" data-permalink=\"http:\/\/blogdalucianaoliveira.com.br\/blog\/2024\/03\/21\/movimentos-populares-vao-as-ruas-neste-sabado-23-contra-anistia-para-golpistas-veja-horarios-e-locais\/img_0716\/\" data-orig-file=\"https:\/\/i0.wp.com\/blogdalucianaoliveira.com.br\/blog\/wp-content\/uploads\/2024\/03\/IMG_0716.webp?fit=768%2C512\" data-orig-size=\"768,512\" data-comments-opened=\"0\" data-image-meta=\"{&quot;aperture&quot;:&quot;0&quot;,&quot;credit&quot;:&quot;&quot;,&quot;camera&quot;:&quot;&quot;,&quot;caption&quot;:&quot;&quot;,&quot;created_timestamp&quot;:&quot;0&quot;,&quot;copyright&quot;:&quot;&quot;,&quot;focal_length&quot;:&quot;0&quot;,&quot;iso&quot;:&quot;0&quot;,&quot;shutter_speed&quot;:&quot;0&quot;,&quot;title&quot;:&quot;&quot;,&quot;orientation&quot;:&quot;0&quot;}\" data-image-title=\"IMG_0716\" data-image-description=\"\" data-image-caption=\"\" data-medium-file=\"https:\/\/i0.wp.com\/blogdalucianaoliveira.com.br\/blog\/wp-content\/uploads\/2024\/03\/IMG_0716.webp?fit=300%2C200\" data-large-file=\"https:\/\/i0.wp.com\/blogdalucianaoliveira.com.br\/blog\/wp-content\/uploads\/2024\/03\/IMG_0716.webp?fit=600%2C400\" src=\"https:\/\/i0.wp.com\/blogdalucianaoliveira.com.br\/blog\/wp-content\/uploads\/2024\/03\/IMG_0716.webp?resize=600%2C400\" alt=\"\" class=\"wp-image-34701\" srcset=\"https:\/\/i0.wp.com\/blogdalucianaoliveira.com.br\/blog\/wp-content\/uploads\/2024\/03\/IMG_0716.webp?w=768 768w, https:\/\/i0.wp.com\/blogdalucianaoliveira.com.br\/blog\/wp-content\/uploads\/2024\/03\/IMG_0716.webp?resize=300%2C200 300w, https:\/\/i0.wp.com\/blogdalucianaoliveira.com.br\/blog\/wp-content\/uploads\/2024\/03\/IMG_0716.webp?resize=450%2C300 450w\" sizes=\"auto, (max-width: 600px) 100vw, 600px\" \/><\/figure>\n\n\n\n<h2 class=\"wp-block-heading\">Mobiliza\u00e7\u00e3o \u00e9 organizada pelas Frentes Brasil Popular e Povo Sem Medo, centrais sindicais e partidos progressistas<\/h2>\n\n\n\n<!--more-->\n\n\n\n<p>Brasil de Fato | Rio de Janeiro (RJ) |\u00a0<\/p>\n\n\n\n<p>Manifestantes v\u00e3o \u00e0s ruas em todas as regi\u00f5es do pa\u00eds neste s\u00e1bado (23) para uma s\u00e9rie de atos em defesa da democracia, contra a anistia para golpistas e pelo fim do massacre em Gaza. \u00c0s v\u00e9speras dos&nbsp;<a href=\"https:\/\/www.brasildefato.com.br\/2024\/03\/13\/ha-60-anos-jango-fazia-seu-historico-comicio-na-central-do-brasil\" target=\"_blank\" rel=\"noreferrer noopener\">60 anos do golpe<\/a>&nbsp;que deu in\u00edcio \u00e0 ditadura militar no pa\u00eds, em 1964, as manifesta\u00e7\u00f5es v\u00e3o dizer: &#8220;ditadura nunca mais&#8221;.<\/p>\n\n\n\n<p>Os atos s\u00e3o organizados pela&nbsp;<a href=\"https:\/\/www.brasildefato.com.br\/2024\/03\/19\/em-curitiba-frente-brasil-popular-se-soma-a-agenda-de-luta-nacional-do-dia-23-de-marco\" target=\"_blank\" rel=\"noreferrer noopener\">Frente Brasil Popular (FBP)<\/a>, pela Frente Povo Sem Medo (FPSM), pelas principais centrais sindicais e por partidos progressistas. Ser\u00e3o lembradas as v\u00edtimas da ditadura que comandou o pa\u00eds por mais de 20 anos, com pelo menos 434 mortes confirmadas nas m\u00e3os do regime e milhares de casos confirmados de tortura.<\/p>\n\n\n\n<p>Al\u00e9m de marcarem posi\u00e7\u00e3o contra os&nbsp;<a href=\"https:\/\/www.brasildefato.com.br\/2024\/02\/27\/bolsonaristas-de-ato-na-avenida-paulista-ignoram-a-realidade-para-88-deles-lula-nao-ganhou-a-eleicao\" target=\"_blank\" rel=\"noreferrer noopener\">movimentos de extrema-direita<\/a>&nbsp;que se organizam no Brasil em defesa de mais autoritarismo, os atos v\u00e3o denunciar, mais uma vez, viola\u00e7\u00f5es de direitos humanos que t\u00eam acontecido fora do pa\u00eds, como o&nbsp;<a href=\"https:\/\/www.brasildefato.com.br\/2024\/03\/20\/hamas-diz-que-os-90-mortos-por-israel-no-hospital-al-shifa-eram-pacientes-e-refugiados-crime-de-guerra\" target=\"_blank\" rel=\"noreferrer noopener\">massacre cometido pelo Estado de Israel contra o povo palestino<\/a>.<\/p>\n\n\n\n<p>Em Florian\u00f3polis (SC), a mobiliza\u00e7\u00e3o acontece j\u00e1 na sexta-feira (22), \u00e0s 16h, em frente \u00e0 C\u00e1tedra.&nbsp;Al\u00e9m das mobiliza\u00e7\u00f5es no Brasil, est\u00e1 marcado um ato em Lisboa (<a href=\"https:\/\/www.brasildefato.com.br\/2024\/03\/11\/portugal-direita-tradicional-vence-eleicao-mas-precisara-negociar-para-formar-governo\" target=\"_blank\" rel=\"noreferrer noopener\">Portugal<\/a>), onde os manifestantes se re\u00fanem a partir das 10h30 na Pra\u00e7a Lu\u00eds de Cam\u00f5es.<\/p>\n\n\n\n<p>Confira a lista de manifesta\u00e7\u00f5es confirmadas por regi\u00e3o do pa\u00eds<\/p>\n\n\n\n<p><strong>Regi\u00e3o Centro-Oeste<\/strong><\/p>\n\n\n\n<p>Bras\u00edlia (DF) &#8211; Pra\u00e7a Zumbi dos Palmares &#8211; 16h<br>Campo Grande (MS) &#8211; Pra\u00e7a da R\u00e1dio &#8211; 9h<br>Goi\u00e2nia (GO) &#8211; Pra\u00e7a C\u00edvica (Setor Central) &#8211; 14h<\/p>\n\n\n\n<p><strong>Regi\u00e3o Nordeste<\/strong><\/p>\n\n\n\n<p>Fortaleza (CE) &#8211; Pra\u00e7a do Ferreira &#8211; 8h30<br>Recife (PE) &#8211; Pra\u00e7a do Derby &#8211; 10h<br>Salvador (BA) &#8211; Largo do Pelourinho &#8211; 15h<\/p>\n\n\n\n<p><strong>Regi\u00e3o Norte<\/strong><\/p>\n\n\n\n<p>Bel\u00e9m (PA) &#8211; Escadinha &#8211; 9h<br>Manaus (AM) &#8211; Largo S\u00e3o Sebasti\u00e3o &#8211; 9h<\/p>\n\n\n\n<p><strong>Regi\u00e3o Sudeste<\/strong><\/p>\n\n\n\n<p>Belo Horizonte (MG) &#8211; Pra\u00e7a Afonso Arinos &#8211; 9h<br>Rio de Janeiro (RJ) &#8211; Uruguaiana com Presidente Vargas &#8211; 10h<br>S\u00e3o Paulo (SP) &#8211; Largo S\u00e3o Francisco &#8211; 15h<br>Vit\u00f3ria (ES) &#8211; Pra\u00e7a Costa Pereira &#8211; 9h<\/p>\n\n\n\n<p><strong>Regi\u00e3o Sul<\/strong><\/p>\n\n\n\n<p>Araquari (SC) &#8211; Rua Jo\u00e3o Raulino Pereira &#8211; 15h<br>Curitiba (PR) &#8211; Pra\u00e7a Santos Andrade &#8211; 9h<br>Florian\u00f3polis (SC) &#8211; Em frente \u00e0 C\u00e1tedra &#8211; dia 22 (sexta-feira) &#8211; 16h<br>Porto Alegre (RS) &#8211; Largo Gl\u00eanio Peres &#8211; 15h<\/p>\n\n\n\n<p>Edi\u00e7\u00e3o: Nicolau Soares<\/p>\n","protected":false},"excerpt":{"rendered":"<p>Mobiliza\u00e7\u00e3o \u00e9 organizada pelas Frentes Brasil Popular e Povo Sem Medo, centrais sindicais e partidos progressistas<\/p>\n","protected":false},"author":1,"featured_media":0,"comment_status":"closed","ping_status":"open","sticky":false,"template":"","format":"standard","meta":{"_exactmetrics_skip_tracking":false,"_exactmetrics_sitenote_active":false,"_exactmetrics_sitenote_note":"","_exactmetrics_sitenote_category":0,"jetpack_post_was_ever_published":false,"_jetpack_newsletter_access":"","_jetpack_dont_email_post_to_subs":false,"_jetpack_newsletter_tier_id":0,"_jetpack_memberships_contains_paywalled_content":false,"_jetpack_memberships_contains_paid_content":false,"footnotes":"","jetpack_publicize_message":"","jetpack_publicize_feature_enabled":true,"jetpack_social_post_already_shared":true,"jetpack_social_options":{"image_generator_settings":{"template":"highway","enabled":false},"version":2}},"categories":[1],"tags":[64,39],"class_list":["post-34700","post","type-post","status-publish","format-standard","hentry","category-notas","tag-democracia","tag-golpe"],"jetpack_publicize_connections":[],"jetpack_sharing_enabled":true,"jetpack_featured_media_url":"","jetpack_shortlink":"https:\/\/wp.me\/p7wKYW-91G","jetpack-related-posts":[],"_links":{"self":[{"href":"http:\/\/blogdalucianaoliveira.com.br\/blog\/wp-json\/wp\/v2\/posts\/34700","targetHints":{"allow":["GET"]}}],"collection":[{"href":"http:\/\/blogdalucianaoliveira.com.br\/blog\/wp-json\/wp\/v2\/posts"}],"about":[{"href":"http:\/\/blogdalucianaoliveira.com.br\/blog\/wp-json\/wp\/v2\/types\/post"}],"author":[{"embeddable":true,"href":"http:\/\/blogdalucianaoliveira.com.br\/blog\/wp-json\/wp\/v2\/users\/1"}],"replies":[{"embeddable":true,"href":"http:\/\/blogdalucianaoliveira.com.br\/blog\/wp-json\/wp\/v2\/comments?post=34700"}],"version-history":[{"count":1,"href":"http:\/\/blogdalucianaoliveira.com.br\/blog\/wp-json\/wp\/v2\/posts\/34700\/revisions"}],"predecessor-version":[{"id":34702,"href":"http:\/\/blogdalucianaoliveira.com.br\/blog\/wp-json\/wp\/v2\/posts\/34700\/revisions\/34702"}],"wp:attachment":[{"href":"http:\/\/blogdalucianaoliveira.com.br\/blog\/wp-json\/wp\/v2\/media?parent=34700"}],"wp:term":[{"taxonomy":"category","embeddable":true,"href":"http:\/\/blogdalucianaoliveira.com.br\/blog\/wp-json\/wp\/v2\/categories?post=34700"},{"taxonomy":"post_tag","embeddable":true,"href":"http:\/\/blogdalucianaoliveira.com.br\/blog\/wp-json\/wp\/v2\/tags?post=34700"}],"curies":[{"name":"wp","href":"https:\/\/api.w.org\/{rel}","templated":true}]}}