{"id":34715,"date":"2024-03-22T12:07:46","date_gmt":"2024-03-22T16:07:46","guid":{"rendered":"http:\/\/blogdalucianaoliveira.com.br\/blog\/?p=34715"},"modified":"2024-03-22T12:07:46","modified_gmt":"2024-03-22T16:07:46","slug":"um-em-cada-cinco-jovens-brasileiros-de-15-a-29-anos-nao-estuda-nem-trabalha","status":"publish","type":"post","link":"http:\/\/blogdalucianaoliveira.com.br\/blog\/2024\/03\/22\/um-em-cada-cinco-jovens-brasileiros-de-15-a-29-anos-nao-estuda-nem-trabalha\/","title":{"rendered":"Um em cada cinco jovens brasileiros de 15 a 29 anos n\u00e3o estuda nem trabalha"},"content":{"rendered":"<p><img data-recalc-dims=\"1\" loading=\"lazy\" decoding=\"async\" data-attachment-id=\"34716\" data-permalink=\"http:\/\/blogdalucianaoliveira.com.br\/blog\/2024\/03\/22\/um-em-cada-cinco-jovens-brasileiros-de-15-a-29-anos-nao-estuda-nem-trabalha\/img_0782\/\" data-orig-file=\"https:\/\/i0.wp.com\/blogdalucianaoliveira.com.br\/blog\/wp-content\/uploads\/2024\/03\/IMG_0782.webp?fit=500%2C240\" data-orig-size=\"500,240\" data-comments-opened=\"0\" data-image-meta=\"{&quot;aperture&quot;:&quot;0&quot;,&quot;credit&quot;:&quot;&quot;,&quot;camera&quot;:&quot;&quot;,&quot;caption&quot;:&quot;&quot;,&quot;created_timestamp&quot;:&quot;0&quot;,&quot;copyright&quot;:&quot;&quot;,&quot;focal_length&quot;:&quot;0&quot;,&quot;iso&quot;:&quot;0&quot;,&quot;shutter_speed&quot;:&quot;0&quot;,&quot;title&quot;:&quot;&quot;,&quot;orientation&quot;:&quot;0&quot;}\" data-image-title=\"IMG_0782\" data-image-description=\"\" data-image-caption=\"\" data-medium-file=\"https:\/\/i0.wp.com\/blogdalucianaoliveira.com.br\/blog\/wp-content\/uploads\/2024\/03\/IMG_0782.webp?fit=300%2C144\" data-large-file=\"https:\/\/i0.wp.com\/blogdalucianaoliveira.com.br\/blog\/wp-content\/uploads\/2024\/03\/IMG_0782.webp?fit=500%2C240\" class=\"alignnone size-full wp-image-34716\" src=\"https:\/\/i0.wp.com\/blogdalucianaoliveira.com.br\/blog\/wp-content\/uploads\/2024\/03\/IMG_0782.webp?resize=500%2C240\" alt=\"\" width=\"500\" height=\"240\" srcset=\"https:\/\/i0.wp.com\/blogdalucianaoliveira.com.br\/blog\/wp-content\/uploads\/2024\/03\/IMG_0782.webp?w=500 500w, https:\/\/i0.wp.com\/blogdalucianaoliveira.com.br\/blog\/wp-content\/uploads\/2024\/03\/IMG_0782.webp?resize=300%2C144 300w\" sizes=\"auto, (max-width: 500px) 100vw, 500px\" \/><\/p>\n<p>&nbsp;<\/p>\n<p><b>Por Vitor Abdala, rep\u00f3rter da Ag\u00eancia Brasil &#8211; <\/b>Uma parcela de 19,8% dos jovens de 15 a 29 anos no Brasil, ou seja, um entre cinco, n\u00e3o estudava nem trabalhava em 2023, segundo a Pesquisa Nacional por Amostra de Domic\u00edlios (Pnad) Cont\u00ednua, divulgada nesta sexta-feira (22), pelo Instituto Brasileiro de Geografia e Estat\u00edstica (IBGE).<\/p>\n<p>Em n\u00fameros absolutos, eram 9,6 milh\u00f5es de pessoas nessa situa\u00e7\u00e3o. O estudo constatou que, por outro lado, 15,3% dos jovens trabalhavam e estudavam, 39,4% apenas trabalhavam e 25,5% apenas estudavam.<!--more--><\/p>\n<p>A parcela de jovens que n\u00e3o trabalhavam nem estudavam recuou em compara\u00e7\u00e3o com 2022 (20%) e com 2019 (22,4%). \u201cEssa popula\u00e7\u00e3o que nem estudava, nem se qualificava e nem trabalhava vem diminuindo porque, nos \u00faltimos anos, a gente teve um aporte maior de jovens na for\u00e7a de trabalho. Essa popula\u00e7\u00e3o foi sendo reduzida mais pela via mercado de trabalho do que necessariamente via educa\u00e7\u00e3o\u201d, explica a pesquisadora do IBGE Adriana Beringuy.<\/p>\n<p>O percentual de jovens que n\u00e3o trabalhavam nem estudavam era ainda mais alto entre aqueles com 18 a 24 anos, faixa et\u00e1ria adequada para o ensino superior: 24% ou aproximadamente uma entre quatro pessoas. Nessa faixa, 18% estudavam e trabalhavam, 39,4% s\u00f3 trabalhavam e 18,6% s\u00f3 estudavam.<\/p>\n<p>Entre aqueles com 15 a 17 anos, 11,3% trabalhavam e estudavam, 2,3% s\u00f3 trabalhavam, 81,2% s\u00f3 estudavam e 5,1% n\u00e3o faziam nem uma coisa nem outra. J\u00e1 para aqueles com 25 a 29 anos, 13,8% trabalhavam e estudavam, 59,2% s\u00f3 trabalhavam, 4,8% s\u00f3 estudavam e 22,3% n\u00e3o faziam nenhuma das duas coisas.<\/p>\n<p>\u201cDe 15 a 17 anos, o principal arranjo \u00e9 n\u00e3o estar trabalhando e estar estudando, o que \u00e9 bastante desej\u00e1vel. De 18 a 24 anos, essa situa\u00e7\u00e3o de estar apenas estudando cai significativamente e aumenta a condi\u00e7\u00e3o de apenas trabalhar. O trabalho come\u00e7a a competir com os estudos na vida desse jovem. Mas cresce tamb\u00e9m a condi\u00e7\u00e3o de uma pessoa n\u00e3o estar trabalhando nem estudando. Por fim, de 25 a 29 anos, a gente tem quase 60% das pessoas voltadas integralmente para o trabalho\u201d, afirma a pesquisadora do IBGE.<\/p>\n<p><b>Qualifica\u00e7\u00e3o &#8211; <\/b>A Pnad Cont\u00ednua mostrou que 24,9 milh\u00f5es de jovens com 15 a 29 anos sem ensino superior completo n\u00e3o estudavam, n\u00e3o faziam curso profissionalizante nem cursavam pr\u00e9-vestibular.<\/p>\n<p>Em rela\u00e7\u00e3o aos cursos t\u00e9cnicos e normal (magist\u00e9rio) de n\u00edvel m\u00e9dio, 9,1% dos estudantes de ensino m\u00e9dio estavam fazendo esse tipo de qualifica\u00e7\u00e3o profissional.<br \/>\nEntre aqueles que j\u00e1 tinham conclu\u00eddo o ensino m\u00e9dio mas n\u00e3o faziam faculdade, o percentual de pessoas que buscavam profissionaliza\u00e7\u00e3o por meio desses cursos era de 5,3%.<\/p>\n<p>&nbsp;<\/p>\n","protected":false},"excerpt":{"rendered":"<p>&nbsp; Por Vitor Abdala, rep\u00f3rter da Ag\u00eancia Brasil &#8211; Uma parcela de 19,8% dos jovens de 15 a 29 anos no Brasil, ou seja, um entre cinco, n\u00e3o estudava nem trabalhava em 2023, segundo a Pesquisa Nacional por Amostra de Domic\u00edlios (Pnad) Cont\u00ednua, divulgada nesta sexta-feira (22), pelo Instituto Brasileiro de Geografia e Estat\u00edstica (IBGE)&#8230;.<a class=\"more-link\" href=\"http:\/\/blogdalucianaoliveira.com.br\/blog\/2024\/03\/22\/um-em-cada-cinco-jovens-brasileiros-de-15-a-29-anos-nao-estuda-nem-trabalha\/\">Continue a leitura <span class=\"meta-nav\">&raquo;<\/span><\/a><\/p>\n","protected":false},"author":1,"featured_media":0,"comment_status":"closed","ping_status":"open","sticky":false,"template":"","format":"standard","meta":{"_exactmetrics_skip_tracking":false,"_exactmetrics_sitenote_active":false,"_exactmetrics_sitenote_note":"","_exactmetrics_sitenote_category":0,"jetpack_post_was_ever_published":false,"_jetpack_newsletter_access":"","_jetpack_dont_email_post_to_subs":false,"_jetpack_newsletter_tier_id":0,"_jetpack_memberships_contains_paywalled_content":false,"_jetpack_memberships_contains_paid_content":false,"footnotes":"","jetpack_publicize_message":"","jetpack_publicize_feature_enabled":true,"jetpack_social_post_already_shared":true,"jetpack_social_options":{"image_generator_settings":{"template":"highway","enabled":false},"version":2}},"categories":[1],"tags":[],"class_list":["post-34715","post","type-post","status-publish","format-standard","hentry","category-notas"],"jetpack_publicize_connections":[],"jetpack_sharing_enabled":true,"jetpack_featured_media_url":"","jetpack_shortlink":"https:\/\/wp.me\/p7wKYW-91V","jetpack-related-posts":[],"_links":{"self":[{"href":"http:\/\/blogdalucianaoliveira.com.br\/blog\/wp-json\/wp\/v2\/posts\/34715","targetHints":{"allow":["GET"]}}],"collection":[{"href":"http:\/\/blogdalucianaoliveira.com.br\/blog\/wp-json\/wp\/v2\/posts"}],"about":[{"href":"http:\/\/blogdalucianaoliveira.com.br\/blog\/wp-json\/wp\/v2\/types\/post"}],"author":[{"embeddable":true,"href":"http:\/\/blogdalucianaoliveira.com.br\/blog\/wp-json\/wp\/v2\/users\/1"}],"replies":[{"embeddable":true,"href":"http:\/\/blogdalucianaoliveira.com.br\/blog\/wp-json\/wp\/v2\/comments?post=34715"}],"version-history":[{"count":1,"href":"http:\/\/blogdalucianaoliveira.com.br\/blog\/wp-json\/wp\/v2\/posts\/34715\/revisions"}],"predecessor-version":[{"id":34717,"href":"http:\/\/blogdalucianaoliveira.com.br\/blog\/wp-json\/wp\/v2\/posts\/34715\/revisions\/34717"}],"wp:attachment":[{"href":"http:\/\/blogdalucianaoliveira.com.br\/blog\/wp-json\/wp\/v2\/media?parent=34715"}],"wp:term":[{"taxonomy":"category","embeddable":true,"href":"http:\/\/blogdalucianaoliveira.com.br\/blog\/wp-json\/wp\/v2\/categories?post=34715"},{"taxonomy":"post_tag","embeddable":true,"href":"http:\/\/blogdalucianaoliveira.com.br\/blog\/wp-json\/wp\/v2\/tags?post=34715"}],"curies":[{"name":"wp","href":"https:\/\/api.w.org\/{rel}","templated":true}]}}