{"id":34718,"date":"2024-03-22T12:18:29","date_gmt":"2024-03-22T16:18:29","guid":{"rendered":"http:\/\/blogdalucianaoliveira.com.br\/blog\/?p=34718"},"modified":"2024-03-22T12:20:01","modified_gmt":"2024-03-22T16:20:01","slug":"crise-da-agua-seca-rios-brasileiros-e-reduz-disponibilidade-hidrica-em-ate-40-diz-pesquisa","status":"publish","type":"post","link":"http:\/\/blogdalucianaoliveira.com.br\/blog\/2024\/03\/22\/crise-da-agua-seca-rios-brasileiros-e-reduz-disponibilidade-hidrica-em-ate-40-diz-pesquisa\/","title":{"rendered":"Crise da \u00e1gua seca rios brasileiros e reduz disponibilidade h\u00eddrica em at\u00e9 40%, diz pesquisa"},"content":{"rendered":"<p><img data-recalc-dims=\"1\" loading=\"lazy\" decoding=\"async\" data-attachment-id=\"34719\" data-permalink=\"http:\/\/blogdalucianaoliveira.com.br\/blog\/2024\/03\/22\/crise-da-agua-seca-rios-brasileiros-e-reduz-disponibilidade-hidrica-em-ate-40-diz-pesquisa\/img_0783\/\" data-orig-file=\"https:\/\/i0.wp.com\/blogdalucianaoliveira.com.br\/blog\/wp-content\/uploads\/2024\/03\/IMG_0783.webp?fit=420%2C240\" data-orig-size=\"420,240\" data-comments-opened=\"0\" data-image-meta=\"{&quot;aperture&quot;:&quot;0&quot;,&quot;credit&quot;:&quot;&quot;,&quot;camera&quot;:&quot;&quot;,&quot;caption&quot;:&quot;&quot;,&quot;created_timestamp&quot;:&quot;0&quot;,&quot;copyright&quot;:&quot;&quot;,&quot;focal_length&quot;:&quot;0&quot;,&quot;iso&quot;:&quot;0&quot;,&quot;shutter_speed&quot;:&quot;0&quot;,&quot;title&quot;:&quot;&quot;,&quot;orientation&quot;:&quot;0&quot;}\" data-image-title=\"IMG_0783\" data-image-description=\"\" data-image-caption=\"\" data-medium-file=\"https:\/\/i0.wp.com\/blogdalucianaoliveira.com.br\/blog\/wp-content\/uploads\/2024\/03\/IMG_0783.webp?fit=300%2C171\" data-large-file=\"https:\/\/i0.wp.com\/blogdalucianaoliveira.com.br\/blog\/wp-content\/uploads\/2024\/03\/IMG_0783.webp?fit=420%2C240\" class=\"alignnone size-full wp-image-34719\" src=\"https:\/\/i0.wp.com\/blogdalucianaoliveira.com.br\/blog\/wp-content\/uploads\/2024\/03\/IMG_0783.webp?resize=420%2C240\" alt=\"\" width=\"420\" height=\"240\" srcset=\"https:\/\/i0.wp.com\/blogdalucianaoliveira.com.br\/blog\/wp-content\/uploads\/2024\/03\/IMG_0783.webp?w=420 420w, https:\/\/i0.wp.com\/blogdalucianaoliveira.com.br\/blog\/wp-content\/uploads\/2024\/03\/IMG_0783.webp?resize=300%2C171 300w\" sizes=\"auto, (max-width: 420px) 100vw, 420px\" \/><\/p>\n<p class=\"author__name\"><span class=\"author__group\"><span class=\"tp__author\">Gabriel Garcia, CNN &#8211; <\/span><\/span>As principais bacias hidrogr\u00e1ficas brasileiras podem ter diminui\u00e7\u00f5es de at\u00e9 40% na disponibilidade de \u00e1gua at\u00e9 2040, segundo pesquisa realizada pela Ag\u00eancia Nacional de \u00c1guas e Saneamento B\u00e1sico (ANA).<\/p>\n<p>Segundo o estudo, as bacias hidrogr\u00e1ficas localizadas no Norte, Nordeste e parte do Centro-Oeste tendem a sofrer com maior escassez.<!--more--><\/p>\n<p>Al\u00e9m disso, existe a possibilidade de um aumento substancial no n\u00famero de trechos de rios intermitentes no futuro, nessas regi\u00f5es. As conclus\u00f5es foram divulgadas pela ANA no Dia Mundial da \u00c1gua, que \u00e9 celebrado nesta sexta-feira (22).<\/p>\n<p>A redu\u00e7\u00e3o da disponibilidade h\u00eddrica dever\u00e1 se intensificar com o passar do tempo, na medida em que os n\u00edveis de emiss\u00e3o dos gases de efeito estufa aumentam e a temperatura aumenta no Brasil.<\/p>\n<p>Essa escassez h\u00eddrica, segundo o relat\u00f3rio, n\u00e3o deve afetar apenas o abastecimento de \u00e1gua nas cidades. A gera\u00e7\u00e3o de energia hidrel\u00e9trica e a agricultura de subsist\u00eancia tamb\u00e9m devem sofrer impactos diretos.<\/p>\n<p>Em entrevista \u00e0 <strong>CNN<\/strong>, a presidente da ANA, Veronica S\u00e1nchez, afirmou que uma das dificuldades na gest\u00e3o de recursos h\u00eddricos \u00e9 a incapacidade de previs\u00e3o utilizando as s\u00e9ries hist\u00f3ricas, devido a instabilidade clim\u00e1tica.<\/p>\n<p>\u201cOs grandes centros metropolitanos precisam se estruturar, precisam ter infraestruturas resilientes para ter disponibilidade h\u00eddrica e ter \u00e1gua para abastecimento humano e da ind\u00fastria\u201d, afirmou.<\/p>\n<p>A presidente tamb\u00e9m destacou a import\u00e2ncia da \u00e1gua para o agroneg\u00f3cio, que reflete diretamente na economia.<\/p>\n<p>\u201cA agricultura \u00e9 o principal usu\u00e1rio deste recurso no Brasil, quando a gente olha a distribui\u00e7\u00e3o dos usu\u00e1rios de \u00e1gua no pa\u00eds, o agro pega uma fatia significativa, em torno de 30%\u201d, disse.<\/p>\n<p>A ag\u00eancia, no entanto, utiliza m\u00e9todos para priorizar a efici\u00eancia na utiliza\u00e7\u00e3o da \u00e1gua.<\/p>\n<p>\u201cAqueles que recebem uma outorga para utilizar \u00e1gua s\u00e3o priorizados se utilizarem m\u00e9todos mais eficientes, como o de gotejamento, que causa menos desperd\u00edcio. Quanto mais eficiente o m\u00e9todo, maior a prioridade na concess\u00e3o das outorgas para esse usu\u00e1rio\u201d.<\/p>\n<p>As mudan\u00e7as clim\u00e1ticas tamb\u00e9m podem afetar o processo de gera\u00e7\u00e3o de energia. As hidrel\u00e9tricas s\u00e3o respons\u00e1veis por mais de 60% da gera\u00e7\u00e3o de energia do Brasil. Com a falta de chuvas, isso pode mudar. A ag\u00eancia, no entanto, trabalha com o monitoramento deste setor.<\/p>\n<p>\u201cTrabalhamos com o monitoramento de todo o setor el\u00e9trico. As vezes temos uma cheia no norte e uma situa\u00e7\u00e3o de escassez h\u00eddrica no sul, ent\u00e3o o sistema opera onde tem mais \u00e1gua naquele momento e, onde tem menos, reduz\u201d, concluiu a presidente.<\/p>\n<p>Esse monitoramento acontece de forma conjunta com o Minist\u00e9rio de Minas e Energia e o Operador Nacional do Sistema El\u00e9trico.<\/p>\n<h2>\u00c1gua: bem cuidado ou n\u00e3o?<\/h2>\n<p>O Dia Mundial da \u00c1gua, criado pela ONU, \u00e9 um esfor\u00e7o da comunidade internacional para colocar em pauta quest\u00f5es essenciais que envolvem os recursos h\u00eddricos.<\/p>\n<p>Na avalia\u00e7\u00e3o de 73% dos brasileiros, a \u00e1gua \u00e9 um recurso natural muito utilizado e pouco cuidado, segundo dados da pesquisa \u201cA percep\u00e7\u00e3o dos brasileiros sobre seguran\u00e7a h\u00eddrica\u201d, realizada pela The Nature Conservacy Brasil (TNC).<\/p>\n<p>A pesquisa tamb\u00e9m aponta que 78% da popula\u00e7\u00e3o nota um aumento na polui\u00e7\u00e3o das \u00e1guas nos \u00faltimos quatro anos no pa\u00eds.<\/p>\n<p>O estudo ainda afirma que 58% da popula\u00e7\u00e3o brasileira se sente preocupada com a falta de \u00e1gua. O consumo excessivo e desperd\u00edcio s\u00e3o os principais respons\u00e1veis por este problema na vis\u00e3o de 27% dos entrevistados.<\/p>\n<p>&nbsp;<\/p>\n<p>&nbsp;<\/p>\n","protected":false},"excerpt":{"rendered":"<p>Gabriel Garcia, CNN &#8211; As principais bacias hidrogr\u00e1ficas brasileiras podem ter diminui\u00e7\u00f5es de at\u00e9 40% na disponibilidade de \u00e1gua at\u00e9 2040, segundo pesquisa realizada pela Ag\u00eancia Nacional de \u00c1guas e Saneamento B\u00e1sico (ANA). Segundo o estudo, as bacias hidrogr\u00e1ficas localizadas no Norte, Nordeste e parte do Centro-Oeste tendem a sofrer com maior escassez.<\/p>\n","protected":false},"author":1,"featured_media":0,"comment_status":"closed","ping_status":"open","sticky":false,"template":"","format":"standard","meta":{"_exactmetrics_skip_tracking":false,"_exactmetrics_sitenote_active":false,"_exactmetrics_sitenote_note":"","_exactmetrics_sitenote_category":0,"jetpack_post_was_ever_published":false,"_jetpack_newsletter_access":"","_jetpack_dont_email_post_to_subs":false,"_jetpack_newsletter_tier_id":0,"_jetpack_memberships_contains_paywalled_content":false,"_jetpack_memberships_contains_paid_content":false,"footnotes":"","jetpack_publicize_message":"","jetpack_publicize_feature_enabled":true,"jetpack_social_post_already_shared":true,"jetpack_social_options":{"image_generator_settings":{"template":"highway","enabled":false},"version":2}},"categories":[1],"tags":[607,863,864],"class_list":["post-34718","post","type-post","status-publish","format-standard","hentry","category-notas","tag-agro","tag-agua","tag-seca"],"jetpack_publicize_connections":[],"jetpack_sharing_enabled":true,"jetpack_featured_media_url":"","jetpack_shortlink":"https:\/\/wp.me\/p7wKYW-91Y","jetpack-related-posts":[],"_links":{"self":[{"href":"http:\/\/blogdalucianaoliveira.com.br\/blog\/wp-json\/wp\/v2\/posts\/34718","targetHints":{"allow":["GET"]}}],"collection":[{"href":"http:\/\/blogdalucianaoliveira.com.br\/blog\/wp-json\/wp\/v2\/posts"}],"about":[{"href":"http:\/\/blogdalucianaoliveira.com.br\/blog\/wp-json\/wp\/v2\/types\/post"}],"author":[{"embeddable":true,"href":"http:\/\/blogdalucianaoliveira.com.br\/blog\/wp-json\/wp\/v2\/users\/1"}],"replies":[{"embeddable":true,"href":"http:\/\/blogdalucianaoliveira.com.br\/blog\/wp-json\/wp\/v2\/comments?post=34718"}],"version-history":[{"count":3,"href":"http:\/\/blogdalucianaoliveira.com.br\/blog\/wp-json\/wp\/v2\/posts\/34718\/revisions"}],"predecessor-version":[{"id":34722,"href":"http:\/\/blogdalucianaoliveira.com.br\/blog\/wp-json\/wp\/v2\/posts\/34718\/revisions\/34722"}],"wp:attachment":[{"href":"http:\/\/blogdalucianaoliveira.com.br\/blog\/wp-json\/wp\/v2\/media?parent=34718"}],"wp:term":[{"taxonomy":"category","embeddable":true,"href":"http:\/\/blogdalucianaoliveira.com.br\/blog\/wp-json\/wp\/v2\/categories?post=34718"},{"taxonomy":"post_tag","embeddable":true,"href":"http:\/\/blogdalucianaoliveira.com.br\/blog\/wp-json\/wp\/v2\/tags?post=34718"}],"curies":[{"name":"wp","href":"https:\/\/api.w.org\/{rel}","templated":true}]}}