{"id":34741,"date":"2024-03-24T11:49:54","date_gmt":"2024-03-24T15:49:54","guid":{"rendered":"http:\/\/blogdalucianaoliveira.com.br\/blog\/?p=34741"},"modified":"2024-03-24T11:49:54","modified_gmt":"2024-03-24T15:49:54","slug":"pf-prende-suspeitos-de-encomendar-morte-de-marielle-franco-o-que-se-sabe-ate-agora","status":"publish","type":"post","link":"http:\/\/blogdalucianaoliveira.com.br\/blog\/2024\/03\/24\/pf-prende-suspeitos-de-encomendar-morte-de-marielle-franco-o-que-se-sabe-ate-agora\/","title":{"rendered":"PF prende suspeitos de encomendar morte de Marielle Franco; o que se sabe at\u00e9 agora"},"content":{"rendered":"<p><img data-recalc-dims=\"1\" loading=\"lazy\" decoding=\"async\" data-attachment-id=\"34742\" data-permalink=\"http:\/\/blogdalucianaoliveira.com.br\/blog\/2024\/03\/24\/pf-prende-suspeitos-de-encomendar-morte-de-marielle-franco-o-que-se-sabe-ate-agora\/img_0818-2\/\" data-orig-file=\"https:\/\/i0.wp.com\/blogdalucianaoliveira.com.br\/blog\/wp-content\/uploads\/2024\/03\/IMG_0818-1.jpeg?fit=800%2C532\" data-orig-size=\"800,532\" data-comments-opened=\"0\" data-image-meta=\"{&quot;aperture&quot;:&quot;0&quot;,&quot;credit&quot;:&quot;&quot;,&quot;camera&quot;:&quot;&quot;,&quot;caption&quot;:&quot;&quot;,&quot;created_timestamp&quot;:&quot;0&quot;,&quot;copyright&quot;:&quot;&quot;,&quot;focal_length&quot;:&quot;0&quot;,&quot;iso&quot;:&quot;0&quot;,&quot;shutter_speed&quot;:&quot;0&quot;,&quot;title&quot;:&quot;&quot;,&quot;orientation&quot;:&quot;0&quot;}\" data-image-title=\"IMG_0818\" data-image-description=\"\" data-image-caption=\"\" data-medium-file=\"https:\/\/i0.wp.com\/blogdalucianaoliveira.com.br\/blog\/wp-content\/uploads\/2024\/03\/IMG_0818-1.jpeg?fit=300%2C200\" data-large-file=\"https:\/\/i0.wp.com\/blogdalucianaoliveira.com.br\/blog\/wp-content\/uploads\/2024\/03\/IMG_0818-1.jpeg?fit=600%2C399\" class=\"alignnone size-full wp-image-34742\" src=\"https:\/\/i0.wp.com\/blogdalucianaoliveira.com.br\/blog\/wp-content\/uploads\/2024\/03\/IMG_0818-1.jpeg?resize=600%2C399\" alt=\"\" width=\"600\" height=\"399\" srcset=\"https:\/\/i0.wp.com\/blogdalucianaoliveira.com.br\/blog\/wp-content\/uploads\/2024\/03\/IMG_0818-1.jpeg?w=800 800w, https:\/\/i0.wp.com\/blogdalucianaoliveira.com.br\/blog\/wp-content\/uploads\/2024\/03\/IMG_0818-1.jpeg?resize=300%2C200 300w, https:\/\/i0.wp.com\/blogdalucianaoliveira.com.br\/blog\/wp-content\/uploads\/2024\/03\/IMG_0818-1.jpeg?resize=768%2C511 768w, https:\/\/i0.wp.com\/blogdalucianaoliveira.com.br\/blog\/wp-content\/uploads\/2024\/03\/IMG_0818-1.jpeg?resize=451%2C300 451w\" sizes=\"auto, (max-width: 600px) 100vw, 600px\" \/><\/p>\n<div class=\"bbc-19j92fr ebmt73l0\" dir=\"ltr\">\n<p class=\"bbc-hhl7in e17g058b0\" dir=\"ltr\">Brasil de Fato &#8211; A Pol\u00edcia Federal realizou neste domingo (24\/3) tr\u00eas mandados de pris\u00e3o preventiva relacionados ao homic\u00eddio da ent\u00e3o vereadora do PSOL no Rio de Janeiro, Marielle Franco, e de seu motorista Anderson Gomes, em 14 de mar\u00e7o de 2018.<\/p>\n<\/div>\n<p><!--more--><\/p>\n<div class=\"bbc-19j92fr ebmt73l0\" dir=\"ltr\">\n<p class=\"bbc-hhl7in e17g058b0\" dir=\"ltr\">Segundo confirmaram fontes da PF, foram presos os irm\u00e3os Domingos e Chiquinho Braz\u00e3o, al\u00e9m de Rivaldo Barbosa.<\/p>\n<\/div>\n<div class=\"bbc-19j92fr ebmt73l0\" dir=\"ltr\">\n<p class=\"bbc-hhl7in e17g058b0\" dir=\"ltr\">Chiquinho Braz\u00e3o \u00e9 deputado federal pelo Uni\u00e3o Brasil e chegou a ser secret\u00e1rio especial de A\u00e7\u00e3o Comunit\u00e1ria da prefeitura do Rio de Janeiro.<\/p>\n<\/div>\n<div class=\"bbc-19j92fr ebmt73l0\" dir=\"ltr\">\n<p class=\"bbc-hhl7in e17g058b0\" dir=\"ltr\">Seu irm\u00e3o Domingos Braz\u00e3o \u00e9 conselheiro do Tribunal de Contas do Estado do Rio de Janeiro. Eles estavam sob investiga\u00e7\u00e3o no caso, a partir da dela\u00e7\u00e3o do ex-policial militar Elcio de Queiroz, acusado de ter dirigido o carro usado no assassinato de Marielle e Anderson.<\/p>\n<\/div>\n<p dir=\"ltr\">O advogado Ubiratan Guedes, defensor do conselheiro do TCE do Rio Domingos Braz\u00e3o, negou, na manh\u00e3 deste domingo, envolvimento de seu cliente nos homic\u00eddios da vereadora Marielle Franco (PSOL) e do motorista Anderson Gomes.<\/p>\n<div class=\"bbc-19j92fr ebmt73l0\" dir=\"ltr\">\n<p class=\"bbc-hhl7in e17g058b0\" dir=\"ltr\">&#8220;(Domingos Braz\u00e3o) n\u00e3o tem nenhuma liga\u00e7\u00e3o com a Marielle (sic), agora cabe \u00e0 defesa provar que ele \u00e9 inocente&#8221;, afirmou o advogado, ao chegar \u00e0 sede da Superintend\u00eancia da Pol\u00edcia Federal no Rio, na Pra\u00e7a Mau\u00e1, na capital fluminense. &#8220;Estamos surpresos.&#8221;<\/p>\n<\/div>\n<div class=\"bbc-19j92fr ebmt73l0\" dir=\"ltr\">\n<p class=\"bbc-hhl7in e17g058b0\" dir=\"ltr\">Guedes reiterou que Braz\u00e3o &#8220;nunca, nunca teve nenhuma liga\u00e7\u00e3o, nenhuma liga\u00e7\u00e3o&#8221;\u201d com o caso. O advogado disse que ainda n\u00e3o tinha conversado com Braz\u00e3o e que ia &#8220;entrar em contato agora com ele&#8221;, para &#8220;saber o que&#8221; acontece.<\/p>\n<div class=\"bbc-19j92fr ebmt73l0\" dir=\"ltr\">\n<p class=\"bbc-hhl7in e17g058b0\" dir=\"ltr\">&#8220;N\u00e3o sabemos da imputa\u00e7\u00e3o que \u00e9 feita, est\u00e1 entendendo? Vamos ver&#8221;, declarou.<\/p>\n<\/div>\n<div class=\"bbc-19j92fr ebmt73l0\" dir=\"ltr\">\n<p class=\"bbc-hhl7in e17g058b0\" dir=\"ltr\">O terceiro preso preventivamente, Rivaldo Barbosa, \u00e9 ex-diretor da Pol\u00edcia Civil do Rio de Janeiro.<\/p>\n<p dir=\"ltr\">Em postagem no X (ex-Twitter) neste domingo, Marcelo Freixo, que na \u00e9poca do crime era deputado estadual pelo mesmo partido de Marielle, escreveu: &#8220;Foi para Rivaldo Barbosa que liguei quando soube do assassinato da Marielle e do Anderson e me dirigia ao local do crime. Ele era chefe da Pol\u00edcia Civil e recebeu as fam\u00edlias no dia seguinte junto comigo. Agora Rivaldo est\u00e1 preso por ter atuado para proteger os mandantes do crime, impedindo que as investiga\u00e7\u00f5es avan\u00e7assem. Isso diz muito sobre o Rio de Janeiro&#8221;.<\/p>\n<div class=\"bbc-19j92fr ebmt73l0\" dir=\"ltr\">\n<p class=\"bbc-hhl7in e17g058b0\" dir=\"ltr\">Segundo a fonte da PF ouvida pela BBC News Brasil, a morte de Marielle teria sido encomendada por conta da resist\u00eancia da vereadora a um projeto de lei que regulariza condom\u00ednios na zona oeste do Rio de Janeiro. A zona oeste tem bairros controlados por milicianos que exploram empreendimentos imobili\u00e1rios na regi\u00e3o.<\/p>\n<\/div>\n<div class=\"bbc-19j92fr ebmt73l0\" dir=\"ltr\">\n<p class=\"bbc-hhl7in e17g058b0\" dir=\"ltr\">Em 19 de mar\u00e7o deste ano, o ministro da Justi\u00e7a e Seguran\u00e7a P\u00fablica, Ricardo Lewandowski, havia anunciado que a dela\u00e7\u00e3o premiada de Ronnie Lessa, preso acusado de ser o executor do crime, havia sido homologada pelo Supremo Tribunal Federal, por envolver pessoas com foro privilegiado.<\/p>\n<\/div>\n<div class=\"bbc-19j92fr ebmt73l0\" dir=\"ltr\">\n<p class=\"bbc-hhl7in e17g058b0\" dir=\"ltr\">O ministro havia dito que a conclus\u00e3o do caso Marielle ocorreria \u201cem breve\u201d.<\/p>\n<\/div>\n<div class=\"bbc-19j92fr ebmt73l0\" dir=\"ltr\">\n<p class=\"bbc-hhl7in e17g058b0\" dir=\"ltr\">Em postagem no X (antigo Twitter), Anielle Franco, irm\u00e3 de Marielle e ministra da Igualdade Racial, afirmou neste domingo: &#8220;s\u00f3 Deus sabe o quanto sonhamos com esse dia! Hoje \u00e9 mais um passo para conseguirmos respostas que tanto nos perguntamos nos \u00faltimos anos: quem mandou matar a Mari e por qu\u00ea?&#8221;<\/p>\n<\/div>\n<div class=\"bbc-19j92fr ebmt73l0\" dir=\"ltr\">\n<p class=\"bbc-hhl7in e17g058b0\" dir=\"ltr\">A opera\u00e7\u00e3o da PF deste domingo, chamada Murder Inc, tamb\u00e9m envolve 12 mandados de busca e apreens\u00e3o no Rio de Janeiro, expedidos pelo STF, e tem \u201ccomo alvos os autores intelectuais dos crimes de homic\u00eddio, de acordo com a investiga\u00e7\u00e3o. Tamb\u00e9m s\u00e3o apurados os crimes de organiza\u00e7\u00e3o criminosa e obstru\u00e7\u00e3o de justi\u00e7a\u201d.<\/p>\n<\/div>\n<\/div>\n<\/div>\n","protected":false},"excerpt":{"rendered":"<p>Brasil de Fato &#8211; A Pol\u00edcia Federal realizou neste domingo (24\/3) tr\u00eas mandados de pris\u00e3o preventiva relacionados ao homic\u00eddio da ent\u00e3o vereadora do PSOL no Rio de Janeiro, Marielle Franco, e de seu motorista Anderson Gomes, em 14 de mar\u00e7o de 2018.<\/p>\n","protected":false},"author":1,"featured_media":0,"comment_status":"closed","ping_status":"open","sticky":false,"template":"","format":"standard","meta":{"_exactmetrics_skip_tracking":false,"_exactmetrics_sitenote_active":false,"_exactmetrics_sitenote_note":"","_exactmetrics_sitenote_category":0,"jetpack_post_was_ever_published":false,"_jetpack_newsletter_access":"","_jetpack_dont_email_post_to_subs":false,"_jetpack_newsletter_tier_id":0,"_jetpack_memberships_contains_paywalled_content":false,"_jetpack_memberships_contains_paid_content":false,"footnotes":"","jetpack_publicize_message":"","jetpack_publicize_feature_enabled":true,"jetpack_social_post_already_shared":true,"jetpack_social_options":{"image_generator_settings":{"template":"highway","enabled":false},"version":2}},"categories":[1],"tags":[],"class_list":["post-34741","post","type-post","status-publish","format-standard","hentry","category-notas"],"jetpack_publicize_connections":[],"jetpack_sharing_enabled":true,"jetpack_featured_media_url":"","jetpack_shortlink":"https:\/\/wp.me\/p7wKYW-92l","jetpack-related-posts":[],"_links":{"self":[{"href":"http:\/\/blogdalucianaoliveira.com.br\/blog\/wp-json\/wp\/v2\/posts\/34741","targetHints":{"allow":["GET"]}}],"collection":[{"href":"http:\/\/blogdalucianaoliveira.com.br\/blog\/wp-json\/wp\/v2\/posts"}],"about":[{"href":"http:\/\/blogdalucianaoliveira.com.br\/blog\/wp-json\/wp\/v2\/types\/post"}],"author":[{"embeddable":true,"href":"http:\/\/blogdalucianaoliveira.com.br\/blog\/wp-json\/wp\/v2\/users\/1"}],"replies":[{"embeddable":true,"href":"http:\/\/blogdalucianaoliveira.com.br\/blog\/wp-json\/wp\/v2\/comments?post=34741"}],"version-history":[{"count":1,"href":"http:\/\/blogdalucianaoliveira.com.br\/blog\/wp-json\/wp\/v2\/posts\/34741\/revisions"}],"predecessor-version":[{"id":34743,"href":"http:\/\/blogdalucianaoliveira.com.br\/blog\/wp-json\/wp\/v2\/posts\/34741\/revisions\/34743"}],"wp:attachment":[{"href":"http:\/\/blogdalucianaoliveira.com.br\/blog\/wp-json\/wp\/v2\/media?parent=34741"}],"wp:term":[{"taxonomy":"category","embeddable":true,"href":"http:\/\/blogdalucianaoliveira.com.br\/blog\/wp-json\/wp\/v2\/categories?post=34741"},{"taxonomy":"post_tag","embeddable":true,"href":"http:\/\/blogdalucianaoliveira.com.br\/blog\/wp-json\/wp\/v2\/tags?post=34741"}],"curies":[{"name":"wp","href":"https:\/\/api.w.org\/{rel}","templated":true}]}}