{"id":34744,"date":"2024-03-24T11:57:23","date_gmt":"2024-03-24T15:57:23","guid":{"rendered":"http:\/\/blogdalucianaoliveira.com.br\/blog\/?p=34744"},"modified":"2024-03-24T11:57:23","modified_gmt":"2024-03-24T15:57:23","slug":"familia-de-marielle-diz-estar-surpresa-com-prisao-de-ex-chefe-da-policia-civil-do-rio-por-envolvimento-no-crime","status":"publish","type":"post","link":"http:\/\/blogdalucianaoliveira.com.br\/blog\/2024\/03\/24\/familia-de-marielle-diz-estar-surpresa-com-prisao-de-ex-chefe-da-policia-civil-do-rio-por-envolvimento-no-crime\/","title":{"rendered":"Fam\u00edlia de Marielle diz estar surpresa com pris\u00e3o de ex-chefe da Pol\u00edcia Civil do Rio por envolvimento no crime"},"content":{"rendered":"<p><img data-recalc-dims=\"1\" loading=\"lazy\" decoding=\"async\" data-attachment-id=\"34745\" data-permalink=\"http:\/\/blogdalucianaoliveira.com.br\/blog\/2024\/03\/24\/familia-de-marielle-diz-estar-surpresa-com-prisao-de-ex-chefe-da-policia-civil-do-rio-por-envolvimento-no-crime\/img_0819\/\" data-orig-file=\"https:\/\/i0.wp.com\/blogdalucianaoliveira.com.br\/blog\/wp-content\/uploads\/2024\/03\/IMG_0819.webp?fit=500%2C240\" data-orig-size=\"500,240\" data-comments-opened=\"0\" data-image-meta=\"{&quot;aperture&quot;:&quot;0&quot;,&quot;credit&quot;:&quot;&quot;,&quot;camera&quot;:&quot;&quot;,&quot;caption&quot;:&quot;&quot;,&quot;created_timestamp&quot;:&quot;0&quot;,&quot;copyright&quot;:&quot;&quot;,&quot;focal_length&quot;:&quot;0&quot;,&quot;iso&quot;:&quot;0&quot;,&quot;shutter_speed&quot;:&quot;0&quot;,&quot;title&quot;:&quot;&quot;,&quot;orientation&quot;:&quot;0&quot;}\" data-image-title=\"IMG_0819\" data-image-description=\"\" data-image-caption=\"\" data-medium-file=\"https:\/\/i0.wp.com\/blogdalucianaoliveira.com.br\/blog\/wp-content\/uploads\/2024\/03\/IMG_0819.webp?fit=300%2C144\" data-large-file=\"https:\/\/i0.wp.com\/blogdalucianaoliveira.com.br\/blog\/wp-content\/uploads\/2024\/03\/IMG_0819.webp?fit=500%2C240\" class=\"alignnone size-full wp-image-34745 alignleft\" src=\"https:\/\/i0.wp.com\/blogdalucianaoliveira.com.br\/blog\/wp-content\/uploads\/2024\/03\/IMG_0819.webp?resize=500%2C240\" alt=\"\" width=\"500\" height=\"240\" srcset=\"https:\/\/i0.wp.com\/blogdalucianaoliveira.com.br\/blog\/wp-content\/uploads\/2024\/03\/IMG_0819.webp?w=500 500w, https:\/\/i0.wp.com\/blogdalucianaoliveira.com.br\/blog\/wp-content\/uploads\/2024\/03\/IMG_0819.webp?resize=300%2C144 300w\" sizes=\"auto, (max-width: 500px) 100vw, 500px\" \/><\/p>\n<p><b>247 &#8211; <\/b>A fam\u00edlia da vereadora Marielle Franco (Psol) disse ter ficado perplexa com a pris\u00e3o do delegado Rivaldo Barbosa, ex-chefe da Pol\u00edcia Civil do Rio de Janeiro, pela Pol\u00edcia Federal (PF) na manh\u00e3 deste domingo (24), pela suspeita de acobertar os assassinatos da parlamentar e do motorista Anderson Gomes, em 2018. Al\u00e9m de Rivaldo, a PF prendeu o deputado federal Chiquinho Braz\u00e3o (Uni\u00e3o Brasil-RJ) e o conselheiro do TCE (Tribunal de Contas do Estado) Domingos Braz\u00e3o como suspeitos de serem os mandantes do crime.<!--more--><\/p>\n<p>&#8220;\u00c9 uma tristeza muito grande ver o nome dele nessa lama&#8221;, disse Marinete Silva, m\u00e3e de Marielle, em entrevista \u00e0 GloboNews. \u201cEle falou que era quest\u00e3o de honra elucidar esse caso (morte da Marielle). \u2014 Quando vive uma coisa dessas com uma autoridade que deveria fazer seu trabalho \u00e9 mais dif\u00edcil ainda. Ver o nome dele nessa lama\u201d, ressaltou.<\/p>\n<p>A ministra da Igualdade Racial, Anielle Franco, irm\u00e3 de Marielle, tamb\u00e9m disse estar surpresa com o suposto envolvimento de Rivaldo. \u201cSurpresa de uma pessoa que foi um dos primeiros contatos com a fam\u00edlia. Tanto como irm\u00e3 como integrante do governo, tem muita coisa que para a gente d\u00e1 uma sensa\u00e7\u00e3o de vit\u00f3ria, mas que n\u00e3o acabou\u201d, disse.<\/p>\n<p>O presidente da Embratur e ex-deputado federal, Marcelo Freixo, tamb\u00e9m disse ter entrado em contato com Rivaldo logo que soube dos assassinatos de Marielle e Anderson. &#8220;Foi para Rivaldo Barbosa que liguei quando soube do assassinato da Marielle e do Anderson e me dirigia ao local do crime. Ele era chefe da Pol\u00edcia Civil e recebeu as fam\u00edlias no dia seguinte junto comigo. Agora Rivaldo est\u00e1 preso por ter atuado para proteger os mandantes do crime, impedindo que as investiga\u00e7\u00f5es avan\u00e7assem. Isso diz muito sobre o Rio de Janeiro&#8221;, escreveu Freixo no X, antigo Twitter.<\/p>\n","protected":false},"excerpt":{"rendered":"<p>247 &#8211; A fam\u00edlia da vereadora Marielle Franco (Psol) disse ter ficado perplexa com a pris\u00e3o do delegado Rivaldo Barbosa, ex-chefe da Pol\u00edcia Civil do Rio de Janeiro, pela Pol\u00edcia Federal (PF) na manh\u00e3 deste domingo (24), pela suspeita de acobertar os assassinatos da parlamentar e do motorista Anderson Gomes, em 2018. Al\u00e9m de Rivaldo,&#8230;<a class=\"more-link\" href=\"http:\/\/blogdalucianaoliveira.com.br\/blog\/2024\/03\/24\/familia-de-marielle-diz-estar-surpresa-com-prisao-de-ex-chefe-da-policia-civil-do-rio-por-envolvimento-no-crime\/\">Continue a leitura <span class=\"meta-nav\">&raquo;<\/span><\/a><\/p>\n","protected":false},"author":1,"featured_media":0,"comment_status":"closed","ping_status":"open","sticky":false,"template":"","format":"standard","meta":{"_exactmetrics_skip_tracking":false,"_exactmetrics_sitenote_active":false,"_exactmetrics_sitenote_note":"","_exactmetrics_sitenote_category":0,"jetpack_post_was_ever_published":false,"_jetpack_newsletter_access":"","_jetpack_dont_email_post_to_subs":false,"_jetpack_newsletter_tier_id":0,"_jetpack_memberships_contains_paywalled_content":false,"_jetpack_memberships_contains_paid_content":false,"footnotes":"","jetpack_publicize_message":"","jetpack_publicize_feature_enabled":true,"jetpack_social_post_already_shared":true,"jetpack_social_options":{"image_generator_settings":{"template":"highway","enabled":false},"version":2}},"categories":[1],"tags":[],"class_list":["post-34744","post","type-post","status-publish","format-standard","hentry","category-notas"],"jetpack_publicize_connections":[],"jetpack_sharing_enabled":true,"jetpack_featured_media_url":"","jetpack_shortlink":"https:\/\/wp.me\/p7wKYW-92o","jetpack-related-posts":[],"_links":{"self":[{"href":"http:\/\/blogdalucianaoliveira.com.br\/blog\/wp-json\/wp\/v2\/posts\/34744","targetHints":{"allow":["GET"]}}],"collection":[{"href":"http:\/\/blogdalucianaoliveira.com.br\/blog\/wp-json\/wp\/v2\/posts"}],"about":[{"href":"http:\/\/blogdalucianaoliveira.com.br\/blog\/wp-json\/wp\/v2\/types\/post"}],"author":[{"embeddable":true,"href":"http:\/\/blogdalucianaoliveira.com.br\/blog\/wp-json\/wp\/v2\/users\/1"}],"replies":[{"embeddable":true,"href":"http:\/\/blogdalucianaoliveira.com.br\/blog\/wp-json\/wp\/v2\/comments?post=34744"}],"version-history":[{"count":1,"href":"http:\/\/blogdalucianaoliveira.com.br\/blog\/wp-json\/wp\/v2\/posts\/34744\/revisions"}],"predecessor-version":[{"id":34746,"href":"http:\/\/blogdalucianaoliveira.com.br\/blog\/wp-json\/wp\/v2\/posts\/34744\/revisions\/34746"}],"wp:attachment":[{"href":"http:\/\/blogdalucianaoliveira.com.br\/blog\/wp-json\/wp\/v2\/media?parent=34744"}],"wp:term":[{"taxonomy":"category","embeddable":true,"href":"http:\/\/blogdalucianaoliveira.com.br\/blog\/wp-json\/wp\/v2\/categories?post=34744"},{"taxonomy":"post_tag","embeddable":true,"href":"http:\/\/blogdalucianaoliveira.com.br\/blog\/wp-json\/wp\/v2\/tags?post=34744"}],"curies":[{"name":"wp","href":"https:\/\/api.w.org\/{rel}","templated":true}]}}