{"id":3475,"date":"2016-08-26T20:32:15","date_gmt":"2016-08-27T00:32:15","guid":{"rendered":"http:\/\/blogdalucianaoliveira.com.br\/blog\/?p=3475"},"modified":"2016-08-26T20:32:15","modified_gmt":"2016-08-27T00:32:15","slug":"o-fogo-amigo-de-vargas-a-fhc-ate-luladilma","status":"publish","type":"post","link":"http:\/\/blogdalucianaoliveira.com.br\/blog\/2016\/08\/26\/o-fogo-amigo-de-vargas-a-fhc-ate-luladilma\/","title":{"rendered":"O \u201cfogo amigo\u201d, de Vargas a FHC at\u00e9 Lula\/Dilma"},"content":{"rendered":"<p><img data-recalc-dims=\"1\" loading=\"lazy\" decoding=\"async\" data-attachment-id=\"3476\" data-permalink=\"http:\/\/blogdalucianaoliveira.com.br\/blog\/2016\/08\/26\/o-fogo-amigo-de-vargas-a-fhc-ate-luladilma\/image-771\/\" data-orig-file=\"https:\/\/i0.wp.com\/blogdalucianaoliveira.com.br\/blog\/wp-content\/uploads\/2016\/08\/image-136.jpeg?fit=800%2C400\" data-orig-size=\"800,400\" data-comments-opened=\"0\" data-image-meta=\"{&quot;aperture&quot;:&quot;0&quot;,&quot;credit&quot;:&quot;&quot;,&quot;camera&quot;:&quot;&quot;,&quot;caption&quot;:&quot;&quot;,&quot;created_timestamp&quot;:&quot;1472234130&quot;,&quot;copyright&quot;:&quot;&quot;,&quot;focal_length&quot;:&quot;0&quot;,&quot;iso&quot;:&quot;0&quot;,&quot;shutter_speed&quot;:&quot;0&quot;,&quot;title&quot;:&quot;&quot;,&quot;orientation&quot;:&quot;1&quot;}\" data-image-title=\"image\" data-image-description=\"\" data-image-caption=\"\" data-medium-file=\"https:\/\/i0.wp.com\/blogdalucianaoliveira.com.br\/blog\/wp-content\/uploads\/2016\/08\/image-136.jpeg?fit=300%2C150\" data-large-file=\"https:\/\/i0.wp.com\/blogdalucianaoliveira.com.br\/blog\/wp-content\/uploads\/2016\/08\/image-136.jpeg?fit=600%2C300\" src=\"https:\/\/i0.wp.com\/blogdalucianaoliveira.com.br\/blog\/wp-content\/uploads\/2016\/08\/image-136.jpeg?resize=600%2C300\" alt=\"image\" width=\"600\" height=\"300\" class=\"alignnone size-full wp-image-3476\" srcset=\"https:\/\/i0.wp.com\/blogdalucianaoliveira.com.br\/blog\/wp-content\/uploads\/2016\/08\/image-136.jpeg?w=800 800w, https:\/\/i0.wp.com\/blogdalucianaoliveira.com.br\/blog\/wp-content\/uploads\/2016\/08\/image-136.jpeg?resize=300%2C150 300w, https:\/\/i0.wp.com\/blogdalucianaoliveira.com.br\/blog\/wp-content\/uploads\/2016\/08\/image-136.jpeg?resize=600%2C300 600w\" sizes=\"auto, (max-width: 600px) 100vw, 600px\" \/><\/p>\n<p>O que h\u00e1 em comum entre os personagens do t\u00edtulo?<!--more--><\/p>\n<p>Por Ricardo Kotscho<\/p>\n<p>\u00c9 o tal do &#8220;fogo amigo&#8221;: a raiz das muitas crises dos seus governos pode ser encontrada mais dentro do que fora dos pal\u00e1cios. Foram as intrigas palacianas, as disputas do poder pelo poder dentro do poder e as trai\u00e7\u00f5es de aliados que mais infernizaram a vida destes presidentes, mais at\u00e9 do que os advers\u00e1rios pol\u00edticos, como pudemos ver ainda agora na agonia do governo de Dilma Rousseff, o segundo caso de impeachment em curto espa\u00e7o de tempo.<\/p>\n<p>Mas aliado n\u00e3o \u00e9 para nos defender e o papel do advers\u00e1rio \u00e9 nos atacar? Assim deveria ser o jogo, mas nem sempre \u00e9 assim.<\/p>\n<p>Ao lermos em sequ\u00eancia livros sobre a nossa Hist\u00f3ria pol\u00edtica contempor\u00e2nea, desde a Revolu\u00e7\u00e3o de 30 de Get\u00falio Vargas (a trilogia de Lira Neto), passando pela ditadura militar de Castelo a Figueiredo (os cinco volumes de Elio Gaspari) e os anos FHC contados pelo pr\u00f3prio, at\u00e9 chegarmos aos governos petistas de Lula e Dilma, que ainda est\u00e3o \u00e0 espera de um autor, \u00e9 impressionante constatar como os enredos se repetem de um s\u00e9culo a outro em diferentes regimes e contextos.<\/p>\n<p>Ao contr\u00e1rio do Her\u00f3doto Barbeiro, n\u00e3o sou historiador, minha mem\u00f3ria est\u00e1 cada vez pior, mas vou tentar lembrar de alguns fatos por ordem de entrada em cena dos seus principais personagens.<\/p>\n<p>Foram o irm\u00e3o Benjamim Vargas e o chefe da sua seguran\u00e7a pessoal, Greg\u00f3rio Fortunato, que acabaram empurrando Get\u00falio para o &#8220;mar de lama&#8221;, no ocaso do seu per\u00edodo de governo democr\u00e1tico, ao envolverem diretamente o presidente da Rep\u00fablica no epis\u00f3dio do &#8220;atentado&#8221; ao advers\u00e1rio Carlos Lacerda.<\/p>\n<p>Era o que faltava para deflagrar a campanha final contra o presidente eleito movida pelos udenistas moralistas daquela \u00e9poca, aliados aos generais dissidentes, a interesses estrangeiros e \u00e0 imprensa olig\u00e1rquica. Todos sabemos como esta hist\u00f3ria acabou na trag\u00e9dia do suic\u00eddio em 1954, ensaio para o golpe desfechado dez anos depois contra Jo\u00e3o Goulart, pelos mesmos atores, depois de uma breve tr\u00e9gua de bonan\u00e7a nos anos dourados de JK at\u00e9 a ren\u00fancia de J\u00e2nio.<\/p>\n<p>Estou terminando de ler agora A Ditadura Acabada, o quinto e \u00faltimo livro da obra do jornalista Elio Gaspari sobre os 21 anos do per\u00edodo militar, encerrados com a elei\u00e7\u00e3o indireta de Tancredo Neves, do oposicionista PMDB, que morreu antes de tomar posse, e foi substitu\u00eddo pelo vice Jos\u00e9 Sarney, at\u00e9 meses antes presidente do PDS (ex-Arena), o partido do governo.<\/p>\n<p>Durante todo seu ca\u00f3tico governo, Jo\u00e3o Figueiredo, o \u00faltimo general presidente, teve que enfrentar a &#8220;tigrada&#8221; amiga, os radicais que eram contra a anistia e a abertura pol\u00edtica, e a disputa pela sua sucess\u00e3o, envolvendo Paulo Maluf, Mario Andreazza e Aureliano Chaves, o seu vice, com quem rompeu, e que acabou se bandeando para o lado do conterr\u00e2neo Tancredo Neves.<\/p>\n<p>Alguma semelhan\u00e7a com tempos mais recentes?<\/p>\n<p>Nas quase mil p\u00e1ginas do primeiro volume da autobiografia do seu governo, Fernando Henrique Cardoso passou mais tempo reclamando das intrigas dos seus velhos amigos palacianos, da base aliada (PSDB-PMDB-PFL) e da imprensa idem, do que criticando a oposi\u00e7\u00e3o liderada pelo PT. Foi implac\u00e1vel com Jos\u00e9 Serra e S\u00e9rgio Motta, que disputavam o protagonismo com Pedro Malan, o ministro da Fazenda que segurou o Plano Real, e o acompanhou at\u00e9 o \u00faltimo dia de governo.<\/p>\n<p>Da mesma forma, a grande crise pol\u00edtica do governo de Luiz In\u00e1cio Lula da Silva, que o sucedeu ao derrotar Jos\u00e9 Serra, n\u00e3o foi provocada pela oposi\u00e7\u00e3o liderada pelo PSDB de FHC, mas por um deputado aliado, Roberto Jefferson, do PTB, que denunciou o &#8220;mensal\u00e3o&#8221;.<\/p>\n<p>E quem comandou a oposi\u00e7\u00e3o implac\u00e1vel ao governo de Dilma Rousseff, que a levou a enfrentar o processo de impeachment, tamb\u00e9m n\u00e3o foi o PSDB, mas o presidente da C\u00e2mara, Eduardo Cunha, do principal partido aliado, o PMDB velho de guerra, que emplacou o vice Michel Temer como presidente interino quando ela foi afastada.<\/p>\n<p>No fundo, no fundo, no fundo, a gente anda, anda, anda, mas parece que tudo continua no mesmo lugar.<\/p>\n<p>Foi o que senti ao reler outro dia Do Golpe ao Planalto, meu livro de mem\u00f3rias, que tenho citado muito ultimamente aqui no blog. No final do posf\u00e1cio, escrito em dezembro de 2005, lembrei um epis\u00f3dio que confirma a frase acima. Transcrevo:<\/p>\n<p>A cada crise, fala-se novamente na necessidade de uma reforma pol\u00edtica, que nunca acontece. Olhando as coisas agora de tr\u00e1s para a frente, fico com a impress\u00e3o de que a raiz do problema n\u00e3o est\u00e1 nas pessoas ou nos partidos, mas num sistema pol\u00edtico condenado a n\u00e3o dar certo. Para chegar ao governo, um candidato, qualquer candidato de qualquer partido, tem que fazer tantas concess\u00f5es e alian\u00e7as, mobilizar tantos recursos, que acaba amarrado a um conjunto de antigos interesses _ de tal forma que n\u00e3o consegue implantar as reformas reclamadas pelo pa\u00eds h\u00e1 muitas d\u00e9cadas. <\/p>\n<p>Em meio ao segundo mandato de Fernando Henrique Cardoso, no final de uma entrevista, j\u00e1 na hora do caf\u00e9, depois de ouvir as queixas dele sobre a dificuldade de conviver com sua base aliada, perguntei-lhe singelamente:<\/p>\n<p>_ Presidente, o senhor conseguiu a reelei\u00e7\u00e3o, j\u00e1 est\u00e1 no segundo mandato, por que n\u00e3o d\u00e1 um murro na mesa e governa do seu jeito, com quem acha melhor para o pa\u00eds?<\/p>\n<p>_ Voc\u00ea est\u00e1 maluco? Se eu fizer isso, meu governo acaba no dia seguinte&#8230;<\/p>\n","protected":false},"excerpt":{"rendered":"<p>O que h\u00e1 em comum entre os personagens do t\u00edtulo?<\/p>\n","protected":false},"author":1,"featured_media":0,"comment_status":"closed","ping_status":"open","sticky":false,"template":"","format":"standard","meta":{"_exactmetrics_skip_tracking":false,"_exactmetrics_sitenote_active":false,"_exactmetrics_sitenote_note":"","_exactmetrics_sitenote_category":0,"jetpack_post_was_ever_published":false,"_jetpack_newsletter_access":"","_jetpack_dont_email_post_to_subs":false,"_jetpack_newsletter_tier_id":0,"_jetpack_memberships_contains_paywalled_content":false,"_jetpack_memberships_contains_paid_content":false,"footnotes":"","jetpack_publicize_message":"","jetpack_publicize_feature_enabled":true,"jetpack_social_post_already_shared":true,"jetpack_social_options":{"image_generator_settings":{"template":"highway","enabled":false},"version":2}},"categories":[1],"tags":[],"class_list":["post-3475","post","type-post","status-publish","format-standard","hentry","category-notas"],"jetpack_publicize_connections":[],"jetpack_sharing_enabled":true,"jetpack_featured_media_url":"","jetpack_shortlink":"https:\/\/wp.me\/p7wKYW-U3","jetpack-related-posts":[],"_links":{"self":[{"href":"http:\/\/blogdalucianaoliveira.com.br\/blog\/wp-json\/wp\/v2\/posts\/3475","targetHints":{"allow":["GET"]}}],"collection":[{"href":"http:\/\/blogdalucianaoliveira.com.br\/blog\/wp-json\/wp\/v2\/posts"}],"about":[{"href":"http:\/\/blogdalucianaoliveira.com.br\/blog\/wp-json\/wp\/v2\/types\/post"}],"author":[{"embeddable":true,"href":"http:\/\/blogdalucianaoliveira.com.br\/blog\/wp-json\/wp\/v2\/users\/1"}],"replies":[{"embeddable":true,"href":"http:\/\/blogdalucianaoliveira.com.br\/blog\/wp-json\/wp\/v2\/comments?post=3475"}],"version-history":[{"count":1,"href":"http:\/\/blogdalucianaoliveira.com.br\/blog\/wp-json\/wp\/v2\/posts\/3475\/revisions"}],"predecessor-version":[{"id":3477,"href":"http:\/\/blogdalucianaoliveira.com.br\/blog\/wp-json\/wp\/v2\/posts\/3475\/revisions\/3477"}],"wp:attachment":[{"href":"http:\/\/blogdalucianaoliveira.com.br\/blog\/wp-json\/wp\/v2\/media?parent=3475"}],"wp:term":[{"taxonomy":"category","embeddable":true,"href":"http:\/\/blogdalucianaoliveira.com.br\/blog\/wp-json\/wp\/v2\/categories?post=3475"},{"taxonomy":"post_tag","embeddable":true,"href":"http:\/\/blogdalucianaoliveira.com.br\/blog\/wp-json\/wp\/v2\/tags?post=3475"}],"curies":[{"name":"wp","href":"https:\/\/api.w.org\/{rel}","templated":true}]}}