{"id":34751,"date":"2024-03-25T12:53:26","date_gmt":"2024-03-25T16:53:26","guid":{"rendered":"https:\/\/blogdalucianaoliveira.com.br\/blog\/?p=34751"},"modified":"2024-03-25T12:53:26","modified_gmt":"2024-03-25T16:53:26","slug":"aparece-a-penultima-peca-do-caso-marielle-falta-a-ultima-por-luis-nassif","status":"publish","type":"post","link":"http:\/\/blogdalucianaoliveira.com.br\/blog\/2024\/03\/25\/aparece-a-penultima-peca-do-caso-marielle-falta-a-ultima-por-luis-nassif\/","title":{"rendered":"Aparece a pen\u00faltima pe\u00e7a do caso Marielle, falta a \u00faltima, por Lu\u00eds Nassif"},"content":{"rendered":"<p><img data-recalc-dims=\"1\" loading=\"lazy\" decoding=\"async\" data-attachment-id=\"34750\" data-permalink=\"http:\/\/blogdalucianaoliveira.com.br\/blog\/?attachment_id=34750\" data-orig-file=\"https:\/\/i0.wp.com\/blogdalucianaoliveira.com.br\/blog\/wp-content\/uploads\/2024\/03\/IMG_0814.jpeg?fit=540%2C540\" data-orig-size=\"540,540\" data-comments-opened=\"0\" data-image-meta=\"{&quot;aperture&quot;:&quot;0&quot;,&quot;credit&quot;:&quot;&quot;,&quot;camera&quot;:&quot;&quot;,&quot;caption&quot;:&quot;&quot;,&quot;created_timestamp&quot;:&quot;0&quot;,&quot;copyright&quot;:&quot;&quot;,&quot;focal_length&quot;:&quot;0&quot;,&quot;iso&quot;:&quot;0&quot;,&quot;shutter_speed&quot;:&quot;0&quot;,&quot;title&quot;:&quot;&quot;,&quot;orientation&quot;:&quot;1&quot;}\" data-image-title=\"IMG_0814\" data-image-description=\"\" data-image-caption=\"\" data-medium-file=\"https:\/\/i0.wp.com\/blogdalucianaoliveira.com.br\/blog\/wp-content\/uploads\/2024\/03\/IMG_0814.jpeg?fit=300%2C300\" data-large-file=\"https:\/\/i0.wp.com\/blogdalucianaoliveira.com.br\/blog\/wp-content\/uploads\/2024\/03\/IMG_0814.jpeg?fit=540%2C540\" class=\"size-full wp-image-34750 aligncenter\" src=\"https:\/\/i0.wp.com\/blogdalucianaoliveira.com.br\/blog\/wp-content\/uploads\/2024\/03\/IMG_0814.jpeg?resize=540%2C540\" alt=\"\" width=\"540\" height=\"540\" srcset=\"https:\/\/i0.wp.com\/blogdalucianaoliveira.com.br\/blog\/wp-content\/uploads\/2024\/03\/IMG_0814.jpeg?w=540 540w, https:\/\/i0.wp.com\/blogdalucianaoliveira.com.br\/blog\/wp-content\/uploads\/2024\/03\/IMG_0814.jpeg?resize=300%2C300 300w, https:\/\/i0.wp.com\/blogdalucianaoliveira.com.br\/blog\/wp-content\/uploads\/2024\/03\/IMG_0814.jpeg?resize=150%2C150 150w\" sizes=\"auto, (max-width: 540px) 100vw, 540px\" \/><\/p>\n<p>&nbsp;<\/p>\n<p class=\"single-resume\"><strong>Luis Nassif, GGN<\/strong> &#8211; Desde 2019, defendemos que houve um pacto entre o general Braga Neto &#8211; interventor no Rio, o general Villas Boas e o candidato Bolsonaro.<!--more--><\/p>\n<div class=\"f ac sb article__meta class-cache\">\n<div class=\"f fc article__time\">A pris\u00e3o de Rivaldo Barbosa, indicado para a chefia da Pol\u00edcia Civil pelo general Braga Neto \u2013 interventor do Rio de Janeiro na opera\u00e7\u00e3o de Garantia de Lei e Ordem (GLO) \u2013 \u00e9 a pen\u00faltima pe\u00e7a que faltava para montar o quebra-cabe\u00e7as da morte de Marielle Franco. A \u00faltima pe\u00e7a \u00e9 a fam\u00edlia Bolsonaro.<\/div>\n<\/div>\n<p>Outro delegado detido foi Giniton Lages, chefe da Delegacia de Homic\u00eddios na \u00e9poca da morte de Marielle.<\/p>\n<p class=\"has-large-font-size\">Pe\u00e7a 1 \u2013 o pacto Villas Boas, Braga Neto e Bolsonaro<\/p>\n<p>Desde 2019, defendemos a tese de que houve um pacto entre o general Braga Neto \u2013 interventor do Rio de Janeiro, na opera\u00e7\u00e3o GLO (Garantia de Lei e Ordem), o general Villas Boas e o candidato Jair Bolsonaro. Em troca do n\u00e3o esclarecimento da morte da vereadora, Braga Neto tornou-se o principal Ministro de Bolsonaro.<\/p>\n<figure class=\"wp-block-embed is-type-wp-embed is-provider-jornal-ggn wp-block-embed-jornal-ggn\">\n<div class=\"wp-block-embed__wrapper\"><iframe loading=\"lazy\" class=\"wp-embedded-content\" title=\"\u201cXadrez de Marielle, e a guerra mundial entre Witzel e Bolsonaro, por Luis Nassif\u201d \u2014 Jornal GGN\" src=\"https:\/\/jornalggn.com.br\/justica\/xadrez-de-marielle-e-a-guerra-mundial-entre-witzel-e-bolsonaro-por-luis-nassif\/embed\/#?secret=MfHszpAbPv#?secret=ucpt8Gqpnw\" width=\"500\" height=\"488\" frameborder=\"0\" marginwidth=\"0\" marginheight=\"0\" scrolling=\"no\" sandbox=\"allow-scripts\" data-secret=\"ucpt8Gqpnw\" data-gtm-yt-inspected-16=\"true\" data-mce-fragment=\"1\"><\/iframe><\/div>\n<\/figure>\n<blockquote class=\"wp-block-quote\"><p>\u201cA interven\u00e7\u00e3o se deu sob comando das for\u00e7as de Haiti, cujo guru maior era o general Heleno. Na morte de Marielle, a Secretaria de Seguran\u00e7a do Rio de Janeiro estava sob controle da interven\u00e7\u00e3o. E, como chefe de pol\u00edcia civil, foi colocada Rivaldo Barbosa, oriundo das For\u00e7as Armadas.<\/p>\n<p>Foi um per\u00edodo em que as investiga\u00e7\u00f5es emperraram, a ponto do pr\u00f3prio Ministro da Seguran\u00e7a P\u00fablica, Raul Jungman, alertar para for\u00e7as pol\u00edticas poderosas atrapalhando as investiga\u00e7\u00f5es.<\/p>\n<p>Ora, se a Secretaria de Seguran\u00e7a P\u00fablica estava sob controle das for\u00e7as militares, \u00e9 evidente que as for\u00e7as pol\u00edticas poderosas n\u00e3o eram meros vereadores ou conselheiros de Tribunais de Conta ou qualquer outro poder paroquial. Eram interesses muito mais amplos e com influ\u00eancia direta sobre o estamento militar.<\/p>\n<p>Terminadas as elei\u00e7\u00f5es, o jogo muda. Wilson Witzel \u00e9 eleito para o governo do Estado, no rastro do fen\u00f4meno Bolsonaro. Mas, antes do terceiro m\u00eas se lan\u00e7ou candidato a presidente da Rep\u00fablica. N\u00e3o havia l\u00f3gica. Witzel era um ne\u00f3fito em pol\u00edtica, eleito no embalo do fen\u00f4meno Bolsonaro, dependia do PSL. Teria que dispor de algum trunfo na manga para um lance de tamanha ousadia.<\/p>\n<p>Nos meses seguintes, ficou claro que seu trunfo era o controle das investiga\u00e7\u00f5es sobre a morte de Marielle, o assassinato de uma vereadora com repercuss\u00e3o internacional.\u00a0<a href=\"https:\/\/jornalggn.com.br\/justica\/xadrez-de-marielle-e-a-guerra-mundial-entre-witzel-e-bolsonaro-por-luis-nassif\/Barbosa%20tamb%C3%A9m%20%C3%A9%20investigado%20por%20lavagem%20de%20dinheiro%20em%20outro%20inqu%C3%A9rito%20que%20apura%20as%20empresas%20de%20intelig%C3%AAncia%20que%20ele%20abriu%20com%20a%20mulher%20no%20per%C3%ADodo%20em%20que%20era%20titular%20da%20DH.\">Rivaldo Barbosa, o Chefe da Pol\u00edcia indicado pelas for\u00e7as da interven\u00e7\u00e3o, foi encostado<\/a>, depois de ter sido acusado de ter montado empresas de intelig\u00eancia no per\u00edodo em que comandou a Pol\u00edcia. E as investiga\u00e7\u00f5es ca\u00edram nas m\u00e3os da pol\u00edcia de Witzel. A partir dai come\u00e7ou sua desgra\u00e7a<\/p><\/blockquote>\n<p class=\"has-large-font-size\">Pe\u00e7a 2 \u2013 a continua\u00e7\u00e3o da blindagem<\/p>\n<p>Tr\u00eas epis\u00f3dios demonstram a blindagem dada aos mandantes do assassinato de Marielle Franco, antes de Witzel romper com Bolsonaro e cair em desgra\u00e7a..<\/p>\n<div id=\"dmp-v-par2\" class=\"banner-par filled\" data-google-query-id=\"CPnB_rjuj4UDFahc3QIdJeIG6A\"><img data-recalc-dims=\"1\" loading=\"lazy\" decoding=\"async\" data-attachment-id=\"34752\" data-permalink=\"http:\/\/blogdalucianaoliveira.com.br\/blog\/2024\/03\/25\/aparece-a-penultima-peca-do-caso-marielle-falta-a-ultima-por-luis-nassif\/image-69-7\/\" data-orig-file=\"https:\/\/i0.wp.com\/blogdalucianaoliveira.com.br\/blog\/wp-content\/uploads\/2024\/03\/image-69.webp?fit=2044%2C762\" data-orig-size=\"2044,762\" data-comments-opened=\"0\" data-image-meta=\"{&quot;aperture&quot;:&quot;0&quot;,&quot;credit&quot;:&quot;&quot;,&quot;camera&quot;:&quot;&quot;,&quot;caption&quot;:&quot;&quot;,&quot;created_timestamp&quot;:&quot;0&quot;,&quot;copyright&quot;:&quot;&quot;,&quot;focal_length&quot;:&quot;0&quot;,&quot;iso&quot;:&quot;0&quot;,&quot;shutter_speed&quot;:&quot;0&quot;,&quot;title&quot;:&quot;&quot;,&quot;orientation&quot;:&quot;0&quot;}\" data-image-title=\"image-69\" data-image-description=\"\" data-image-caption=\"\" data-medium-file=\"https:\/\/i0.wp.com\/blogdalucianaoliveira.com.br\/blog\/wp-content\/uploads\/2024\/03\/image-69.webp?fit=300%2C112\" data-large-file=\"https:\/\/i0.wp.com\/blogdalucianaoliveira.com.br\/blog\/wp-content\/uploads\/2024\/03\/image-69.webp?fit=600%2C224\" class=\"alignnone size-full wp-image-34752\" src=\"https:\/\/i0.wp.com\/blogdalucianaoliveira.com.br\/blog\/wp-content\/uploads\/2024\/03\/image-69.webp?resize=600%2C224\" alt=\"\" width=\"600\" height=\"224\" srcset=\"https:\/\/i0.wp.com\/blogdalucianaoliveira.com.br\/blog\/wp-content\/uploads\/2024\/03\/image-69.webp?w=2044 2044w, https:\/\/i0.wp.com\/blogdalucianaoliveira.com.br\/blog\/wp-content\/uploads\/2024\/03\/image-69.webp?resize=300%2C112 300w, https:\/\/i0.wp.com\/blogdalucianaoliveira.com.br\/blog\/wp-content\/uploads\/2024\/03\/image-69.webp?resize=1024%2C382 1024w, https:\/\/i0.wp.com\/blogdalucianaoliveira.com.br\/blog\/wp-content\/uploads\/2024\/03\/image-69.webp?resize=768%2C286 768w, https:\/\/i0.wp.com\/blogdalucianaoliveira.com.br\/blog\/wp-content\/uploads\/2024\/03\/image-69.webp?resize=1536%2C573 1536w, https:\/\/i0.wp.com\/blogdalucianaoliveira.com.br\/blog\/wp-content\/uploads\/2024\/03\/image-69.webp?resize=800%2C298 800w, https:\/\/i0.wp.com\/blogdalucianaoliveira.com.br\/blog\/wp-content\/uploads\/2024\/03\/image-69.webp?w=1200 1200w, https:\/\/i0.wp.com\/blogdalucianaoliveira.com.br\/blog\/wp-content\/uploads\/2024\/03\/image-69.webp?w=1800 1800w\" sizes=\"auto, (max-width: 600px) 100vw, 600px\" \/><\/div>\n<div data-google-query-id=\"CPnB_rjuj4UDFahc3QIdJeIG6A\">\n<p><strong>Epis\u00f3dio 1<\/strong>\u00a0\u2013 Rivaldo foi nomeado por Braga Neto. Seu primeiro ato foi manter \u00e0 frente das investiga\u00e7\u00f5es do caso Marielle o delegado Giniton Lages, detido ontem por atrapalhar as investiga\u00e7\u00f5es do caso.<\/p>\n<p>\u201cEu entendi a investiga\u00e7\u00e3o. Ela \u00e9 muito profissional. O que eu posso adiantar \u00e9 que o delegado Giniton n\u00e3o ser\u00e1 trocado porque a investiga\u00e7\u00e3o tem elementos t\u00e9cnicos que n\u00f3s n\u00e3o vamos dispensar.\u201d,\u00a0<a href=\"https:\/\/tinyl.io\/AVl7\">disse ele.<\/a><\/p>\n<p>Em 12 de setembro de 2018,\u00a0<a href=\"https:\/\/tinyl.io\/AVlE\">promotores estaduais pediram seu afastamento<\/a>, apontando irregularidades em tr\u00eas contratos de inform\u00e1tica.<\/p>\n<p><strong>Epis\u00f3dio 2<\/strong>\u00a0\u2013\u00a0 eleito governador, em alian\u00e7a com Jair Bolsonaro, o governador Wilson Witzel nomeia para chefe da Pol\u00edcia Civil o delegado Marcos Vinicius Braga, que mant\u00e9m Giniton Lages \u00e0 frente das investiga\u00e7\u00f5es. Ele permanece no cargo at\u00e9 30 de maio de 2020.<\/p>\n<p><strong>Epis\u00f3dio 3<\/strong>\u00a0\u2013 Em 15 de junho de 2020, Witzel nomeia Allan Turnowski como Secret\u00e1rio de Pol\u00edcia Civil. Ele durou 74 dias no cargo. Seu homem de confian\u00e7a, inspetor Vinicius Lima, no ano passado\u00a0<a href=\"https:\/\/tinyl.io\/AVlK\">foi acusado de ter orientado nos depoimentos<\/a>\u00a0dos ex-PMs \u00c9lcio de Queiroz e Ronnie Lessa, principais acusados pela morte de Marielle.<\/p>\n<div id=\"dmp-v-par3\" class=\"banner-par\" data-google-query-id=\"CI3ahrnuj4UDFUxV3QIdnfYNcA\">\n<div id=\"google_ads_iframe_\/21622511100,22671920298\/jornalggn_multisize_6__container__\">\n<p class=\"has-large-font-size\">Pe\u00e7a 3 \u2013 a maior barriga da hist\u00f3ria da imprensa<\/p>\n<p>Uma reportagem do Jornal Nacional, de 29 de outubro de 2019, transformou-se na maior barriga da hist\u00f3ria da m\u00eddia contempor\u00e2nea. N\u00e3o pela not\u00edcia em si \u2013 correta. Mas pelos blefes encenados pelos Bolsonaro que fizeram a Globo desistir da apura\u00e7\u00e3o.<\/p>\n<p><a href=\"https:\/\/globoplay.globo.com\/v\/8044834\/\">A reportagem trazia a informa\u00e7\u00e3o de que o motorista Elcio Queiroz<\/a>,\u00a0 que levou Ronnie Lessa para assassinar Marielle tinha chegado ao condom\u00ednio e dado o n\u00famero da casa de Bolsonaro.<\/p>\n<p>Bolsonaro se defendeu do Riad, alegando que no dia 14 de mar\u00e7o de 2019 ela estava em Bras\u00edlia, logo n\u00e3o poderia ter recebido a liga\u00e7\u00e3o do porteiro.<\/p>\n<figure class=\"wp-block-embed is-type-video is-provider-youtube wp-block-embed-youtube wp-embed-aspect-16-9 wp-has-aspect-ratio\">\n<div class=\"wp-block-embed__wrapper\"><iframe loading=\"lazy\" id=\"_ytid_66068\" class=\"__youtube_prefs__  epyt-is-override  no-lazyload\" title=\"Bolsonaro nega envolvimento com acusados de matar Marielle Franco\" src=\"https:\/\/www.youtube.com\/embed\/z4FjsKfrw2g?enablejsapi=1&amp;autoplay=0&amp;cc_load_policy=0&amp;cc_lang_pref=&amp;iv_load_policy=1&amp;loop=0&amp;modestbranding=0&amp;rel=1&amp;fs=1&amp;playsinline=0&amp;autohide=2&amp;theme=dark&amp;color=red&amp;controls=1&amp;\" width=\"696\" height=\"391\" allowfullscreen=\"allowfullscreen\" data-origwidth=\"696\" data-origheight=\"391\" data-no-lazy=\"1\" data-skipgform_ajax_framebjll=\"\" data-gtm-yt-inspected-16=\"true\"><\/iframe><\/div>\n<\/figure>\n<p>De manh\u00e3, Carlos Bolsonaro, filho de Jair, tirou o sistema de grava\u00e7\u00e3o da portaria e gravou um v\u00eddeo mostrando que\u00a0<a href=\"https:\/\/tinyl.io\/AVlS\">Elcio Queiroz chegou ao condom\u00ednio Vivendas da Barra \u00e0s 17:10<\/a>\u00a0do dia em que Marielle foi assassinada, mas a liga\u00e7\u00e3o da portaria foi para a casa de Ronnie Lessa.<\/p>\n<div id=\"dmp-v-par4\" class=\"banner-par\" data-google-query-id=\"CL6Yh7nuj4UDFdFC3QIdcfcH0A\">\n<div id=\"google_ads_iframe_\/21622511100,22671920298\/jornalggn_multisize_7__container__\">\n<p>As duas interven\u00e7\u00f5es inibiram a Globo, que desistiu da cobertura, deixando de lado elementos essenciais para a elucida\u00e7\u00e3o do crime, levantados com exclusividade pelo Jornal GGN.<\/p>\n<p class=\"has-large-font-size\">Pe\u00e7a 4 \u2013 os elementos ignorados pela m\u00eddia<\/p>\n<p>Elemento 1 \u2013 o sistema de telefonia da Vivendas da Barra n\u00e3o era de PABX. Pelo contr\u00e1rio, permite liga\u00e7\u00e3o diretamente para o celular do morador. Logo, mesmo estando em Brasilia, Bolsonaro poderia ter recebido a lliga\u00e7\u00e3o.<\/p>\n<figure class=\"wp-block-embed is-type-wp-embed is-provider-jornal-ggn wp-block-embed-jornal-ggn\">\n<div class=\"wp-block-embed__wrapper\"><iframe loading=\"lazy\" class=\"wp-embedded-content\" title=\"\u201cComprovado: sistema telef\u00f4nico tinha condi\u00e7\u00f5es de transferir liga\u00e7\u00f5es para celular de Bolsonaro\u201d \u2014 Jornal GGN\" src=\"https:\/\/jornalggn.com.br\/noticia\/administradora-do-condominio-de-bolsonaro-mostra-sistema-que-transfere-ligacoes-para-celular\/embed\/#?secret=jiRqwWyYlP#?secret=ICml3yhg2s\" width=\"500\" height=\"496\" frameborder=\"0\" marginwidth=\"0\" marginheight=\"0\" scrolling=\"no\" sandbox=\"allow-scripts\" data-secret=\"ICml3yhg2s\" data-gtm-yt-inspected-16=\"true\" data-mce-fragment=\"1\"><\/iframe><\/div>\n<\/figure>\n<p>Jornal GGN j\u00e1 tinha falado sobre esse sistema, a partir de dicas de uma fonte, que tinha parentes morando no condom\u00ednio.<\/p>\n<p>Logo em seguida, o Blog da Berta trouxe uma p\u00e1gina do relat\u00f3rio da Imobili\u00e1ria Mau\u00e1 \u2013 administradora do condominio \u2013 mencionando o pagamento de uma mensalidade de US$ 196,91 para o sistema Bluephone Solu\u00e7\u00f5es Tecnol\u00f3igicas.<\/p>\n<div id=\"dmp-v-par5\" class=\"banner-par\" data-google-query-id=\"CPmr17zuj4UDFchV3QIdCOkAdQ\">\n<div id=\"google_ads_iframe_\/21622511100,22671920298\/jornalggn_multisize_8__container__\"><\/div>\n<\/div>\n<figure class=\"wp-block-image alignwide size-full is-style-default\"><img data-recalc-dims=\"1\" loading=\"lazy\" decoding=\"async\" class=\"wp-image-649118\" src=\"https:\/\/i0.wp.com\/jornalggn.com.br\/wp-content\/uploads\/2024\/03\/image-70.png?resize=600%2C787&#038;ssl=1\" sizes=\"auto, (max-width: 650px) 100vw, 650px\" srcset=\"https:\/\/jornalggn.com.br\/wp-content\/uploads\/2024\/03\/image-70.png 650w, https:\/\/jornalggn.com.br\/wp-content\/uploads\/2024\/03\/image-70-305x400.png 305w, https:\/\/jornalggn.com.br\/wp-content\/uploads\/2024\/03\/image-70-149x195.png 149w, https:\/\/jornalggn.com.br\/wp-content\/uploads\/2024\/03\/image-70-152x200.png 152w, https:\/\/jornalggn.com.br\/wp-content\/uploads\/2024\/03\/image-70-95x125.png 95w, https:\/\/jornalggn.com.br\/wp-content\/uploads\/2024\/03\/image-70-65x85.png 65w, https:\/\/jornalggn.com.br\/wp-content\/uploads\/2024\/03\/image-70-150x197.png 150w\" alt=\"\" width=\"600\" height=\"787\" \/><\/figure>\n<p>Uma consulta ao site da empresa mostrou que o sistema permitia liga\u00e7\u00f5es para celulares, derrubando o \u00e1libi de Jair Bolsonaro.<\/p>\n<figure class=\"wp-block-image size-full is-resized is-style-default\"><img data-recalc-dims=\"1\" loading=\"lazy\" decoding=\"async\" class=\"wp-image-649119\" src=\"https:\/\/i0.wp.com\/jornalggn.com.br\/wp-content\/uploads\/2024\/03\/image-71.png?resize=600%2C496&#038;ssl=1\" sizes=\"auto, (max-width: 625px) 100vw, 625px\" srcset=\"https:\/\/jornalggn.com.br\/wp-content\/uploads\/2024\/03\/image-71.png 625w, https:\/\/jornalggn.com.br\/wp-content\/uploads\/2024\/03\/image-71-484x400.png 484w, https:\/\/jornalggn.com.br\/wp-content\/uploads\/2024\/03\/image-71-236x195.png 236w, https:\/\/jornalggn.com.br\/wp-content\/uploads\/2024\/03\/image-71-242x200.png 242w, https:\/\/jornalggn.com.br\/wp-content\/uploads\/2024\/03\/image-71-151x125.png 151w, https:\/\/jornalggn.com.br\/wp-content\/uploads\/2024\/03\/image-71-85x70.png 85w, https:\/\/jornalggn.com.br\/wp-content\/uploads\/2024\/03\/image-71-150x124.png 150w\" alt=\"\" width=\"600\" height=\"496\" \/><\/figure>\n<p class=\"has-large-font-size\">Pe\u00e7a 5 \u2013 Carlos Bolsonaro se incrimina<\/p>\n<p>Mas a barriga maior estava na pr\u00f3pria grava\u00e7\u00e3o de Carlos Bolsonaro sobre as liga\u00e7\u00f5es para o condom\u00ednio. Em uma grava\u00e7\u00e3o de 3 minutos, ele tentava provar que a liga\u00e7\u00e3o de 17:13 foi para a casa de Ronnie Lessa.<\/p>\n<p>A\u00ed ele mostra uma liga\u00e7\u00e3o para sua pr\u00f3pria casa \u00e0s 17:58, na qual o porteiro avisa da chegada de um Uber para o \u201cseu Carlos\u201d.<\/p>\n<p>Ora, a grava\u00e7\u00e3o mostra claramente que, 45 minutos depois da entrada de Elcio Queiroz no condom\u00ednio, chegou um Uber para pegar Carlos Bolsonaro. O que mostra que ele estava no condom\u00ednio no per\u00edodo em que se preparou o assassinato de Marielle.<\/p>\n<div id=\"dmp-v-par6\" class=\"banner-par\" data-google-query-id=\"CLPYgOPuj4UDFWtU3QIdg40C8w\">\n<div id=\"google_ads_iframe_\/21622511100,22671920298\/jornalggn_multisize_9__container__\"><\/div>\n<\/div>\n<figure class=\"wp-block-embed is-type-video is-provider-youtube wp-block-embed-youtube wp-embed-aspect-16-9 wp-has-aspect-ratio\">\n<div class=\"wp-block-embed__wrapper\"><iframe loading=\"lazy\" id=\"_ytid_13678\" class=\"__youtube_prefs__  epyt-is-override  no-lazyload\" title=\"Liga\u00e7\u00f5es anterior e posterior a entrada do Tal \u00c9lcio no condom\u00ednio de Bolsonaro. Caso Marielle\" src=\"https:\/\/www.youtube.com\/embed\/vvUPazNZwSo?enablejsapi=1&amp;autoplay=0&amp;cc_load_policy=0&amp;cc_lang_pref=&amp;iv_load_policy=1&amp;loop=0&amp;modestbranding=0&amp;rel=1&amp;fs=1&amp;playsinline=0&amp;autohide=2&amp;theme=dark&amp;color=red&amp;controls=1&amp;\" width=\"696\" height=\"391\" allowfullscreen=\"allowfullscreen\" data-origwidth=\"696\" data-origheight=\"391\" data-no-lazy=\"1\" data-skipgform_ajax_framebjll=\"\" data-gtm-yt-inspected-16=\"true\" data-mce-fragment=\"1\"><\/iframe><\/div>\n<\/figure>\n<p>Antes disso, o \u00e1libi de Carlos Bolsonaro era que, durante todo o dia, ficou em sess\u00e3o na C\u00e2mara de Vereadores.<\/p>\n<figure class=\"wp-block-embed is-type-rich is-provider-twitter wp-block-embed-twitter\">\n<div class=\"wp-block-embed__wrapper\">\n<div class=\"twitter-tweet twitter-tweet-rendered\"><iframe id=\"twitter-widget-0\" class=\"\" title=\"X Post\" src=\"https:\/\/platform.twitter.com\/embed\/Tweet.html?dnt=true&amp;embedId=twitter-widget-0&amp;features=eyJ0ZndfdGltZWxpbmVfbGlzdCI6eyJidWNrZXQiOltdLCJ2ZXJzaW9uIjpudWxsfSwidGZ3X2ZvbGxvd2VyX2NvdW50X3N1bnNldCI6eyJidWNrZXQiOnRydWUsInZlcnNpb24iOm51bGx9LCJ0ZndfdHdlZXRfZWRpdF9iYWNrZW5kIjp7ImJ1Y2tldCI6Im9uIiwidmVyc2lvbiI6bnVsbH0sInRmd19yZWZzcmNfc2Vzc2lvbiI6eyJidWNrZXQiOiJvbiIsInZlcnNpb24iOm51bGx9LCJ0ZndfZm9zbnJfc29mdF9pbnRlcnZlbnRpb25zX2VuYWJsZWQiOnsiYnVja2V0Ijoib24iLCJ2ZXJzaW9uIjpudWxsfSwidGZ3X21peGVkX21lZGlhXzE1ODk3Ijp7ImJ1Y2tldCI6InRyZWF0bWVudCIsInZlcnNpb24iOm51bGx9LCJ0ZndfZXhwZXJpbWVudHNfY29va2llX2V4cGlyYXRpb24iOnsiYnVja2V0IjoxMjA5NjAwLCJ2ZXJzaW9uIjpudWxsfSwidGZ3X3Nob3dfYmlyZHdhdGNoX3Bpdm90c19lbmFibGVkIjp7ImJ1Y2tldCI6Im9uIiwidmVyc2lvbiI6bnVsbH0sInRmd19kdXBsaWNhdGVfc2NyaWJlc190b19zZXR0aW5ncyI6eyJidWNrZXQiOiJvbiIsInZlcnNpb24iOm51bGx9LCJ0ZndfdXNlX3Byb2ZpbGVfaW1hZ2Vfc2hhcGVfZW5hYmxlZCI6eyJidWNrZXQiOiJvbiIsInZlcnNpb24iOm51bGx9LCJ0ZndfdmlkZW9faGxzX2R5bmFtaWNfbWFuaWZlc3RzXzE1MDgyIjp7ImJ1Y2tldCI6InRydWVfYml0cmF0ZSIsInZlcnNpb24iOm51bGx9LCJ0ZndfbGVnYWN5X3RpbWVsaW5lX3N1bnNldCI6eyJidWNrZXQiOnRydWUsInZlcnNpb24iOm51bGx9LCJ0ZndfdHdlZXRfZWRpdF9mcm9udGVuZCI6eyJidWNrZXQiOiJvbiIsInZlcnNpb24iOm51bGx9fQ%3D%3D&amp;frame=false&amp;hideCard=false&amp;hideThread=false&amp;id=1189369808162381831&amp;lang=pt&amp;origin=https%3A%2F%2Fjornalggn.com.br%2Fxadrez-2%2Faparece-a-penultima-peca-do-caso-marielle-falta-a-ultima-por-luis-nassif%2F&amp;sessionId=89f6569084fbc57d6e1c4cb572e9752239d1bbbb&amp;theme=light&amp;widgetsVersion=2615f7e52b7e0%3A1702314776716&amp;width=500px\" frameborder=\"0\" scrolling=\"no\" allowfullscreen=\"allowfullscreen\" data-gtm-yt-inspected-16=\"true\" data-tweet-id=\"1189369808162381831\" data-mce-fragment=\"1\"><\/iframe><\/div>\n<\/div>\n<\/figure>\n<p class=\"has-large-font-size\">Pe\u00e7a 5 \u2013 a teoria do fato<\/p>\n<p>No dia 13 de novembro de 2019, fizemos um apanhado das v\u00e1rias investiga\u00e7\u00f5es que j\u00e1 hav\u00edamos publicado no jornal.<\/p>\n<figure class=\"wp-block-embed is-type-wp-embed is-provider-jornal-ggn wp-block-embed-jornal-ggn\">\n<div class=\"wp-block-embed__wrapper\"><iframe loading=\"lazy\" class=\"wp-embedded-content\" title=\"\u201cJuntando as pe\u00e7as do dia 14\/03\/2018 na vida de Bolsonaro, por Luis Nassif\u201d \u2014 Jornal GGN\" src=\"https:\/\/jornalggn.com.br\/crise\/juntando-as-pecas-do-dia-14-03-2018-na-vida-de-bolsonaro-por-luis-nassif\/embed\/#?secret=Hjy90xMA9J#?secret=sjg4nyMKjC\" width=\"500\" height=\"488\" frameborder=\"0\" marginwidth=\"0\" marginheight=\"0\" scrolling=\"no\" sandbox=\"allow-scripts\" data-secret=\"sjg4nyMKjC\" data-gtm-yt-inspected-16=\"true\" data-mce-fragment=\"1\"><\/iframe><\/div>\n<\/figure>\n<p>1. Um twitter de uma jornalista respeit\u00e1vel, Thais Bilenky, no dia 14 de mar\u00e7o, informando que Bolsonaro seguiria para o Rio por estar com problemas de intoxica\u00e7\u00e3o.<\/p>\n<p>2. O depoimento do porteiro do Condom\u00ednio Vivendas da Barra, dizendo ligou para Bolsonaro para obter autoriza\u00e7\u00e3o para a entrada de Elcio Queiroz no condom\u00ednio. E a anota\u00e7\u00e3o no papel indicando a casa de Bolsonaro como destino.<\/p>\n<div id=\"dmp-v-par7\" class=\"banner-par\" data-google-query-id=\"CP73tpvvj4UDFWlY3QIdeT0PdQ\">\n<div id=\"google_ads_iframe_\/21622511100,22671920298\/jornalggn_multisize_10__container__\"><\/div>\n<\/div>\n<p>3. A sess\u00e3o da C\u00e2mara mostrando que, naquele dia, Bolsonaro estava l\u00e1, participando das sess\u00f5es.<\/p>\n<p>4. O sistema de telefonia do condom\u00ednio, que permite transferir liga\u00e7\u00f5es para celulares.<\/p>\n<p>5. Posteriormente, vazamentos aos Bolsonaro de trechos da investiga\u00e7\u00e3o de interesse deles, mais\u00a0 a identifica\u00e7\u00e3o de dois promotores como bolsonaristas ativos, mostrando acesso da fam\u00edlia \u00e0s investiga\u00e7\u00f5es.<\/p>\n<figure class=\"wp-block-image size-full is-resized is-style-default\"><img data-recalc-dims=\"1\" loading=\"lazy\" decoding=\"async\" class=\"wp-image-649120\" src=\"https:\/\/i0.wp.com\/jornalggn.com.br\/wp-content\/uploads\/2024\/03\/image-72.png?resize=532%2C515&#038;ssl=1\" sizes=\"auto, (max-width: 532px) 100vw, 532px\" srcset=\"https:\/\/jornalggn.com.br\/wp-content\/uploads\/2024\/03\/image-72.png 532w, https:\/\/jornalggn.com.br\/wp-content\/uploads\/2024\/03\/image-72-413x400.png 413w, https:\/\/jornalggn.com.br\/wp-content\/uploads\/2024\/03\/image-72-201x195.png 201w, https:\/\/jornalggn.com.br\/wp-content\/uploads\/2024\/03\/image-72-207x200.png 207w, https:\/\/jornalggn.com.br\/wp-content\/uploads\/2024\/03\/image-72-129x125.png 129w, https:\/\/jornalggn.com.br\/wp-content\/uploads\/2024\/03\/image-72-85x82.png 85w, https:\/\/jornalggn.com.br\/wp-content\/uploads\/2024\/03\/image-72-150x145.png 150w\" alt=\"\" width=\"532\" height=\"515\" \/><\/figure>\n<p class=\"has-medium-font-size\">Teoria do fato<\/p>\n<p>Em cima desses dados, vamos formular uma hip\u00f3tese \u2013 repito, hip\u00f3tese \u2013 sobre o que teria ocorrido naquele dia.<\/p>\n<div id=\"dmp-v-par8\" class=\"banner-par\" data-google-query-id=\"CJTiz6Pvj4UDFZNU3QIdh1UKcA\">\n<div id=\"google_ads_iframe_\/21622511100,22671920298\/jornalggn_multisize_11__container__\"><\/div>\n<\/div>\n<p>1. Bolsonaro articulou uma reuni\u00e3o com Ronnie Lessa (do Escrit\u00f3rio de Crime) e Elcio Queiroz para o dia 14, no Condom\u00ednio Vivendas da Barra.<\/p>\n<p>2. Preparou um \u00e1libi para faltar \u00e0 sess\u00e3o daquele dia na C\u00e2mara Federal. A jornalista Thais Belinski foi informada de que ele iria voltar para o Rio de Janeiro por um problema de intoxica\u00e7\u00e3o alimentar. Era um \u00e1libi curioso: viajar intoxicado, podendo descansar e ser tratado em Brasilia.<\/p>\n<p>3. Naquele dia, trocando ideias com assessores, Bolsonaro se deu conta de que a ida para o Rio de Janeiro poderia exp\u00f4-lo. Assim, decidiu ficar na sess\u00e3o da C\u00e2mara, onde apareceu sem nenhum sinal de quem estava intoxicado. A reuni\u00e3o no Condom\u00ednio foi mantida com os demais participantes.<\/p>\n<p>4. Ao chegar ao condom\u00ednio, \u00c9lcio deu o n\u00famero da casa de Bolsonaro. O porteiro ligou para o celular anexado ao n\u00famero, Bolsonaro atendeu em Bras\u00edlia e autorizou a entrada. E \u00c9lcio rumou para a casa de Ronnie Lessa, que fica na mesma rua da casa de Bolsonaro, cerca de duas ou tr\u00eas casas depois.<\/p>\n<p>5. Quando a reuni\u00e3o foi identificada, ap\u00f3s per\u00edcia no celular de Ronnie Lessa, os Bolsonaro foram informados por aliados infiltrados nas investiga\u00e7\u00f5es, que atrasaram a per\u00edcia a fim de permitir que as provas fossem alteradas.<\/p>\n<div id=\"dmp-v-par9\" class=\"banner-par\" data-google-query-id=\"CNWv5avvj4UDFZVS3QIdX9kDLA\">\n<div id=\"google_ads_iframe_\/21622511100,22671920298\/jornalggn_multisize_12__container__\"><\/div>\n<\/div>\n<p>Repito: \u00e9 uma hip\u00f3tese de trabalho.<\/p>\n<p class=\"has-medium-font-size\">Motiva\u00e7\u00e3o<\/p>\n<p>Conforme j\u00e1 divulgado, Bolsonaro era radicalmente contr\u00e1rio \u00e0 interven\u00e7\u00e3o militar no Rio de Janeiro, que considerava uma maneira de fortalecer o governo Temer e preparar a chapa Temer-Rodrigo Maia para as elei\u00e7\u00f5es de 2018, reduzindo a possibilidade de uma interven\u00e7\u00e3o militar ampla.<\/p>\n<p>Um dos modos de opera\u00e7\u00e3o dos por\u00f5es, quando Silvio Frota foi alijado da disputa pelo poder, era planejar atentados e imputar \u00e0 oposi\u00e7\u00e3o. Era o modus operandi da turma de Bolsonaro, vis\u00edvel no atentado do Riocentro, nas tentativas de explodir gasodutos e nas bombas \u00e0s bancas de revista.<\/p>\n<figure class=\"wp-block-image size-full is-style-default\"><img data-recalc-dims=\"1\" loading=\"lazy\" decoding=\"async\" class=\"wp-image-649144\" src=\"https:\/\/i0.wp.com\/jornalggn.com.br\/wp-content\/uploads\/2024\/03\/IMG_1300.jpeg?resize=600%2C600&#038;ssl=1\" sizes=\"auto, (max-width: 1088px) 100vw, 1088px\" srcset=\"https:\/\/jornalggn.com.br\/wp-content\/uploads\/2024\/03\/IMG_1300.jpeg 1088w, https:\/\/jornalggn.com.br\/wp-content\/uploads\/2024\/03\/IMG_1300-150x150.jpeg 150w, https:\/\/jornalggn.com.br\/wp-content\/uploads\/2024\/03\/IMG_1300-768x768.jpeg 768w, https:\/\/jornalggn.com.br\/wp-content\/uploads\/2024\/03\/IMG_1300-400x400.jpeg 400w, https:\/\/jornalggn.com.br\/wp-content\/uploads\/2024\/03\/IMG_1300-195x195.jpeg 195w, https:\/\/jornalggn.com.br\/wp-content\/uploads\/2024\/03\/IMG_1300-200x200.jpeg 200w, https:\/\/jornalggn.com.br\/wp-content\/uploads\/2024\/03\/IMG_1300-125x125.jpeg 125w, https:\/\/jornalggn.com.br\/wp-content\/uploads\/2024\/03\/IMG_1300-85x85.jpeg 85w, https:\/\/jornalggn.com.br\/wp-content\/uploads\/2024\/03\/IMG_1300-96x96.jpeg 96w\" alt=\"\" width=\"600\" height=\"600\" \/><\/figure>\n<footer class=\"author-bio-section\">\n<div class=\"author-flex\"><\/div>\n<\/footer>\n<figure class=\"wp-block-embed is-type-wp-embed is-provider-jornal-ggn wp-block-embed-jornal-ggn\"><\/figure>\n<\/div>\n<\/div>\n<\/div>\n<\/div>\n<\/div>\n<div id=\"dmp-v-par1\" class=\"banner-par filled\" data-google-query-id=\"CK7Fhrnuj4UDFdNN3QId8OkEHQ\"><\/div>\n","protected":false},"excerpt":{"rendered":"<p>&nbsp; Luis Nassif, GGN &#8211; Desde 2019, defendemos que houve um pacto entre o general Braga Neto &#8211; interventor no Rio, o general Villas Boas e o candidato Bolsonaro.<\/p>\n","protected":false},"author":1,"featured_media":0,"comment_status":"closed","ping_status":"open","sticky":false,"template":"","format":"standard","meta":{"_exactmetrics_skip_tracking":false,"_exactmetrics_sitenote_active":false,"_exactmetrics_sitenote_note":"","_exactmetrics_sitenote_category":0,"jetpack_post_was_ever_published":false,"_jetpack_newsletter_access":"","_jetpack_dont_email_post_to_subs":false,"_jetpack_newsletter_tier_id":0,"_jetpack_memberships_contains_paywalled_content":false,"_jetpack_memberships_contains_paid_content":false,"footnotes":"","jetpack_publicize_message":"","jetpack_publicize_feature_enabled":true,"jetpack_social_post_already_shared":true,"jetpack_social_options":{"image_generator_settings":{"template":"highway","enabled":false},"version":2}},"categories":[1],"tags":[53,867,677],"class_list":["post-34751","post","type-post","status-publish","format-standard","hentry","category-notas","tag-bolsonaro","tag-braga-neto","tag-marielle-franco"],"jetpack_publicize_connections":[],"jetpack_sharing_enabled":true,"jetpack_featured_media_url":"","jetpack_shortlink":"https:\/\/wp.me\/p7wKYW-92v","jetpack-related-posts":[],"_links":{"self":[{"href":"http:\/\/blogdalucianaoliveira.com.br\/blog\/wp-json\/wp\/v2\/posts\/34751","targetHints":{"allow":["GET"]}}],"collection":[{"href":"http:\/\/blogdalucianaoliveira.com.br\/blog\/wp-json\/wp\/v2\/posts"}],"about":[{"href":"http:\/\/blogdalucianaoliveira.com.br\/blog\/wp-json\/wp\/v2\/types\/post"}],"author":[{"embeddable":true,"href":"http:\/\/blogdalucianaoliveira.com.br\/blog\/wp-json\/wp\/v2\/users\/1"}],"replies":[{"embeddable":true,"href":"http:\/\/blogdalucianaoliveira.com.br\/blog\/wp-json\/wp\/v2\/comments?post=34751"}],"version-history":[{"count":1,"href":"http:\/\/blogdalucianaoliveira.com.br\/blog\/wp-json\/wp\/v2\/posts\/34751\/revisions"}],"predecessor-version":[{"id":34753,"href":"http:\/\/blogdalucianaoliveira.com.br\/blog\/wp-json\/wp\/v2\/posts\/34751\/revisions\/34753"}],"wp:attachment":[{"href":"http:\/\/blogdalucianaoliveira.com.br\/blog\/wp-json\/wp\/v2\/media?parent=34751"}],"wp:term":[{"taxonomy":"category","embeddable":true,"href":"http:\/\/blogdalucianaoliveira.com.br\/blog\/wp-json\/wp\/v2\/categories?post=34751"},{"taxonomy":"post_tag","embeddable":true,"href":"http:\/\/blogdalucianaoliveira.com.br\/blog\/wp-json\/wp\/v2\/tags?post=34751"}],"curies":[{"name":"wp","href":"https:\/\/api.w.org\/{rel}","templated":true}]}}