{"id":34763,"date":"2024-03-25T19:19:06","date_gmt":"2024-03-25T23:19:06","guid":{"rendered":"http:\/\/blogdalucianaoliveira.com.br\/blog\/?p=34763"},"modified":"2024-03-25T19:19:06","modified_gmt":"2024-03-25T23:19:06","slug":"bolsonaro-se-abrigou-na-embaixada-da-hungria-apos-ter-passaporte-apreendido-pela-pf-mostra-ny-times","status":"publish","type":"post","link":"http:\/\/blogdalucianaoliveira.com.br\/blog\/2024\/03\/25\/bolsonaro-se-abrigou-na-embaixada-da-hungria-apos-ter-passaporte-apreendido-pela-pf-mostra-ny-times\/","title":{"rendered":"Bolsonaro se abrigou na embaixada da Hungria ap\u00f3s ter passaporte apreendido pela PF, mostra NY Times"},"content":{"rendered":"<p><img data-recalc-dims=\"1\" loading=\"lazy\" decoding=\"async\" data-attachment-id=\"34764\" data-permalink=\"http:\/\/blogdalucianaoliveira.com.br\/blog\/2024\/03\/25\/bolsonaro-se-abrigou-na-embaixada-da-hungria-apos-ter-passaporte-apreendido-pela-pf-mostra-ny-times\/img_0859\/\" data-orig-file=\"https:\/\/i0.wp.com\/blogdalucianaoliveira.com.br\/blog\/wp-content\/uploads\/2024\/03\/IMG_0859.webp?fit=800%2C450\" data-orig-size=\"800,450\" data-comments-opened=\"0\" data-image-meta=\"{&quot;aperture&quot;:&quot;0&quot;,&quot;credit&quot;:&quot;&quot;,&quot;camera&quot;:&quot;&quot;,&quot;caption&quot;:&quot;&quot;,&quot;created_timestamp&quot;:&quot;0&quot;,&quot;copyright&quot;:&quot;&quot;,&quot;focal_length&quot;:&quot;0&quot;,&quot;iso&quot;:&quot;0&quot;,&quot;shutter_speed&quot;:&quot;0&quot;,&quot;title&quot;:&quot;&quot;,&quot;orientation&quot;:&quot;0&quot;}\" data-image-title=\"IMG_0859\" data-image-description=\"\" data-image-caption=\"\" data-medium-file=\"https:\/\/i0.wp.com\/blogdalucianaoliveira.com.br\/blog\/wp-content\/uploads\/2024\/03\/IMG_0859.webp?fit=300%2C169\" data-large-file=\"https:\/\/i0.wp.com\/blogdalucianaoliveira.com.br\/blog\/wp-content\/uploads\/2024\/03\/IMG_0859.webp?fit=600%2C338\" class=\"alignnone size-full wp-image-34764\" src=\"https:\/\/i0.wp.com\/blogdalucianaoliveira.com.br\/blog\/wp-content\/uploads\/2024\/03\/IMG_0859.webp?resize=600%2C338\" alt=\"\" width=\"600\" height=\"338\" srcset=\"https:\/\/i0.wp.com\/blogdalucianaoliveira.com.br\/blog\/wp-content\/uploads\/2024\/03\/IMG_0859.webp?w=800 800w, https:\/\/i0.wp.com\/blogdalucianaoliveira.com.br\/blog\/wp-content\/uploads\/2024\/03\/IMG_0859.webp?resize=300%2C169 300w, https:\/\/i0.wp.com\/blogdalucianaoliveira.com.br\/blog\/wp-content\/uploads\/2024\/03\/IMG_0859.webp?resize=768%2C432 768w, https:\/\/i0.wp.com\/blogdalucianaoliveira.com.br\/blog\/wp-content\/uploads\/2024\/03\/IMG_0859.webp?resize=533%2C300 533w\" sizes=\"auto, (max-width: 600px) 100vw, 600px\" \/><\/p>\n<h2 class=\"description\">Jornal teve acesso a imagens de c\u00e2meras internas da embaixada em Bras\u00edlia que mostram o ex-presidente<\/h2>\n<p><!--more--><\/p>\n<div class=\"details-bar\">\n<div class=\"author-time\">\n<div class=\"author\">Reda\u00e7\u00e3o<\/div>\n<div class=\"place-and-time\">\n<div class=\"place\">Brasil de Fato |<\/div>\n<\/div>\n<\/div>\n<\/div>\n<p>Uma reportagem do <em>The New York Times<\/em> publicada nesta segunda-feira (25) mostra que o ex-presidente Jair Bolsonaro (PL) se abrigou na embaixada da Hungria, em Bras\u00edlia. Ele passou duas noites no local entre 12 e 14 de fevereiro, logo ap\u00f3s convocar apoiadores para um ato na Avenida Paulista, em S\u00e3o Paulo, no fim daquele m\u00eas.<\/p>\n<p>A ida \u00e0 embaixada do pa\u00eds europeu atualmente governado pelo pol\u00edtico de extrema direita Viktor Orb\u00e1n ocorreu quatro dias ap\u00f3s Bolsonaro ter seu passaporte apreendido pela Pol\u00edcia Federal no \u00e2mbito da investiga\u00e7\u00e3o sobre tentativa de golpe de Estado, a\u00e7\u00e3o autorizada pelo ministro do Supremo Tribunal Federal (STF), Alexandre de Moraes.<\/p>\n<p>O jornal americano teve acesso \u00e0s filmagens das c\u00e2meras de seguran\u00e7a da embaixada que mostram o ex-presidente chegando ao local no dia 12 de fevereiro, quatro dias ap\u00f3s a deflagra\u00e7\u00e3o da opera\u00e7\u00e3o Tempus Veritatis que\u00a0<a href=\"https:\/\/www.brasildefatopr.com.br\/2024\/03\/22\/desvendando-a-trama-o-papel-do-ex-presidente-bolsonaro-na-tentativa-de-golpe-de-estado\" target=\"_blank\" rel=\"noopener\">investiga a tentativa de golpe de Estado para Bolsonaro permanecer no poder em 2022<\/a>.<\/p>\n<p class=\"ckeditor-img-caption\"><img data-recalc-dims=\"1\" decoding=\"async\" src=\"https:\/\/i0.wp.com\/images02.brasildefato.com.br\/8adce32c2e785fa6819153ec4bc9589c.webp?w=600&#038;ssl=1\" \/><br \/>\nImagem de c\u00e2mera de seguran\u00e7a captou o momento em que o carro de Bolsonaro chegou \u00e0 embaixada da Hungria \/ Reprodu\u00e7\u00e3o\/The New York Times<\/p>\n<p>Al\u00e9m desta investiga\u00e7\u00e3o, a<a href=\"https:\/\/www.brasildefato.com.br\/2024\/03\/19\/pf-ve-elo-entre-fraude-em-cartoes-de-vacina-e-tentativa-de-golpe-e-aguarda-cooperacao-com-os-eua\" target=\"_blank\" rel=\"noopener\"> PF tem ainda outras duas linhas de investiga\u00e7\u00e3o que atingem diretamente o ex-presidente e seus aliados<\/a>\u00a0e est\u00e3o em est\u00e1gio avan\u00e7ado: sobre a fraude no cart\u00e3o de vacina\u00e7\u00e3o do ex-presidente e sobre desvio de dinheiro de presentes recebidos por Bolsonaro de chefes de Estado de outros pa\u00edses quando era presidente.<\/p>\n<p>Como a embaixada \u00e9 oficialmente um territ\u00f3rio de outro pa\u00eds, Bolsonaro <a href=\"https:\/\/www.brasildefato.com.br\/2024\/03\/15\/ex-comandantes-de-exercito-e-fab-confirmam-golpismo-de-bolsonaro-mas-divergem-sobre-ameaca-de-prisao\" target=\"_blank\" rel=\"noopener\">n\u00e3o poderia ser detido por autoridades brasileiras enquanto estivesse abrigado l\u00e1.<\/a><\/p>\n<p>Segundo o jornal, Bolsonaro ficou dois dias na embaixada, em pleno per\u00edodo de Carnaval, momento em que o edif\u00edcio estava esvaziado. Ainda segundo o <em>NYT<\/em>, no dia 14 de fevereiro os diplomatas da embaixada contataram a equipe brasileira e pediram para eles trabalharem de casa pelo resto da semana, sem dar nenhuma explica\u00e7\u00e3o a respeito.<\/p>\n<p>Na reportagem o jornal afirma que teve acesso a tr\u00eas dias de filmagens do circuito interno da embaixada, que funciona em uma casa de alto padr\u00e3o em Bras\u00edlia. As imagens mostram Bolsonaro chegando de carro com uma equipe de dois seguran\u00e7as e indicam que ele teria ficado hospedado em um apartamento destinado \u00e0 visitas. Minutos antes dele chegar, os v\u00eddeos mostram o embaixador do pa\u00eds no Brasil, MIkl\u00f3s Halmai teclando no celular.<\/p>\n<p>As imagens ainda mostram, segundo o jornal, que Bolsonaro teria ido para os apartamentos de visitantes e que a equipe da embaixada teria ido v\u00e1rias vezes ao local para levar itens como roupas de cama, \u00e1gua e m\u00e1quina de fazer caf\u00e9. As imagens tamb\u00e9m mostram Bolsonaro conversando com seus seguran\u00e7as na garagem na embaixada e seus seguran\u00e7as saindo para ir buscar comida para ele.<\/p>\n<p>O <em>NY Times <\/em>tentou contato com o advogado de Bolsonaro e com a embaixada, mas nenhum dos dois comentou o caso. O <strong>Brasil de Fato<\/strong> procurou o advogado do ex-presidente, que n\u00e3o retornou os contatos e nem atendeu ao telefone, e tamb\u00e9m enviou e-mail para a embaixada da Hungria em Bras\u00edlia, mas ainda n\u00e3o obteve retorno. Ap\u00f3s a reportagem repercutir em toda imprensa brasileira, os advogados de Bolsonaro divulgaram uma nota afirmando que ele esteve na embaixada a convite para &#8220;manter contatos com autoridades do pa\u00eds amigo&#8221;. Confira a \u00edntegra da nota abaixo:<\/p>\n<p>&#8220;O ex-Presidente da Rep\u00fablica, Jair Bolsonaro, passou dois dias\u00a0hospedado na embaixada da Hungria em Bras\u00edlia para manter contatos com<br \/>\nautoridades do pa\u00eds amigo<br \/>\n.<br \/>\nComo \u00e9 do conhecimento p\u00fablico, o ex-mandat\u00e1rio do pa\u00eds mant\u00e9m um bom relacionamento com o premier h\u00fangaro, com quem se encontrou<br \/>\nrecentemente na posse do presidente Javier Milei, em Buenos Aires. Nos dias em que esteve hospedado na embaixada magiar, a convite, o<br \/>\nex-presidente brasileiro conversou com in\u00fameras autoridades do pa\u00eds amigo atualizando os cen\u00e1rios pol\u00edticos das duas na\u00e7\u00f5es.<\/p>\n<p>Quaisquer outras interpreta\u00e7\u00f5es que extrapolem as informa\u00e7\u00f5es aqui repassadas se constituem em evidente obra ficcional, sem rela\u00e7\u00e3o com a<br \/>\nrealidade dos fatos e s\u00e3o, na pr\u00e1tica, mais um rol de fake news.&#8221;<\/p>\n","protected":false},"excerpt":{"rendered":"<p>Jornal teve acesso a imagens de c\u00e2meras internas da embaixada em Bras\u00edlia que mostram o ex-presidente<\/p>\n","protected":false},"author":1,"featured_media":0,"comment_status":"closed","ping_status":"open","sticky":false,"template":"","format":"standard","meta":{"_exactmetrics_skip_tracking":false,"_exactmetrics_sitenote_active":false,"_exactmetrics_sitenote_note":"","_exactmetrics_sitenote_category":0,"jetpack_post_was_ever_published":false,"_jetpack_newsletter_access":"","_jetpack_dont_email_post_to_subs":false,"_jetpack_newsletter_tier_id":0,"_jetpack_memberships_contains_paywalled_content":false,"_jetpack_memberships_contains_paid_content":false,"footnotes":"","jetpack_publicize_message":"","jetpack_publicize_feature_enabled":true,"jetpack_social_post_already_shared":true,"jetpack_social_options":{"image_generator_settings":{"template":"highway","enabled":false},"version":2}},"categories":[1],"tags":[53,870,869],"class_list":["post-34763","post","type-post","status-publish","format-standard","hentry","category-notas","tag-bolsonaro","tag-embaixada","tag-fuga"],"jetpack_publicize_connections":[],"jetpack_sharing_enabled":true,"jetpack_featured_media_url":"","jetpack_shortlink":"https:\/\/wp.me\/p7wKYW-92H","jetpack-related-posts":[],"_links":{"self":[{"href":"http:\/\/blogdalucianaoliveira.com.br\/blog\/wp-json\/wp\/v2\/posts\/34763","targetHints":{"allow":["GET"]}}],"collection":[{"href":"http:\/\/blogdalucianaoliveira.com.br\/blog\/wp-json\/wp\/v2\/posts"}],"about":[{"href":"http:\/\/blogdalucianaoliveira.com.br\/blog\/wp-json\/wp\/v2\/types\/post"}],"author":[{"embeddable":true,"href":"http:\/\/blogdalucianaoliveira.com.br\/blog\/wp-json\/wp\/v2\/users\/1"}],"replies":[{"embeddable":true,"href":"http:\/\/blogdalucianaoliveira.com.br\/blog\/wp-json\/wp\/v2\/comments?post=34763"}],"version-history":[{"count":1,"href":"http:\/\/blogdalucianaoliveira.com.br\/blog\/wp-json\/wp\/v2\/posts\/34763\/revisions"}],"predecessor-version":[{"id":34765,"href":"http:\/\/blogdalucianaoliveira.com.br\/blog\/wp-json\/wp\/v2\/posts\/34763\/revisions\/34765"}],"wp:attachment":[{"href":"http:\/\/blogdalucianaoliveira.com.br\/blog\/wp-json\/wp\/v2\/media?parent=34763"}],"wp:term":[{"taxonomy":"category","embeddable":true,"href":"http:\/\/blogdalucianaoliveira.com.br\/blog\/wp-json\/wp\/v2\/categories?post=34763"},{"taxonomy":"post_tag","embeddable":true,"href":"http:\/\/blogdalucianaoliveira.com.br\/blog\/wp-json\/wp\/v2\/tags?post=34763"}],"curies":[{"name":"wp","href":"https:\/\/api.w.org\/{rel}","templated":true}]}}