{"id":34766,"date":"2024-03-25T19:34:42","date_gmt":"2024-03-25T23:34:42","guid":{"rendered":"http:\/\/blogdalucianaoliveira.com.br\/blog\/?p=34766"},"modified":"2024-03-25T19:34:57","modified_gmt":"2024-03-25T23:34:57","slug":"embaixada-da-hungria-dispensou-funcionarios-antes-de-esconder-bolsonaro","status":"publish","type":"post","link":"http:\/\/blogdalucianaoliveira.com.br\/blog\/2024\/03\/25\/embaixada-da-hungria-dispensou-funcionarios-antes-de-esconder-bolsonaro\/","title":{"rendered":"Embaixada da Hungria dispensou funcion\u00e1rios antes de esconder Bolsonaro"},"content":{"rendered":"<p><img data-recalc-dims=\"1\" loading=\"lazy\" decoding=\"async\" data-attachment-id=\"34767\" data-permalink=\"http:\/\/blogdalucianaoliveira.com.br\/blog\/2024\/03\/25\/embaixada-da-hungria-dispensou-funcionarios-antes-de-esconder-bolsonaro\/img_0861\/\" data-orig-file=\"https:\/\/i0.wp.com\/blogdalucianaoliveira.com.br\/blog\/wp-content\/uploads\/2024\/03\/IMG_0861.jpeg?fit=764%2C483\" data-orig-size=\"764,483\" data-comments-opened=\"0\" data-image-meta=\"{&quot;aperture&quot;:&quot;0&quot;,&quot;credit&quot;:&quot;&quot;,&quot;camera&quot;:&quot;&quot;,&quot;caption&quot;:&quot;&quot;,&quot;created_timestamp&quot;:&quot;0&quot;,&quot;copyright&quot;:&quot;&quot;,&quot;focal_length&quot;:&quot;0&quot;,&quot;iso&quot;:&quot;0&quot;,&quot;shutter_speed&quot;:&quot;0&quot;,&quot;title&quot;:&quot;&quot;,&quot;orientation&quot;:&quot;0&quot;}\" data-image-title=\"IMG_0861\" data-image-description=\"\" data-image-caption=\"\" data-medium-file=\"https:\/\/i0.wp.com\/blogdalucianaoliveira.com.br\/blog\/wp-content\/uploads\/2024\/03\/IMG_0861.jpeg?fit=300%2C190\" data-large-file=\"https:\/\/i0.wp.com\/blogdalucianaoliveira.com.br\/blog\/wp-content\/uploads\/2024\/03\/IMG_0861.jpeg?fit=600%2C379\" class=\"alignnone size-full wp-image-34767\" src=\"https:\/\/i0.wp.com\/blogdalucianaoliveira.com.br\/blog\/wp-content\/uploads\/2024\/03\/IMG_0861.jpeg?resize=600%2C379\" alt=\"\" width=\"600\" height=\"379\" srcset=\"https:\/\/i0.wp.com\/blogdalucianaoliveira.com.br\/blog\/wp-content\/uploads\/2024\/03\/IMG_0861.jpeg?w=764 764w, https:\/\/i0.wp.com\/blogdalucianaoliveira.com.br\/blog\/wp-content\/uploads\/2024\/03\/IMG_0861.jpeg?resize=300%2C190 300w, https:\/\/i0.wp.com\/blogdalucianaoliveira.com.br\/blog\/wp-content\/uploads\/2024\/03\/IMG_0861.jpeg?resize=475%2C300 475w\" sizes=\"auto, (max-width: 600px) 100vw, 600px\" \/><\/p>\n<p>DCM &#8211; Antes do <a href=\"https:\/\/www.diariodocentrodomundo.com.br\/video-bolsonaro-se-escondeu-na-embaixada-da-hungria-apos-operacao-sobre-golpe\/\">ex-presidente Jair Bolsonaro se esconder na embaixada da Hungria no Brasil<\/a>, funcion\u00e1rios do \u00f3rg\u00e3o foram dispensados sem nenhuma justificativa. Servidores relatam que os diplomatas n\u00e3o deram nenhuma explica\u00e7\u00e3o sobre o caso ou mencionaram a hospedagem do ex-mandat\u00e1rio. A informa\u00e7\u00e3o \u00e9 do ICL Not\u00edcias.<\/p>\n<p><!--more--><\/p>\n<p>Ele ficou dois dias na embaixada, entre os dias 12 e 14 de fevereiro, ap\u00f3s ter seu passaporte apreendido na opera\u00e7\u00e3o Tempus Veritatis, da Pol\u00edcia Federal. Na ocasi\u00e3o, o primeiro-ministro da Hungria, Viktor Orban, aliado de Bolsonaro, o defendeu e se referiu a ele como \u201cpatriota honesto\u201d.<\/p>\n<p>Caso fosse alvo de um mandado de pris\u00e3o durante o per\u00edodo em que estava no local, agentes da Pol\u00edcia Federal n\u00e3o poderiam captur\u00e1-lo,\u00a0j\u00e1 que embaixadas s\u00e3o consideradas parte do territ\u00f3rio do pa\u00eds que representam.<\/p>\n<p>&nbsp;<\/p>\n<p>A defesa de Bolsonaro afirmou que ele ficou hospedado na embaixada para\u00a0\u201cmanter contato com pa\u00eds amigo\u201d. \u201cQuaisquer outras interpreta\u00e7\u00f5es que extrapolem as informa\u00e7\u00f5es aqui repassadas se constituem em evidente obra ficcional, sem rela\u00e7\u00e3o com a realidade dos fatos e s\u00e3o, na pr\u00e1tica, mais um rol de fake news\u201d, dizem seus advogados.<\/p>\n","protected":false},"excerpt":{"rendered":"<p>DCM &#8211; Antes do ex-presidente Jair Bolsonaro se esconder na embaixada da Hungria no Brasil, funcion\u00e1rios do \u00f3rg\u00e3o foram dispensados sem nenhuma justificativa. Servidores relatam que os diplomatas n\u00e3o deram nenhuma explica\u00e7\u00e3o sobre o caso ou mencionaram a hospedagem do ex-mandat\u00e1rio. A informa\u00e7\u00e3o \u00e9 do ICL Not\u00edcias.<\/p>\n","protected":false},"author":1,"featured_media":0,"comment_status":"closed","ping_status":"open","sticky":false,"template":"","format":"standard","meta":{"_exactmetrics_skip_tracking":false,"_exactmetrics_sitenote_active":false,"_exactmetrics_sitenote_note":"","_exactmetrics_sitenote_category":0,"jetpack_post_was_ever_published":false,"_jetpack_newsletter_access":"","_jetpack_dont_email_post_to_subs":false,"_jetpack_newsletter_tier_id":0,"_jetpack_memberships_contains_paywalled_content":false,"_jetpack_memberships_contains_paid_content":false,"footnotes":"","jetpack_publicize_message":"","jetpack_publicize_feature_enabled":true,"jetpack_social_post_already_shared":true,"jetpack_social_options":{"image_generator_settings":{"template":"highway","enabled":false},"version":2}},"categories":[1],"tags":[53,870,871],"class_list":["post-34766","post","type-post","status-publish","format-standard","hentry","category-notas","tag-bolsonaro","tag-embaixada","tag-hungria"],"jetpack_publicize_connections":[],"jetpack_sharing_enabled":true,"jetpack_featured_media_url":"","jetpack_shortlink":"https:\/\/wp.me\/p7wKYW-92K","jetpack-related-posts":[],"_links":{"self":[{"href":"http:\/\/blogdalucianaoliveira.com.br\/blog\/wp-json\/wp\/v2\/posts\/34766","targetHints":{"allow":["GET"]}}],"collection":[{"href":"http:\/\/blogdalucianaoliveira.com.br\/blog\/wp-json\/wp\/v2\/posts"}],"about":[{"href":"http:\/\/blogdalucianaoliveira.com.br\/blog\/wp-json\/wp\/v2\/types\/post"}],"author":[{"embeddable":true,"href":"http:\/\/blogdalucianaoliveira.com.br\/blog\/wp-json\/wp\/v2\/users\/1"}],"replies":[{"embeddable":true,"href":"http:\/\/blogdalucianaoliveira.com.br\/blog\/wp-json\/wp\/v2\/comments?post=34766"}],"version-history":[{"count":1,"href":"http:\/\/blogdalucianaoliveira.com.br\/blog\/wp-json\/wp\/v2\/posts\/34766\/revisions"}],"predecessor-version":[{"id":34768,"href":"http:\/\/blogdalucianaoliveira.com.br\/blog\/wp-json\/wp\/v2\/posts\/34766\/revisions\/34768"}],"wp:attachment":[{"href":"http:\/\/blogdalucianaoliveira.com.br\/blog\/wp-json\/wp\/v2\/media?parent=34766"}],"wp:term":[{"taxonomy":"category","embeddable":true,"href":"http:\/\/blogdalucianaoliveira.com.br\/blog\/wp-json\/wp\/v2\/categories?post=34766"},{"taxonomy":"post_tag","embeddable":true,"href":"http:\/\/blogdalucianaoliveira.com.br\/blog\/wp-json\/wp\/v2\/tags?post=34766"}],"curies":[{"name":"wp","href":"https:\/\/api.w.org\/{rel}","templated":true}]}}