{"id":34772,"date":"2024-03-26T12:00:39","date_gmt":"2024-03-26T16:00:39","guid":{"rendered":"http:\/\/blogdalucianaoliveira.com.br\/blog\/?p=34772"},"modified":"2024-03-26T12:00:39","modified_gmt":"2024-03-26T16:00:39","slug":"curitiba-e-a-capital-mais-igualitaria-do-pais-e-porto-velho-a-mais-desigual","status":"publish","type":"post","link":"http:\/\/blogdalucianaoliveira.com.br\/blog\/2024\/03\/26\/curitiba-e-a-capital-mais-igualitaria-do-pais-e-porto-velho-a-mais-desigual\/","title":{"rendered":"Curitiba \u00e9 a capital mais igualit\u00e1ria do pa\u00eds, e Porto Velho, a mais desigual"},"content":{"rendered":"<p><img data-recalc-dims=\"1\" loading=\"lazy\" decoding=\"async\" data-attachment-id=\"34773\" data-permalink=\"http:\/\/blogdalucianaoliveira.com.br\/blog\/2024\/03\/26\/curitiba-e-a-capital-mais-igualitaria-do-pais-e-porto-velho-a-mais-desigual\/img_0874\/\" data-orig-file=\"https:\/\/i0.wp.com\/blogdalucianaoliveira.com.br\/blog\/wp-content\/uploads\/2024\/03\/IMG_0874.jpeg?fit=768%2C512\" data-orig-size=\"768,512\" data-comments-opened=\"0\" data-image-meta=\"{&quot;aperture&quot;:&quot;0&quot;,&quot;credit&quot;:&quot;&quot;,&quot;camera&quot;:&quot;&quot;,&quot;caption&quot;:&quot;&quot;,&quot;created_timestamp&quot;:&quot;0&quot;,&quot;copyright&quot;:&quot;&quot;,&quot;focal_length&quot;:&quot;0&quot;,&quot;iso&quot;:&quot;0&quot;,&quot;shutter_speed&quot;:&quot;0&quot;,&quot;title&quot;:&quot;&quot;,&quot;orientation&quot;:&quot;0&quot;}\" data-image-title=\"IMG_0874\" data-image-description=\"\" data-image-caption=\"\" data-medium-file=\"https:\/\/i0.wp.com\/blogdalucianaoliveira.com.br\/blog\/wp-content\/uploads\/2024\/03\/IMG_0874.jpeg?fit=300%2C200\" data-large-file=\"https:\/\/i0.wp.com\/blogdalucianaoliveira.com.br\/blog\/wp-content\/uploads\/2024\/03\/IMG_0874.jpeg?fit=600%2C400\" class=\"alignnone size-full wp-image-34773\" src=\"https:\/\/i0.wp.com\/blogdalucianaoliveira.com.br\/blog\/wp-content\/uploads\/2024\/03\/IMG_0874.jpeg?resize=600%2C400\" alt=\"\" width=\"600\" height=\"400\" srcset=\"https:\/\/i0.wp.com\/blogdalucianaoliveira.com.br\/blog\/wp-content\/uploads\/2024\/03\/IMG_0874.jpeg?w=768 768w, https:\/\/i0.wp.com\/blogdalucianaoliveira.com.br\/blog\/wp-content\/uploads\/2024\/03\/IMG_0874.jpeg?resize=300%2C200 300w, https:\/\/i0.wp.com\/blogdalucianaoliveira.com.br\/blog\/wp-content\/uploads\/2024\/03\/IMG_0874.jpeg?resize=450%2C300 450w\" sizes=\"auto, (max-width: 600px) 100vw, 600px\" \/><\/p>\n<p data-pf_style_display=\"block\" data-pf_style_visibility=\"visible\"><span class=\"text-node\">Uol, por Lucas Lacerda Nascimento &#8211; Curitiba, com 1,73 milh\u00e3o de habitantes, \u00e9 a capital menos desigual no pa\u00eds. Considerando indicadores como educa\u00e7\u00e3o, renda, pobreza, trabalho e a\u00e7\u00f5es clim\u00e1ticas, entre outros, a cidade consegue oferecer resultados acima da m\u00e9dia de outras 25. Na outra ponta, Porto Velho (RO) tem os piores indicadores, com 23 deles abaixo da m\u00e9dia de seus pares.<\/span><!--more--><\/p>\n<p data-pf_style_display=\"block\" data-pf_style_visibility=\"visible\"><span class=\"text-node\">J\u00e1 as tr\u00eas capitais mais populosas do pa\u00eds (fora Bras\u00edlia, n\u00e3o considerada pela pesquisa) \u2014<\/span><a href=\"https:\/\/www1.folha.uol.com.br\/folha-topicos\/sao-paulo\/\" data-pf_style_display=\"inline\" data-pf_style_visibility=\"visible\"><span class=\"text-node\">S\u00e3o Paulo<\/span><\/a><span class=\"text-node\">, <\/span><a href=\"https:\/\/www1.folha.uol.com.br\/folha-topicos\/rio-de-janeiro\/\" data-pf_style_display=\"inline\" data-pf_style_visibility=\"visible\"><span class=\"text-node\">Rio de Janeiro<\/span><\/a><span class=\"text-node\"> e Fortaleza\u2014 est\u00e3o posicionadas, respectivamente, no quinto, no 11\u00ba e no 20\u00ba lugar. As informa\u00e7\u00f5es s\u00e3o do Mapa da Desigualdade entre as Capitais, divulgado pelo Instituto Cidades Sustent\u00e1veis nesta ter\u00e7a-feira (26).<\/span><\/p>\n<p data-pf_style_display=\"block\" data-pf_style_visibility=\"visible\"><span class=\"text-node\">A publica\u00e7\u00e3o re\u00fane 40 indicadores de diferentes bases e levantamentos, como o Censo, as diferentes Pnad (Pesquisa Nacional por Amostra de Domic\u00edlios Cont\u00ednua e o Sistema Nacional de Informa\u00e7\u00f5es sobre Saneamento (Snis).<\/span><\/p>\n<p data-pf_style_display=\"block\" data-pf_style_visibility=\"visible\">\n<p data-pf_style_display=\"block\" data-pf_style_visibility=\"visible\"><span class=\"text-node\">Agrupados de acordo com os 17 Objetivos de Desenvolvimento Sustent\u00e1vel da <\/span><a href=\"https:\/\/www1.folha.uol.com.br\/folha-topicos\/onu\/\" data-pf_style_display=\"inline\" data-pf_style_visibility=\"visible\"><span class=\"text-node\">ONU<\/span><\/a><span class=\"text-node\">(Organiza\u00e7\u00e3o das Na\u00e7\u00f5es Unidas). Os dados usados tamb\u00e9m s\u00e3o de diferentes anos, de acordo com a atualiza\u00e7\u00e3o mais recente entre eles durante a elabora\u00e7\u00e3o do estudo.<\/span><\/p>\n<div data-pf_style_display=\"block\" data-pf_style_visibility=\"visible\"><\/div>\n<p data-pf_style_display=\"block\" data-pf_style_visibility=\"visible\"><span class=\"text-node\">O ranking mostra que mesmo Curitiba, a capital menos desigual do pa\u00eds, ainda precisa enfrentar desafios como a desnutri\u00e7\u00e3o infantil, indicador em que ocupa a 21\u00aa posi\u00e7\u00e3o, ou a parcela de fam\u00edlias de baixa renda inscritas no Cadastro \u00danico para programas sociais (24\u00aa).<\/span><\/p>\n<div class=\"c-advertising c-advertising--300x250 u-hidden-xs rs_skip\" data-pf_style_display=\"block\" data-pf_style_visibility=\"visible\"><\/div>\n<p data-pf_style_display=\"block\" data-pf_style_visibility=\"visible\"><span class=\"text-node\">A cidade tamb\u00e9m est\u00e1 abaixo da m\u00e9dia no ranking em indicadores como taxa de \u00e1reas florestadas e naturais, de viol\u00eancia contra a popula\u00e7\u00e3o LGBTQIA+ e de suic\u00eddio.<\/span><\/p>\n<p data-pf_style_display=\"block\" data-pf_style_visibility=\"visible\"><span class=\"text-node\">Para Jorge Abrah\u00e3o, coordenador-geral do Instituto Cidades Sustent\u00e1veis e colunista da <\/span><strong data-pf_style_display=\"inline\" data-pf_style_visibility=\"visible\"><span class=\"text-node\">Folha<\/span><\/strong><span class=\"text-node\">, o mapa serve como uma provoca\u00e7\u00e3o para as administra\u00e7\u00f5es. &#8220;Executivos e Legislativos est\u00e3o muitas vezes voltados a emerg\u00eancias e urg\u00eancias, e n\u00e3o conseguem olhar um panorama geral para ver o que ainda precisa ser enfrentado&#8221;, diz ele.<\/span><\/p>\n<p data-pf_style_display=\"block\" data-pf_style_visibility=\"visible\"><span class=\"text-node\">&#8220;Desnutri\u00e7\u00e3o infantil \u00e9 uma quest\u00e3o de definir or\u00e7amento. J\u00e1 a viol\u00eancia contra a popula\u00e7\u00e3o LGBTQIA+ tem um car\u00e1ter cultural, exige campanhas.&#8221;<\/span><\/p>\n<p data-pf_style_display=\"block\" data-pf_style_visibility=\"visible\"><span class=\"text-node\">A viol\u00eancia relacionada \u00e0 sexualidade tamb\u00e9m \u00e9 um problema em S\u00e3o Paulo. <\/span><a href=\"https:\/\/www1.folha.uol.com.br\/cotidiano\/2024\/03\/confira-como-cresceu-a-sua-regiao-entre-2010-e-2022-na-cidade-de-sao-paulo.shtml\" data-pf_style_display=\"inline\" data-pf_style_visibility=\"visible\"><span class=\"text-node\">A cidade mais populosa do pa\u00eds, com 11,4 milh\u00f5es de habitantes<\/span><\/a><span class=\"text-node\">tem a segunda taxa mais alta de viol\u00eancia contra a popula\u00e7\u00e3o LGBTQIA+, com 8,3 casos a cada 100 mil habitantes.<\/span><\/p>\n<p data-pf_style_display=\"block\" data-pf_style_visibility=\"visible\"><span class=\"text-node\">A capital paulista \u00e9 a 25\u00aa colocada em investimento p\u00fablico em infraestrutura por habitante, segundo dados de 2021 do <\/span><a href=\"https:\/\/www1.folha.uol.com.br\/folha-topicos\/ibge\/\" data-pf_style_display=\"inline\" data-pf_style_visibility=\"visible\"><span class=\"text-node\">IBGE<\/span><\/a><span class=\"text-node\"> (Instituto Brasileiro de Geografia e Estat\u00edstica) com R$ 13,18. Em rela\u00e7\u00e3o \u00e0 cobertura vacinal, est\u00e1 em 20\u00ba lugar.<\/span><\/p>\n<p data-pf_style_display=\"block\" data-pf_style_visibility=\"visible\"><span class=\"text-node\">Na \u00faltima posi\u00e7\u00e3o do ranking, Porto Velho (com 460 mil habitantes), tem os piores indicadores para feminic\u00eddio, popula\u00e7\u00e3o atendida com esgotamento sanit\u00e1rio, recupera\u00e7\u00e3o de res\u00edduos s\u00f3lidos e emiss\u00e3o de CO\u00b2 per capita.<\/span><\/p>\n<div data-pf_style_display=\"block\" data-pf_style_visibility=\"visible\">\n<div class=\"js-gallery-widget rs_skip\" data-pf_style_display=\"block\" data-pf_style_visibility=\"visible\">\n<figure class=\"gallery-widget-pre pf-caption flex-width mediumImage pf-size-full\" data-pf_style_display=\"block\" data-pf_style_visibility=\"visible\"><a class=\"gallery-widget-pre__link\" href=\"https:\/\/fotografia.folha.uol.com.br\/galerias\/1791692658326327-censo-2022-revela-problemas-sanitarios-e-mais-pessoas-vivendo-em-apartamentos\" data-pf_style_display=\"inline\" data-pf_style_visibility=\"visible\"><img data-recalc-dims=\"1\" decoding=\"async\" class=\"gallery-widget-pre__photo u-responsive-image c-lazyload pf-large-image caption-img flex-width pf-size-full mediumImage\" src=\"https:\/\/i0.wp.com\/f.i.uol.com.br\/fotografia\/2024\/02\/23\/170869128465d88f549b209_1708691284_3x2_md.jpg?w=600&#038;ssl=1\" srcset=\"\" alt=\"Censo 2022 revela problemas sanit\u00e1rios e mais pessoas vivendo em apartamentos\" data-src=\"https:\/\/f.i.uol.com.br\/fotografia\/2024\/02\/23\/170869128465d88f549b209_1708691284_3x2_md.jpg\" data-pf_style_display=\"inline\" data-pf_style_visibility=\"visible\" data-pf_rect_width=\"537.640625\" data-pf_rect_height=\"18\" \/><\/a><\/figure>\n<p data-pf_style_display=\"block\" data-pf_style_visibility=\"visible\"><span class=\"text-node\">Mas a capital de Rond\u00f4nia, por outro lado, est\u00e1 em 10\u00ba lugar na lista de PIB (Produto Interno Bruno) per capita, segundo dados de 2020 do IBGE. A capital que lidera no indicador \u00e9 <\/span><a href=\"https:\/\/www1.folha.uol.com.br\/folha-topicos\/vitoria\/\" data-pf_style_display=\"inline\" data-pf_style_visibility=\"visible\"><span class=\"text-node\">Vit\u00f3ria<\/span><\/a><span class=\"text-node\"> (ES), e a \u00faltima colocada \u00e9 <\/span><a href=\"https:\/\/www1.folha.uol.com.br\/folha-topicos\/salvador\/\" data-pf_style_display=\"inline\" data-pf_style_visibility=\"visible\"><span class=\"text-node\">Salvador<\/span><\/a><span class=\"text-node\"> (BA).<\/span><\/p>\n<p data-pf_style_display=\"block\" data-pf_style_visibility=\"visible\"><span class=\"text-node\">A cidade tamb\u00e9m \u00e9 a melhor posicionada no ranking no quesito de taxa de \u00e1reas florestadas e naturais. Est\u00e1 na 13\u00aa posi\u00e7\u00e3o, mas ainda na primeira metade de lista, em rela\u00e7\u00e3o \u00e0 taxa de homic\u00eddios, segundo dados do DataSUS de 2021, sistema do Minist\u00e9rio da Sa\u00fade, com 36,07 casos por 100 mil habitantes, embora o valor ainda seja considerado alto.<\/span><\/p>\n<p data-pf_style_display=\"block\" data-pf_style_visibility=\"visible\"><span class=\"text-node\">A <\/span><a href=\"https:\/\/www1.folha.uol.com.br\/cotidiano\/2022\/06\/veja-a-lista-das-capitais-mais-violentas-do-brasil-segundo-anuario.shtml\" data-pf_style_display=\"inline\" data-pf_style_visibility=\"visible\"><span class=\"text-node\">maior taxa foi registrada naquele ano<\/span><\/a><span class=\"text-node\"> em <\/span><a href=\"https:\/\/www1.folha.uol.com.br\/folha-topicos\/macapa\/\" data-pf_style_display=\"inline\" data-pf_style_visibility=\"visible\"><span class=\"text-node\">Macap\u00e1<\/span><\/a><span class=\"text-node\">(AP), com 62,41 casos por 100 mil habitantes, e a menor, em S\u00e3o Paulo.<\/span><\/p>\n<p data-pf_style_display=\"block\" data-pf_style_visibility=\"visible\"><span class=\"text-node\">A responsabilidade por pol\u00edticas de seguran\u00e7a p\u00fablica est\u00e1 mais ligada \u00e0s esferas estaduais, das quais fazem parte as pol\u00edcias Civil e Militar, e \u00e0 federal, que tem um papel de financiamento e integra\u00e7\u00e3o. Mas as cidades precisam, segundo o instituto, avan\u00e7ar na coopera\u00e7\u00e3o.<\/span><\/p>\n<p data-pf_style_display=\"block\" data-pf_style_visibility=\"visible\"><span class=\"text-node\">&#8220;O conhecimento para enfrentar isso est\u00e1 dado, temos experi\u00eancias positivas nas cidades brasileiras. Muitas vezes n\u00e3o \u00e9 investimento elevado, mas direcionamento de pol\u00edtica&#8221;, afirma Abrah\u00e3o.<\/span><\/p>\n<p data-pf_style_display=\"block\" data-pf_style_visibility=\"visible\"><span class=\"text-node\">Um indicador que exige pol\u00edticas integradas (sa\u00fade, educa\u00e7\u00e3o, assist\u00eancia social), por exemplo, \u00e9 o de idade m\u00e9dia ao morrer, segundo o coordenador do instituto. Ele cita que <\/span><a href=\"https:\/\/www1.folha.uol.com.br\/cotidiano\/2021\/10\/em-bairro-rico-de-sp-idade-ao-morrer-e-de-80-anos-em-media-na-periferia-de-58.shtml\" target=\"\" rel=\"noopener\" data-pf_style_display=\"inline\" data-pf_style_visibility=\"visible\"><span class=\"text-node\">a diferen\u00e7a entre bairros de S\u00e3o Paulo chega a 20 anos<\/span><\/a><span class=\"text-node\">.<\/span><\/p>\n<p data-pf_style_display=\"block\" data-pf_style_visibility=\"visible\"><span class=\"text-node\">O problema est\u00e1 ligado \u00e0 falta de servi\u00e7os, mas tamb\u00e9m \u00e0 gravidez adolesc\u00eancia e \u00e0 viol\u00eancia que atinge principalmente jovens negros, entre outras quest\u00f5es. &#8220;Costumamos dizer \u00e0 prefeitura [de S\u00e3o Paulo] que a maior obra que se pode fazer \u00e9 tentar melhorar esse indicador durante uma gest\u00e3o.&#8221;<\/span><\/p>\n<p data-pf_style_display=\"block\" data-pf_style_visibility=\"visible\"><span class=\"text-node\">No pa\u00eds, segundo o mapa, os extremos est\u00e3o em Belo Horizonte (MG) e Porto Alegre (RS), com 72 anos, e Boa Vista (RR), com 57, segundo o Sistema de Informa\u00e7\u00e3o sobre Mortalidade, do DataSUS de 2022.<\/span><\/p>\n<\/div>\n<\/div>\n","protected":false},"excerpt":{"rendered":"<p>Uol, por Lucas Lacerda Nascimento &#8211; Curitiba, com 1,73 milh\u00e3o de habitantes, \u00e9 a capital menos desigual no pa\u00eds. Considerando indicadores como educa\u00e7\u00e3o, renda, pobreza, trabalho e a\u00e7\u00f5es clim\u00e1ticas, entre outros, a cidade consegue oferecer resultados acima da m\u00e9dia de outras 25. Na outra ponta, Porto Velho (RO) tem os piores indicadores, com 23 deles&#8230;<a class=\"more-link\" href=\"http:\/\/blogdalucianaoliveira.com.br\/blog\/2024\/03\/26\/curitiba-e-a-capital-mais-igualitaria-do-pais-e-porto-velho-a-mais-desigual\/\">Continue a leitura <span class=\"meta-nav\">&raquo;<\/span><\/a><\/p>\n","protected":false},"author":1,"featured_media":0,"comment_status":"closed","ping_status":"open","sticky":false,"template":"","format":"standard","meta":{"_exactmetrics_skip_tracking":false,"_exactmetrics_sitenote_active":false,"_exactmetrics_sitenote_note":"","_exactmetrics_sitenote_category":0,"jetpack_post_was_ever_published":false,"_jetpack_newsletter_access":"","_jetpack_dont_email_post_to_subs":false,"_jetpack_newsletter_tier_id":0,"_jetpack_memberships_contains_paywalled_content":false,"_jetpack_memberships_contains_paid_content":false,"footnotes":"","jetpack_publicize_message":"","jetpack_publicize_feature_enabled":true,"jetpack_social_post_already_shared":true,"jetpack_social_options":{"image_generator_settings":{"template":"highway","enabled":false},"version":2}},"categories":[1],"tags":[872,506,319,8,873],"class_list":["post-34772","post","type-post","status-publish","format-standard","hentry","category-notas","tag-curitiba","tag-desigualdade","tag-feminicidio","tag-porto-velho","tag-saneamento"],"jetpack_publicize_connections":[],"jetpack_sharing_enabled":true,"jetpack_featured_media_url":"","jetpack_shortlink":"https:\/\/wp.me\/p7wKYW-92Q","jetpack-related-posts":[],"_links":{"self":[{"href":"http:\/\/blogdalucianaoliveira.com.br\/blog\/wp-json\/wp\/v2\/posts\/34772","targetHints":{"allow":["GET"]}}],"collection":[{"href":"http:\/\/blogdalucianaoliveira.com.br\/blog\/wp-json\/wp\/v2\/posts"}],"about":[{"href":"http:\/\/blogdalucianaoliveira.com.br\/blog\/wp-json\/wp\/v2\/types\/post"}],"author":[{"embeddable":true,"href":"http:\/\/blogdalucianaoliveira.com.br\/blog\/wp-json\/wp\/v2\/users\/1"}],"replies":[{"embeddable":true,"href":"http:\/\/blogdalucianaoliveira.com.br\/blog\/wp-json\/wp\/v2\/comments?post=34772"}],"version-history":[{"count":1,"href":"http:\/\/blogdalucianaoliveira.com.br\/blog\/wp-json\/wp\/v2\/posts\/34772\/revisions"}],"predecessor-version":[{"id":34774,"href":"http:\/\/blogdalucianaoliveira.com.br\/blog\/wp-json\/wp\/v2\/posts\/34772\/revisions\/34774"}],"wp:attachment":[{"href":"http:\/\/blogdalucianaoliveira.com.br\/blog\/wp-json\/wp\/v2\/media?parent=34772"}],"wp:term":[{"taxonomy":"category","embeddable":true,"href":"http:\/\/blogdalucianaoliveira.com.br\/blog\/wp-json\/wp\/v2\/categories?post=34772"},{"taxonomy":"post_tag","embeddable":true,"href":"http:\/\/blogdalucianaoliveira.com.br\/blog\/wp-json\/wp\/v2\/tags?post=34772"}],"curies":[{"name":"wp","href":"https:\/\/api.w.org\/{rel}","templated":true}]}}