{"id":3478,"date":"2016-08-28T10:03:51","date_gmt":"2016-08-28T14:03:51","guid":{"rendered":"http:\/\/blogdalucianaoliveira.com.br\/blog\/?p=3478"},"modified":"2016-08-28T10:08:17","modified_gmt":"2016-08-28T14:08:17","slug":"temer-promove-a-castracao-de-homens-e-mulheres","status":"publish","type":"post","link":"http:\/\/blogdalucianaoliveira.com.br\/blog\/2016\/08\/28\/temer-promove-a-castracao-de-homens-e-mulheres\/","title":{"rendered":"Temer promove a castra\u00e7\u00e3o de homens e mulheres"},"content":{"rendered":"<p><img data-recalc-dims=\"1\" loading=\"lazy\" decoding=\"async\" data-attachment-id=\"3481\" data-permalink=\"http:\/\/blogdalucianaoliveira.com.br\/blog\/2016\/08\/28\/temer-promove-a-castracao-de-homens-e-mulheres\/anlfa\/\" data-orig-file=\"https:\/\/i0.wp.com\/blogdalucianaoliveira.com.br\/blog\/wp-content\/uploads\/2016\/08\/anlfa.jpg?fit=620%2C413\" data-orig-size=\"620,413\" data-comments-opened=\"0\" data-image-meta=\"{&quot;aperture&quot;:&quot;0&quot;,&quot;credit&quot;:&quot;&quot;,&quot;camera&quot;:&quot;&quot;,&quot;caption&quot;:&quot;&quot;,&quot;created_timestamp&quot;:&quot;0&quot;,&quot;copyright&quot;:&quot;&quot;,&quot;focal_length&quot;:&quot;0&quot;,&quot;iso&quot;:&quot;0&quot;,&quot;shutter_speed&quot;:&quot;0&quot;,&quot;title&quot;:&quot;&quot;,&quot;orientation&quot;:&quot;0&quot;}\" data-image-title=\"anlfa\" data-image-description=\"\" data-image-caption=\"\" data-medium-file=\"https:\/\/i0.wp.com\/blogdalucianaoliveira.com.br\/blog\/wp-content\/uploads\/2016\/08\/anlfa.jpg?fit=300%2C200\" data-large-file=\"https:\/\/i0.wp.com\/blogdalucianaoliveira.com.br\/blog\/wp-content\/uploads\/2016\/08\/anlfa.jpg?fit=600%2C400\" src=\"https:\/\/i0.wp.com\/blogdalucianaoliveira.com.br\/blog\/wp-content\/uploads\/2016\/08\/anlfa.jpg?resize=600%2C400\" alt=\"anlfa\" width=\"600\" height=\"400\" class=\"alignnone size-full wp-image-3481\" srcset=\"https:\/\/i0.wp.com\/blogdalucianaoliveira.com.br\/blog\/wp-content\/uploads\/2016\/08\/anlfa.jpg?w=620 620w, https:\/\/i0.wp.com\/blogdalucianaoliveira.com.br\/blog\/wp-content\/uploads\/2016\/08\/anlfa.jpg?resize=300%2C200 300w, https:\/\/i0.wp.com\/blogdalucianaoliveira.com.br\/blog\/wp-content\/uploads\/2016\/08\/anlfa.jpg?resize=450%2C300 450w\" sizes=\"auto, (max-width: 600px) 100vw, 600px\" \/><\/p>\n<p>Temer acaba com Brasil Alfabetizado<!--more--><\/p>\n<p>Do Blog Nossa Pol\u00edtica <\/p>\n<p>Com uma das piores taxas de analfabetismo da Am\u00e9rica do Sul e sem cumprir compromissos internacionais na \u00e1rea, o Brasil interrompeu o programa federal que ensina jovens e adultos a ler e escrever.<\/p>\n<p>Ao todo, 13 milh\u00f5es no pa\u00eds n\u00e3o sabem decifrar nem um bilhete simples, o equivalente a 8,3% da popula\u00e7\u00e3o com 15 anos ou mais. Esse contingente era alvo do Brasil Alfabetizado, executado por Estados e munic\u00edpios com verba do governo federal.<\/p>\n<p>O Minist\u00e9rio da Educa\u00e7\u00e3o afirma que o programa est\u00e1 em execu\u00e7\u00e3o, mas prefeituras e governos estaduais relatam um bloqueio no sistema da pasta que impede o cadastro de alunos \u2013 o que inviabiliza o in\u00edcio de novas turmas.<\/p>\n<p>A interrup\u00e7\u00e3o do programa foi confirmada pelo minist\u00e9rio a uma cidad\u00e3 que o questionou sobre o tema por meio da Lei de Acesso \u00e0 Informa\u00e7\u00e3o. \u201cAt\u00e9 o momento n\u00e3o h\u00e1 previs\u00e3o de reabertura do Sistema Brasil Alfabetizado para ativa\u00e7\u00e3o de novas turmas\u201d, respondeu, em junho, a pasta chefiada pelo ministro Mendon\u00e7a Filho (DEM).<\/p>\n<p>Mat\u00e9ria completa na Folha:<\/p>\n<p>http:\/\/www1.folha.uol.com.br\/educacao\/2016\/08\/1807683-governo-temer-suspende-programa-nacional-de-combate-ao-analfabetismo.shtml<\/p>\n","protected":false},"excerpt":{"rendered":"<p>Temer acaba com Brasil Alfabetizado<\/p>\n","protected":false},"author":1,"featured_media":0,"comment_status":"closed","ping_status":"open","sticky":false,"template":"","format":"standard","meta":{"_exactmetrics_skip_tracking":false,"_exactmetrics_sitenote_active":false,"_exactmetrics_sitenote_note":"","_exactmetrics_sitenote_category":0,"jetpack_post_was_ever_published":false,"_jetpack_newsletter_access":"","_jetpack_dont_email_post_to_subs":false,"_jetpack_newsletter_tier_id":0,"_jetpack_memberships_contains_paywalled_content":false,"_jetpack_memberships_contains_paid_content":false,"footnotes":"","jetpack_publicize_message":"","jetpack_publicize_feature_enabled":true,"jetpack_social_post_already_shared":true,"jetpack_social_options":{"image_generator_settings":{"template":"highway","enabled":false},"version":2}},"categories":[1],"tags":[],"class_list":["post-3478","post","type-post","status-publish","format-standard","hentry","category-notas"],"jetpack_publicize_connections":[],"jetpack_sharing_enabled":true,"jetpack_featured_media_url":"","jetpack_shortlink":"https:\/\/wp.me\/p7wKYW-U6","jetpack-related-posts":[],"_links":{"self":[{"href":"http:\/\/blogdalucianaoliveira.com.br\/blog\/wp-json\/wp\/v2\/posts\/3478","targetHints":{"allow":["GET"]}}],"collection":[{"href":"http:\/\/blogdalucianaoliveira.com.br\/blog\/wp-json\/wp\/v2\/posts"}],"about":[{"href":"http:\/\/blogdalucianaoliveira.com.br\/blog\/wp-json\/wp\/v2\/types\/post"}],"author":[{"embeddable":true,"href":"http:\/\/blogdalucianaoliveira.com.br\/blog\/wp-json\/wp\/v2\/users\/1"}],"replies":[{"embeddable":true,"href":"http:\/\/blogdalucianaoliveira.com.br\/blog\/wp-json\/wp\/v2\/comments?post=3478"}],"version-history":[{"count":3,"href":"http:\/\/blogdalucianaoliveira.com.br\/blog\/wp-json\/wp\/v2\/posts\/3478\/revisions"}],"predecessor-version":[{"id":3484,"href":"http:\/\/blogdalucianaoliveira.com.br\/blog\/wp-json\/wp\/v2\/posts\/3478\/revisions\/3484"}],"wp:attachment":[{"href":"http:\/\/blogdalucianaoliveira.com.br\/blog\/wp-json\/wp\/v2\/media?parent=3478"}],"wp:term":[{"taxonomy":"category","embeddable":true,"href":"http:\/\/blogdalucianaoliveira.com.br\/blog\/wp-json\/wp\/v2\/categories?post=3478"},{"taxonomy":"post_tag","embeddable":true,"href":"http:\/\/blogdalucianaoliveira.com.br\/blog\/wp-json\/wp\/v2\/tags?post=3478"}],"curies":[{"name":"wp","href":"https:\/\/api.w.org\/{rel}","templated":true}]}}