{"id":34797,"date":"2024-03-28T12:50:06","date_gmt":"2024-03-28T16:50:06","guid":{"rendered":"https:\/\/blogdalucianaoliveira.com.br\/blog\/?p=34797"},"modified":"2024-03-28T12:51:27","modified_gmt":"2024-03-28T16:51:27","slug":"em-nome-de-cristo","status":"publish","type":"post","link":"http:\/\/blogdalucianaoliveira.com.br\/blog\/2024\/03\/28\/em-nome-de-cristo\/","title":{"rendered":"Em nome de Cristo"},"content":{"rendered":"<p><img data-recalc-dims=\"1\" loading=\"lazy\" decoding=\"async\" data-attachment-id=\"34798\" data-permalink=\"http:\/\/blogdalucianaoliveira.com.br\/blog\/2024\/03\/28\/em-nome-de-cristo\/images-4\/\" data-orig-file=\"https:\/\/i0.wp.com\/blogdalucianaoliveira.com.br\/blog\/wp-content\/uploads\/2024\/03\/images.jpeg?fit=389%2C129\" data-orig-size=\"389,129\" data-comments-opened=\"0\" data-image-meta=\"{&quot;aperture&quot;:&quot;0&quot;,&quot;credit&quot;:&quot;&quot;,&quot;camera&quot;:&quot;&quot;,&quot;caption&quot;:&quot;&quot;,&quot;created_timestamp&quot;:&quot;0&quot;,&quot;copyright&quot;:&quot;&quot;,&quot;focal_length&quot;:&quot;0&quot;,&quot;iso&quot;:&quot;0&quot;,&quot;shutter_speed&quot;:&quot;0&quot;,&quot;title&quot;:&quot;&quot;,&quot;orientation&quot;:&quot;0&quot;}\" data-image-title=\"images\" data-image-description=\"\" data-image-caption=\"\" data-medium-file=\"https:\/\/i0.wp.com\/blogdalucianaoliveira.com.br\/blog\/wp-content\/uploads\/2024\/03\/images.jpeg?fit=300%2C99\" data-large-file=\"https:\/\/i0.wp.com\/blogdalucianaoliveira.com.br\/blog\/wp-content\/uploads\/2024\/03\/images.jpeg?fit=389%2C129\" class=\"alignnone wp-image-34798\" src=\"https:\/\/i0.wp.com\/blogdalucianaoliveira.com.br\/blog\/wp-content\/uploads\/2024\/03\/images.jpeg?resize=600%2C115\" alt=\"\" width=\"600\" height=\"115\" \/><\/p>\n<p>Humanitas Unisinos &#8211; \u201cUma leitura sociopol\u00edtica da <a href=\"https:\/\/www.ihu.unisinos.br\/categorias\/637816-o-rito-da-pascoa-artigo-de-enzo-bianchi\" target=\"_blank\" rel=\"noopener noreferrer\">P\u00e1scoa<\/a>\u00a0nos oferece v\u00e1rios s\u00edmbolos que podem ser um horizonte \u00e9tico para o bem comum. A salva\u00e7\u00e3o da opress\u00e3o e a boa nova da liberdade. N\u00e3o como liberalismo ou mensagem libert\u00e1ria, mas como uma cr\u00edtica ao fundamentalismo econ\u00f4mico e religioso que apresenta o mercado como uma religi\u00e3o e o cristianismo como uma ordem divina. A P\u00e1scoa como liberta\u00e7\u00e3o critica a sacraliza\u00e7\u00e3o das estruturas opressoras que criamos e \u00e9 um convite para n\u00e3o justific\u00e1-las em nome de\u00a0<strong>Cristo<\/strong>\u201d. A reflex\u00e3o \u00e9 de\u00a0<strong>Nicol\u00e1s Iglesias Schneider<\/strong>, em artigo publicado por\u00a0<a href=\"https:\/\/brecha.com.uy\/\" target=\"_blank\" rel=\"noopener noreferrer\">Brecha<\/a>, 27-03-2024. A tradu\u00e7\u00e3o \u00e9 do\u00a0<a href=\"https:\/\/www.ihu.unisinos.br\/sobre-o-ihu\/rede-sjcias\/cepat\" target=\"_blank\" rel=\"noopener noreferrer\">Cepat<\/a>.<!--more--><\/p>\n<h2>Eis o artigo.<\/h2>\n<p>A\u00a0<a href=\"https:\/\/www.ihu.unisinos.br\/categorias\/633376-a-igreja-e-a-religiao-ainda-fazem-sentido-na-sociedade-de-hoje-artigo-de-hartmut-rosa\" target=\"_blank\" rel=\"noopener noreferrer\">religi\u00e3o<\/a>\u00a0\u00e9 geradora de sentido, tem a capacidade de mobilizar sentimentos e opini\u00f5es morais e pol\u00edticas. Ao mesmo tempo, o discurso e o s\u00edmbolo religioso na pol\u00edtica partid\u00e1ria tornaram-se uma faca de dois gumes para candidatos de esquerda e de direita, sendo at\u00e9 um elemento gravitacional em elei\u00e7\u00f5es, como as recentemente realizadas no\u00a0<a href=\"https:\/\/www.ihu.unisinos.br\/categorias\/615304-linguagem-religiosa-como-linguagem-politica-no-brasil-hoje-um-olhar-sobre-a-nomeacao-de-andre-mendonca-como-ministro-do-stf-artigo-de-christina-vital\" target=\"_blank\" rel=\"noopener noreferrer\">Brasil<\/a>\u00a0ou na\u00a0<a href=\"https:\/\/www.ihu.unisinos.br\/categorias\/636664-milei-e-a-aplicacao-extrema-da-doutrina-do-choque-entrevista-com-claudio-katz\" target=\"_blank\" rel=\"noopener noreferrer\">Argentina<\/a>. Para al\u00e9m dos seus s\u00edmbolos, a\u00a0<a href=\"https:\/\/www.ihu.unisinos.br\/592618\" target=\"_blank\" rel=\"noopener noreferrer\">religi\u00e3o<\/a>, enquanto pr\u00e1tica individual e coletiva, \u00e9 um poderoso instrumento pol\u00edtico que pode funcionar como elemento de unidade nacional, de fervor patri\u00f3tico ou de sentido cr\u00edtico do\u00a0<em>status quo<\/em>\u00a0e da ordem social.<\/p>\n<p>As din\u00e2micas dos atores religiosos, pol\u00edticos e sociais est\u00e3o interligadas a n\u00edvel nacional e internacional. Estas redes produzem s\u00edmbolos, rituais e mitos que se adaptam \u00e0s realidades locais. Por exemplo, a ideia do\u00a0<a href=\"https:\/\/www.ihu.unisinos.br\/categorias\/619107-cristoneofascismo-teismo-politico-e-o-deus-sacrificial-de-bolsonaro\" target=\"_blank\" rel=\"noopener noreferrer\">messias<\/a>\u00a0de\u00a0<strong>Bolsonaro<\/strong>\u00a0tem origem em uma hist\u00f3ria b\u00edblica, m\u00edtica, religiosa, mas se adapta aos significados pol\u00edticos que a hist\u00f3ria de\u00a0<strong>Bolsonaro<\/strong>\u00a0usa.<\/p>\n<p>O\u00a0<a href=\"https:\/\/www.ihu.unisinos.br\/categorias\/185-noticias-2016\/562040-pensar-de-forma-ampla-pela-esquerda-a-nossa-frente\" target=\"_blank\" rel=\"noopener noreferrer\">batllismo<\/a>\u00a0[corrente do\u00a0<strong>Partido Colorado<\/strong>\u00a0do\u00a0<strong>Uruguai<\/strong>\u00a0inspirada nas ideias e na doutrina pol\u00edtica criada pelo duas vezes presidente\u00a0<strong>Jos\u00e9 Batlle y Ord\u00f3\u00f1ez<\/strong>\u00a0(1903-1907 e 1911-1915)] procurou resolver este conflito h\u00e1 mais de 100 anos: transformou datas como a\u00a0<strong>Semana Santa<\/strong>\u00a0em\u00a0<strong>Semana do Turismo<\/strong>\u00a0e o\u00a0<strong>Natal<\/strong>\u00a0em\u00a0<strong>Dia da Fam\u00edlia<\/strong>, entre outras mudan\u00e7as que n\u00e3o impediram, nem impedem, as ressignifica\u00e7\u00f5es de s\u00edmbolos religiosos num sentido laico conservador e as disputas pol\u00edticas com argumentos religiosos sobre conceitos-chave como vida, fam\u00edlia, p\u00e1tria e liberdade.<\/p>\n<p>Nos \u00faltimos anos, duas institui\u00e7\u00f5es importantes voltaram ao centro da cena pol\u00edtica conservadora uruguaia: a\u00a0<strong>Igreja Cat\u00f3lica Apost\u00f3lica Romana<\/strong>\u00a0(<strong>ICAR<\/strong>) e o\u00a0<strong>Ex\u00e9rcito<\/strong>, que s\u00e3o as mais antigas do pa\u00eds e tamb\u00e9m as mais tradicionais e hier\u00e1rquicas. Neste regresso, retomam juntas a presen\u00e7a p\u00fablica em atividades como a missa do\u00a0<strong>Dia do Ex\u00e9rcito<\/strong>, todo dia 18 de maio, na catedral. O partido\u00a0<strong>Cabildo Abierto<\/strong>\u00a0(<strong>CA<\/strong>) e seus senadores s\u00e3o os principais promotores desta hist\u00f3ria da \u201cna\u00e7\u00e3o cat\u00f3lica\u201d todo dia 12 de outubro (<strong>Dia da Hispanidade<\/strong>\u00a0para a hist\u00f3ria conservadora) ou em datas pr\u00f3ximas \u00e0\u00a0<strong>Semana Santa<\/strong>\u00a0ou ao\u00a0<strong>Natal<\/strong>, quando, na meia hora que precede as sess\u00f5es parlamentares, fazem um relato dessa narrativa em que a\u00a0<strong>ICAR<\/strong>\u00a0e o\u00a0<strong>Ex\u00e9rcito<\/strong>\u00a0seriam as institui\u00e7\u00f5es fundadoras do pa\u00eds.<\/p>\n<p>H\u00e1 poucos meses, a\u00a0<strong>Dra. Lorena Quintanas<\/strong>, coordenadora do programa\u00a0<strong>Fam\u00edlias Fortes\u00a0<\/strong>do\u00a0<strong>Minist\u00e9rio da Sa\u00fade P\u00fablica<\/strong>, lan\u00e7ou no\u00a0<strong>Cabildo Abierto<\/strong>\u00a0o setor\u00a0<strong>Encontro Nacional Crist\u00e3o<\/strong>\u00a0com uma agenda que prioriza temas como a luta contra a \u201cideologia de g\u00eanero\u201d, a oposi\u00e7\u00e3o ao aborto e \u00e0 legaliza\u00e7\u00e3o das drogas e a defesa da fam\u00edlia tradicional. Em termos religiosos,\u00a0<strong>Quintanas<\/strong>\u00a0foi formada na igreja\u00a0<strong>Misi\u00f3n Vida\u00a0<\/strong>do pastor\u00a0<strong>Jorge M\u00e1rquez<\/strong>. De l\u00e1 sai em busca do voto crist\u00e3o conservador de perfil pentecostal que o\u00a0<strong>Cabildo Abierto<\/strong>\u00a0disputa com alguns candidatos do\u00a0<strong>Partido Nacional<\/strong>\u00a0de perfil semelhante. Este novo setor, somado \u00e0s cont\u00ednuas declara\u00e7\u00f5es do senador\u00a0<strong>Guillermo Domenech<\/strong>\u00a0em rela\u00e7\u00e3o ao papel da\u00a0<strong>ICAR<\/strong>\u00a0e da p\u00e1tria na forma\u00e7\u00e3o da identidade nacional e na recupera\u00e7\u00e3o da hispanicidade, conferem ao\u00a0<strong>Cabildo Abierto<\/strong>\u00a0uma forte marca crist\u00e3 conservadora.<\/p>\n<p>No\u00a0<strong>Partido Nacional<\/strong>, que desde as suas origens reflete os interesses cat\u00f3licos e no qual, segundo uma recente pesquisa do\u00a0<strong>El Observador<\/strong>\u00a0(1), 73% dos seus legisladores se identificam com essa religi\u00e3o, h\u00e1 quase 20 anos vem se somando a participa\u00e7\u00e3o de atores evang\u00e9licos, pentecostais e neopentecostais que comungam com a agenda pr\u00f3-vida e pr\u00f3-fam\u00edlia. Neste sentido, o\u00a0<strong>herrerismo<\/strong>\u00a0[grupo pol\u00edtico do\u00a0<strong>Partido Nacional<\/strong>\u00a0inspirado no pensamento do pol\u00edtico\u00a0<strong>Luis Alberto de Herrera<\/strong>] deu, na sua atual gest\u00e3o de governo, um lugar importante ao cristianismo conservador na elabora\u00e7\u00e3o de pol\u00edticas sociais baseadas em valores tradicionais. Vale ressaltar que os pr\u00e9-candidatos mais radicais nas internas do partido nacionalista no que se refere \u00e0 oposi\u00e7\u00e3o \u00e0 agenda de g\u00eanero e diversidade ficaram marcando seus pr\u00f3prios votos em candidaturas individuais e com poucas chances de obter grandes ades\u00f5es, como\u00a0<strong>Carlos Iafigliola<\/strong>\u00a0e\u00a0<strong>Roxana Corban<\/strong>.<\/p>\n<p>Fora da esfera estritamente pol\u00edtica, mas vinculado a refer\u00eancias conservadoras geradoras de opini\u00e3o pol\u00edtica, hoje circula um v\u00eddeo no qual o cardeal\u00a0<a href=\"https:\/\/www.ihu.unisinos.br\/categorias\/629708-cardeal-sturla-a-nossa-igreja-no-uruguai-e-pobre-e-livre-pequena-e-bela\" target=\"_blank\" rel=\"noopener noreferrer\">Daniel Sturla<\/a>, o pastor\u00a0<strong>M\u00e1rquez<\/strong>, o padre\u00a0<strong>Juan Andr\u00e9s \u201cGordo\u201d Verde<\/strong>,\u00a0<strong>Marta Grego<\/strong>\u00a0(fundadora da\u00a0<strong>Madrinas por la Vida<\/strong>),\u00a0<strong>Carlos P\u00e1ez<\/strong>\u00a0e\u00a0<strong>Roberto Canessa<\/strong>\u00a0(sobreviventes dos\u00a0<strong>Andes<\/strong>), entre outros, participam de uma campanha pelo\u00a0<strong>Dia do Nascituro<\/strong>, que coincidentemente \u00e9 o dia da\u00a0<strong>Anuncia\u00e7\u00e3o da Virgem Maria<\/strong>\u00a0e da\u00a0<strong>Encarna\u00e7\u00e3o do Filho de Deus<\/strong>\u00a0para a\u00a0<strong>ICAR<\/strong>. Esta campanha, que tamb\u00e9m utiliza cartazes de fetos nas avenidas de\u00a0<strong>Montevid\u00e9u<\/strong>, \u00e9 outra forma de utilizar os s\u00edmbolos e a religi\u00e3o com significado pol\u00edtico conservador.<\/p>\n<p>A dimens\u00e3o crist\u00e3 (tradicionalmente presente na esquerda do\u00a0<strong>Partido Democrata Crist\u00e3o<\/strong>) \u00e9 uma refer\u00eancia cada vez mais dilu\u00edda na\u00a0<strong>Frente Ampla<\/strong>\u00a0(<strong>FA<\/strong>). Na mesma pesquisa citada acima, 68% dos legisladores da\u00a0<strong>Frente Ampla<\/strong>\u00a0n\u00e3o se identificam com nenhuma cren\u00e7a religiosa e a maioria daqueles que se identificam como cat\u00f3licos fazem parte do\u00a0<strong>Movimento de Participa\u00e7\u00e3o Popular<\/strong>.<\/p>\n<p>A esquerda uruguaia, nas suas origens, ao falar de justi\u00e7a social, n\u00e3o teve medo de afirmar que o\u00a0<a href=\"https:\/\/www.ihu.unisinos.br\/categorias\/623570-o-jesus-historico-artigo-de-roberto-mela\" target=\"_blank\" rel=\"noopener noreferrer\">Jesus hist\u00f3rico<\/a>\u00a0foi um grande revolucion\u00e1rio, fazendo refer\u00eancias ao Evangelho e citando figuras de destaque como D.\u00a0<strong>Carlos Parteli<\/strong>\u00a0e o pastor\u00a0<strong>Emilio Castro<\/strong>. Hoje, a narrativa de esquerda \u00e9 magra em m\u00edstica, s\u00edmbolos e narrativas ut\u00f3picas que, sejam laicas ou religiosas, ofere\u00e7am esperan\u00e7as.<\/p>\n<p>Neste sentido, uma leitura sociopol\u00edtica da\u00a0<strong>P\u00e1scoa<\/strong>\u00a0nos oferece v\u00e1rios s\u00edmbolos que podem ser um horizonte \u00e9tico para o bem comum. A salva\u00e7\u00e3o da opress\u00e3o e a boa nova da liberdade. N\u00e3o como liberalismo ou mensagem libert\u00e1ria, mas como uma cr\u00edtica ao fundamentalismo econ\u00f4mico e religioso que apresenta o mercado como uma religi\u00e3o e o cristianismo como uma ordem divina. A\u00a0<strong>P\u00e1scoa<\/strong>\u00a0como liberta\u00e7\u00e3o critica a sacraliza\u00e7\u00e3o das estruturas opressoras que criamos e \u00e9 um convite para n\u00e3o justific\u00e1-las em nome de Cristo.<\/p>\n","protected":false},"excerpt":{"rendered":"<p>Humanitas Unisinos &#8211; \u201cUma leitura sociopol\u00edtica da P\u00e1scoa\u00a0nos oferece v\u00e1rios s\u00edmbolos que podem ser um horizonte \u00e9tico para o bem comum. A salva\u00e7\u00e3o da opress\u00e3o e a boa nova da liberdade. N\u00e3o como liberalismo ou mensagem libert\u00e1ria, mas como uma cr\u00edtica ao fundamentalismo econ\u00f4mico e religioso que apresenta o mercado como uma religi\u00e3o e o&#8230;<a class=\"more-link\" href=\"http:\/\/blogdalucianaoliveira.com.br\/blog\/2024\/03\/28\/em-nome-de-cristo\/\">Continue a leitura <span class=\"meta-nav\">&raquo;<\/span><\/a><\/p>\n","protected":false},"author":1,"featured_media":0,"comment_status":"closed","ping_status":"open","sticky":false,"template":"","format":"standard","meta":{"_exactmetrics_skip_tracking":false,"_exactmetrics_sitenote_active":false,"_exactmetrics_sitenote_note":"","_exactmetrics_sitenote_category":0,"jetpack_post_was_ever_published":false,"_jetpack_newsletter_access":"","_jetpack_dont_email_post_to_subs":false,"_jetpack_newsletter_tier_id":0,"_jetpack_memberships_contains_paywalled_content":false,"_jetpack_memberships_contains_paid_content":false,"footnotes":"","jetpack_publicize_message":"","jetpack_publicize_feature_enabled":true,"jetpack_social_post_already_shared":true,"jetpack_social_options":{"image_generator_settings":{"template":"highway","enabled":false},"version":2}},"categories":[1],"tags":[],"class_list":["post-34797","post","type-post","status-publish","format-standard","hentry","category-notas"],"jetpack_publicize_connections":[],"jetpack_sharing_enabled":true,"jetpack_featured_media_url":"","jetpack_shortlink":"https:\/\/wp.me\/p7wKYW-93f","jetpack-related-posts":[],"_links":{"self":[{"href":"http:\/\/blogdalucianaoliveira.com.br\/blog\/wp-json\/wp\/v2\/posts\/34797","targetHints":{"allow":["GET"]}}],"collection":[{"href":"http:\/\/blogdalucianaoliveira.com.br\/blog\/wp-json\/wp\/v2\/posts"}],"about":[{"href":"http:\/\/blogdalucianaoliveira.com.br\/blog\/wp-json\/wp\/v2\/types\/post"}],"author":[{"embeddable":true,"href":"http:\/\/blogdalucianaoliveira.com.br\/blog\/wp-json\/wp\/v2\/users\/1"}],"replies":[{"embeddable":true,"href":"http:\/\/blogdalucianaoliveira.com.br\/blog\/wp-json\/wp\/v2\/comments?post=34797"}],"version-history":[{"count":2,"href":"http:\/\/blogdalucianaoliveira.com.br\/blog\/wp-json\/wp\/v2\/posts\/34797\/revisions"}],"predecessor-version":[{"id":34801,"href":"http:\/\/blogdalucianaoliveira.com.br\/blog\/wp-json\/wp\/v2\/posts\/34797\/revisions\/34801"}],"wp:attachment":[{"href":"http:\/\/blogdalucianaoliveira.com.br\/blog\/wp-json\/wp\/v2\/media?parent=34797"}],"wp:term":[{"taxonomy":"category","embeddable":true,"href":"http:\/\/blogdalucianaoliveira.com.br\/blog\/wp-json\/wp\/v2\/categories?post=34797"},{"taxonomy":"post_tag","embeddable":true,"href":"http:\/\/blogdalucianaoliveira.com.br\/blog\/wp-json\/wp\/v2\/tags?post=34797"}],"curies":[{"name":"wp","href":"https:\/\/api.w.org\/{rel}","templated":true}]}}