{"id":34817,"date":"2024-03-30T19:59:02","date_gmt":"2024-03-30T23:59:02","guid":{"rendered":"https:\/\/blogdalucianaoliveira.com.br\/blog\/?p=34817"},"modified":"2024-03-30T19:59:02","modified_gmt":"2024-03-30T23:59:02","slug":"no-aniversario-de-60-anos-do-golpe-militar-frei-betto-afirma-jamais-esquecer","status":"publish","type":"post","link":"http:\/\/blogdalucianaoliveira.com.br\/blog\/2024\/03\/30\/no-aniversario-de-60-anos-do-golpe-militar-frei-betto-afirma-jamais-esquecer\/","title":{"rendered":"No anivers\u00e1rio de 60 anos do Golpe Militar, Frei Betto afirma: &#8216;Jamais Esquecer&#8217;"},"content":{"rendered":"<p><img data-recalc-dims=\"1\" decoding=\"async\" src=\"https:\/\/i0.wp.com\/images02.brasildefato.com.br\/4f9ec7069b89a3ace6c6070a88f27aed.webp?w=600&#038;ssl=1\" \/><\/p>\n<p>&nbsp;<\/p>\n<h2 class=\"description\">Bem Viver na TV traz entrevista com o frade dominicano que \u00e9 um s\u00edmbolo de resist\u00eancia \u00e0 ditadura militar<\/h2>\n<p><!--more--><\/p>\n<div class=\"details-bar\">\n<div class=\"author-time\">\n<div class=\"author\"><strong>Brasil de Fato<\/strong> &#8211; H\u00e1 60 anos, em <a href=\"https:\/\/www.brasildefato.com.br\/2024\/03\/28\/60-anos-do-golpe-brasil-nao-fez-acerto-de-contas-com-o-passado-e-vive-com-legados-da-ditadura\" target=\"_blank\" rel=\"noopener\">31 de mar\u00e7o de 1964<\/a>, o Brasil entrava em um longo per\u00edodo sem democracia. Uma fase em que a liberdade foi trocada por censura, o di\u00e1logo por opress\u00e3o, e a verdade por tortura.<\/div>\n<div>\n<div class=\"ads-banner ads-banner-general article_1 ads-desktop\" data-name=\"DESENROLA - COMPLEMENTAR MINIST\u00c9RIOS DAS COMUNICA\u00c7\u00d5ES\" data-start-date=\"2024-01-08\" data-end-date=\"2024-02-29\">\n<p>Foram 21 anos de chumbo. Mas, se a ditadura militar durou muito, ela n\u00e3o amedrontou as milhares de pessoas que lutaram para combat\u00ea-la, nos mais diversos campos.<\/p>\n<p>Uma das figuras emblem\u00e1ticas nesse sentido \u00e9 Frei Betto, frade dominicano e escritor multipremiado que foi preso duas vezes durante esse per\u00edodo.<\/p>\n<p>Numa entrevista especial para o\u00a0<em>Bem Viver na TV<\/em>, produ\u00e7\u00e3o do\u00a0<strong>Brasil de Fato<\/strong>, ele conversou sobre a import\u00e2ncia de manter a mem\u00f3ria viva:\u00a0&#8220;Jamais esquecer. Jamais. Porque, quando se esquece o passado, corre-se o risco de repetir no presente aquele passado como projeto de futuro. Ent\u00e3o, n\u00e3o podemos de maneira alguma\u00a0<a href=\"https:\/\/www.brasildefato.com.br\/2024\/03\/21\/lula-e-incoerente-com-a-questao-da-ditadura-diz-historiador-as-vesperas-dos-60-anos-do-golpe-militar\" target=\"_blank\" rel=\"noopener\">abrir m\u00e3o de comemorar essas efem\u00e9rides<\/a>. E comemorar no sentido etimol\u00f3gico do verbo, que \u00e9 fazer mem\u00f3ria. N\u00e3o confundir com celebrar. N\u00f3s temos que comemorar o golpe militar de 1964. Isso \u00e9 fundamental para que n\u00e3o se repita, para que se crie uma cultura da indigna\u00e7\u00e3o. Para que as pessoas se sintam totalmente impossibilitadas de repetir ou aderir a quem repete essas trag\u00e9dias&#8221;, afirma.<\/p>\n<p><iframe loading=\"lazy\" title=\"YouTube video player\" src=\"https:\/\/www.youtube.com\/embed\/8BGsGIFD4Xs?si=1PFZcb6HhlQqMAZe\" width=\"560\" height=\"315\" frameborder=\"0\" allowfullscreen=\"allowfullscreen\"><\/iframe><\/p>\n<p>Frei Betto ainda comenta sobre a rela\u00e7\u00e3o entre religi\u00e3o e pol\u00edtica.\u00a0&#8220;Religi\u00e3o, como a pol\u00edtica, serve para libertar e para oprimir. Depende de como \u00e9 aplicada.\u00a0A direita descobriu isso, que a religi\u00e3o \u00e9 um fator forte de domestica\u00e7\u00e3o e mobiliza\u00e7\u00e3o popular. Para n\u00f3s, progressistas, a religi\u00e3o deveria ser aquilo que foi na pr\u00e1tica de Jesus e dos seus ap\u00f3stolos, um fator de liberta\u00e7\u00e3o e despertar da consci\u00eancia cr\u00edtica. Ent\u00e3o, \u00e9 preciso levar a s\u00e9rio um trabalho pol\u00edtico com a esfera religiosa, evitando dois grandes riscos: a confessionaliza\u00e7\u00e3o da pol\u00edtica, como queria o Bolsonaro, e a partidariza\u00e7\u00e3o da religi\u00e3o&#8221;, finaliza.<\/p>\n<p>Nesta edi\u00e7\u00e3o, o\u00a0<em>Bem Viver<\/em>\u00a0ainda tem mais destaques, como a reportagem sobre o encontro da Teia dos Povos, que reuniu mulheres das \u00e1guas, da terra, do campo e das florestas na Bahia. O programa tamb\u00e9m mostra como lideran\u00e7as da Amaz\u00f4nia est\u00e3o se preparando para participar da\u00a0<a href=\"https:\/\/www.brasildefato.com.br\/2023\/12\/03\/movimentos-entregam-carta-a-lula-com-proposta-de-cupula-dos-povos-na-cop30\" target=\"_blank\" rel=\"noopener\">COP30<\/a>.<\/p>\n<p>E ainda tem uma receita de reaproveitamento no quadro Comida de Verdade: a chef Gema Soto ensina o bolinho de talos, cascas e folhas.<\/p>\n<p class=\"ckeditor-subtitle\"><strong>Quando e onde assistir?\u00a0<\/strong><\/p>\n<p>No YouTube do Brasil de Fato todo s\u00e1bado \u00e0s 13h30, tem programa in\u00e9dito. Basta clicar aqui.<\/p>\n<p>Na TVT: s\u00e1bado \u00e0s 13h; com reprise domingo \u00e0s 6h30 e ter\u00e7a-feira \u00e0s 20h no canal 44.1 \u2013 sinal digital HD aberto na Grande S\u00e3o Paulo e canal 512 NET HD-ABC.<\/p>\n<p>Na TV Brasil (EBC), segunda-feira \u00e0s 6h30.<\/p>\n<p>Na TVCom Macei\u00f3: s\u00e1bado \u00e0s 10h30, com reprise domingo \u00e0s 10h, no canal 12 da NET.<\/p>\n<p>Na TV Floripa: s\u00e1bado \u00e0s 13h30, reprises ao longo da programa\u00e7\u00e3o, no canal 12 da NET.<\/p>\n<p>Na TVU Recife: s\u00e1bados \u00e0s 12h30, com reprise ter\u00e7a-feira \u00e0s 21h, no canal 40 UHF digital.<\/p>\n<p>Na TVE Bahia: s\u00e1bado \u00e0s 12h30, com reprise quinta-feira \u00e0s 7h30, no canal 30 (7.1 no aparelho) do sinal digital.<\/p>\n<p>Na UnBTV: sextas-feiras \u00e0s 10h30 e 16h30, em Bras\u00edlia no Canal 15 da NET.<\/p>\n<p>TV UFMA Maranh\u00e3o: quinta-feira \u00e0s 10h40, no canal aberto 16.1, Sky 316, TVN 16 e Claro 17.<\/p>\n<p><strong>Sintonize<\/strong><\/p>\n<p>No r\u00e1dio, o\u00a0<a href=\"https:\/\/www.brasildefato.com.br\/radioagencia\/podcasts\/bem-viver\">programa Bem Viver<\/a>\u00a0vai ao ar de segunda a sexta-feira, das 11h \u00e0s 12h, com reprise aos domingos, \u00e0s 10h, na R\u00e1dio Brasil Atual. A sintonia \u00e9 98,9 FM na Grande S\u00e3o Paulo e 93,3 FM na Baixada Santista.<\/p>\n<p>O programa tamb\u00e9m \u00e9 transmitido pela R\u00e1dio Brasil de Fato, das 11h \u00e0s 12h, de segunda a sexta-feira. O programa Bem Viver tamb\u00e9m est\u00e1 nas plataformas Spotify, Google Podcasts, Itunes, Pocket Casts e Deezer.<\/p>\n<p class=\"editor\">Edi\u00e7\u00e3o: Nicolau Soares<\/p>\n<\/div>\n<\/div>\n<\/div>\n<\/div>\n","protected":false},"excerpt":{"rendered":"<p>&nbsp; Bem Viver na TV traz entrevista com o frade dominicano que \u00e9 um s\u00edmbolo de resist\u00eancia \u00e0 ditadura militar<\/p>\n","protected":false},"author":1,"featured_media":0,"comment_status":"closed","ping_status":"open","sticky":false,"template":"","format":"standard","meta":{"_exactmetrics_skip_tracking":false,"_exactmetrics_sitenote_active":false,"_exactmetrics_sitenote_note":"","_exactmetrics_sitenote_category":0,"jetpack_post_was_ever_published":false,"_jetpack_newsletter_access":"","_jetpack_dont_email_post_to_subs":false,"_jetpack_newsletter_tier_id":0,"_jetpack_memberships_contains_paywalled_content":false,"_jetpack_memberships_contains_paid_content":false,"footnotes":"","jetpack_publicize_message":"","jetpack_publicize_feature_enabled":true,"jetpack_social_post_already_shared":true,"jetpack_social_options":{"image_generator_settings":{"template":"highway","enabled":false},"version":2}},"categories":[1],"tags":[325,885,39],"class_list":["post-34817","post","type-post","status-publish","format-standard","hentry","category-notas","tag-ditadura","tag-frei-betto","tag-golpe"],"jetpack_publicize_connections":[],"jetpack_sharing_enabled":true,"jetpack_featured_media_url":"","jetpack_shortlink":"https:\/\/wp.me\/p7wKYW-93z","jetpack-related-posts":[],"_links":{"self":[{"href":"http:\/\/blogdalucianaoliveira.com.br\/blog\/wp-json\/wp\/v2\/posts\/34817","targetHints":{"allow":["GET"]}}],"collection":[{"href":"http:\/\/blogdalucianaoliveira.com.br\/blog\/wp-json\/wp\/v2\/posts"}],"about":[{"href":"http:\/\/blogdalucianaoliveira.com.br\/blog\/wp-json\/wp\/v2\/types\/post"}],"author":[{"embeddable":true,"href":"http:\/\/blogdalucianaoliveira.com.br\/blog\/wp-json\/wp\/v2\/users\/1"}],"replies":[{"embeddable":true,"href":"http:\/\/blogdalucianaoliveira.com.br\/blog\/wp-json\/wp\/v2\/comments?post=34817"}],"version-history":[{"count":2,"href":"http:\/\/blogdalucianaoliveira.com.br\/blog\/wp-json\/wp\/v2\/posts\/34817\/revisions"}],"predecessor-version":[{"id":34819,"href":"http:\/\/blogdalucianaoliveira.com.br\/blog\/wp-json\/wp\/v2\/posts\/34817\/revisions\/34819"}],"wp:attachment":[{"href":"http:\/\/blogdalucianaoliveira.com.br\/blog\/wp-json\/wp\/v2\/media?parent=34817"}],"wp:term":[{"taxonomy":"category","embeddable":true,"href":"http:\/\/blogdalucianaoliveira.com.br\/blog\/wp-json\/wp\/v2\/categories?post=34817"},{"taxonomy":"post_tag","embeddable":true,"href":"http:\/\/blogdalucianaoliveira.com.br\/blog\/wp-json\/wp\/v2\/tags?post=34817"}],"curies":[{"name":"wp","href":"https:\/\/api.w.org\/{rel}","templated":true}]}}