{"id":34824,"date":"2024-04-01T16:07:15","date_gmt":"2024-04-01T20:07:15","guid":{"rendered":"http:\/\/blogdalucianaoliveira.com.br\/blog\/?p=34824"},"modified":"2024-04-01T16:07:15","modified_gmt":"2024-04-01T20:07:15","slug":"dia-da-mentira-bolsonaro-espalhou-6-676-fake-news-durante-seu-governo","status":"publish","type":"post","link":"http:\/\/blogdalucianaoliveira.com.br\/blog\/2024\/04\/01\/dia-da-mentira-bolsonaro-espalhou-6-676-fake-news-durante-seu-governo\/","title":{"rendered":"Dia da Mentira: Bolsonaro espalhou 6.676 fake news durante seu governo"},"content":{"rendered":"<p><img data-recalc-dims=\"1\" loading=\"lazy\" decoding=\"async\" data-attachment-id=\"34825\" data-permalink=\"http:\/\/blogdalucianaoliveira.com.br\/blog\/2024\/04\/01\/dia-da-mentira-bolsonaro-espalhou-6-676-fake-news-durante-seu-governo\/img_1137\/\" data-orig-file=\"https:\/\/i0.wp.com\/blogdalucianaoliveira.com.br\/blog\/wp-content\/uploads\/2024\/04\/IMG_1137.webp?fit=984%2C671\" data-orig-size=\"984,671\" data-comments-opened=\"0\" data-image-meta=\"{&quot;aperture&quot;:&quot;0&quot;,&quot;credit&quot;:&quot;&quot;,&quot;camera&quot;:&quot;&quot;,&quot;caption&quot;:&quot;&quot;,&quot;created_timestamp&quot;:&quot;0&quot;,&quot;copyright&quot;:&quot;&quot;,&quot;focal_length&quot;:&quot;0&quot;,&quot;iso&quot;:&quot;0&quot;,&quot;shutter_speed&quot;:&quot;0&quot;,&quot;title&quot;:&quot;&quot;,&quot;orientation&quot;:&quot;0&quot;}\" data-image-title=\"IMG_1137\" data-image-description=\"\" data-image-caption=\"\" data-medium-file=\"https:\/\/i0.wp.com\/blogdalucianaoliveira.com.br\/blog\/wp-content\/uploads\/2024\/04\/IMG_1137.webp?fit=300%2C205\" data-large-file=\"https:\/\/i0.wp.com\/blogdalucianaoliveira.com.br\/blog\/wp-content\/uploads\/2024\/04\/IMG_1137.webp?fit=600%2C409\" class=\"alignnone size-full wp-image-34825\" src=\"https:\/\/i0.wp.com\/blogdalucianaoliveira.com.br\/blog\/wp-content\/uploads\/2024\/04\/IMG_1137.webp?resize=600%2C409\" alt=\"\" width=\"600\" height=\"409\" srcset=\"https:\/\/i0.wp.com\/blogdalucianaoliveira.com.br\/blog\/wp-content\/uploads\/2024\/04\/IMG_1137.webp?w=984 984w, https:\/\/i0.wp.com\/blogdalucianaoliveira.com.br\/blog\/wp-content\/uploads\/2024\/04\/IMG_1137.webp?resize=300%2C205 300w, https:\/\/i0.wp.com\/blogdalucianaoliveira.com.br\/blog\/wp-content\/uploads\/2024\/04\/IMG_1137.webp?resize=768%2C524 768w, https:\/\/i0.wp.com\/blogdalucianaoliveira.com.br\/blog\/wp-content\/uploads\/2024\/04\/IMG_1137.webp?resize=440%2C300 440w\" sizes=\"auto, (max-width: 600px) 100vw, 600px\" \/><\/p>\n<p><strong>DCM<\/strong> &#8211; Nesta segunda (1), o Brasil e outros pa\u00edses celebram o Dia da Mentira, data tradicionalmente conhecida pela dissemina\u00e7\u00e3o de boatos falsos. Uma das pessoas que mais deve se aproveitar da data \u00e9 o ex-presidente Jair Bolsonaro, que usou a desinforma\u00e7\u00e3o como uma arma durante seus quatro anos como mandat\u00e1rio do pa\u00eds.<!--more--><\/p>\n<p>Segundo levantamento realizado pelo site Aos Fatos, o ex-presidente mentiu mais de quatro vezes por dia durante seu governo. Entre 2019 e o fim de 2022, ele fez 6.676 declara\u00e7\u00f5es falsas ou distorcidas, o que totaliza uma m\u00e9dia de 4,58 mentiras por dia no per\u00edodo.<\/p>\n<p>Sua gest\u00e3o foi marcada pela pandemia de Covid-19, justamente um dos temas sobre os quais mais mentiu na Presid\u00eancia da Rep\u00fablica. Foram 2.511 declara\u00e7\u00f5es falsas sobre a crise sanit\u00e1ria, o que representa 37,61% do total.<\/p>\n<p>Economia (1.212), meio ambiente (354) e elei\u00e7\u00f5es (349) aparecem logo na sequ\u00eancia como os principais temas de fake news do ex-presidente.<\/p>\n<p>Uma das mentiras mais repetidas por Bolsonaro foi a de que n\u00e3o havia qualquer esc\u00e2ndalo de corrup\u00e7\u00e3o no governo, declara\u00e7\u00e3o que foi feito ao menos 249 vezes durante seu governo. Outras duas mentiras bastante repetidas pelo ex-presidente s\u00e3o dizer que o Supremo Tribunal Federal (STF) impediu o governo de atuar na pandemia (139 vezes) e que sua gest\u00e3o sempre se preocupou igualmente com medidas econ\u00f4micas e sanit\u00e1rias (115 vezes).<\/p>\n<p>Segundo o levantamento do Aos Fatos, Bolsonaro usou principalmente entrevistas para espalhar mentiras, com 781 delas sendo veiculadas dessa forma. Na sequ\u00eancia, aparecem discursos (564), lives (249), debates (89) e redes sociais (80).<\/p>\n","protected":false},"excerpt":{"rendered":"<p>DCM &#8211; Nesta segunda (1), o Brasil e outros pa\u00edses celebram o Dia da Mentira, data tradicionalmente conhecida pela dissemina\u00e7\u00e3o de boatos falsos. Uma das pessoas que mais deve se aproveitar da data \u00e9 o ex-presidente Jair Bolsonaro, que usou a desinforma\u00e7\u00e3o como uma arma durante seus quatro anos como mandat\u00e1rio do pa\u00eds.<\/p>\n","protected":false},"author":1,"featured_media":0,"comment_status":"closed","ping_status":"open","sticky":false,"template":"","format":"standard","meta":{"_exactmetrics_skip_tracking":false,"_exactmetrics_sitenote_active":false,"_exactmetrics_sitenote_note":"","_exactmetrics_sitenote_category":0,"jetpack_post_was_ever_published":false,"_jetpack_newsletter_access":"","_jetpack_dont_email_post_to_subs":false,"_jetpack_newsletter_tier_id":0,"_jetpack_memberships_contains_paywalled_content":false,"_jetpack_memberships_contains_paid_content":false,"footnotes":"","jetpack_publicize_message":"","jetpack_publicize_feature_enabled":true,"jetpack_social_post_already_shared":true,"jetpack_social_options":{"image_generator_settings":{"template":"highway","enabled":false},"version":2}},"categories":[1],"tags":[53,457,368],"class_list":["post-34824","post","type-post","status-publish","format-standard","hentry","category-notas","tag-bolsonaro","tag-dia-da-mentira","tag-fakenews"],"jetpack_publicize_connections":[],"jetpack_sharing_enabled":true,"jetpack_featured_media_url":"","jetpack_shortlink":"https:\/\/wp.me\/p7wKYW-93G","jetpack-related-posts":[],"_links":{"self":[{"href":"http:\/\/blogdalucianaoliveira.com.br\/blog\/wp-json\/wp\/v2\/posts\/34824","targetHints":{"allow":["GET"]}}],"collection":[{"href":"http:\/\/blogdalucianaoliveira.com.br\/blog\/wp-json\/wp\/v2\/posts"}],"about":[{"href":"http:\/\/blogdalucianaoliveira.com.br\/blog\/wp-json\/wp\/v2\/types\/post"}],"author":[{"embeddable":true,"href":"http:\/\/blogdalucianaoliveira.com.br\/blog\/wp-json\/wp\/v2\/users\/1"}],"replies":[{"embeddable":true,"href":"http:\/\/blogdalucianaoliveira.com.br\/blog\/wp-json\/wp\/v2\/comments?post=34824"}],"version-history":[{"count":1,"href":"http:\/\/blogdalucianaoliveira.com.br\/blog\/wp-json\/wp\/v2\/posts\/34824\/revisions"}],"predecessor-version":[{"id":34826,"href":"http:\/\/blogdalucianaoliveira.com.br\/blog\/wp-json\/wp\/v2\/posts\/34824\/revisions\/34826"}],"wp:attachment":[{"href":"http:\/\/blogdalucianaoliveira.com.br\/blog\/wp-json\/wp\/v2\/media?parent=34824"}],"wp:term":[{"taxonomy":"category","embeddable":true,"href":"http:\/\/blogdalucianaoliveira.com.br\/blog\/wp-json\/wp\/v2\/categories?post=34824"},{"taxonomy":"post_tag","embeddable":true,"href":"http:\/\/blogdalucianaoliveira.com.br\/blog\/wp-json\/wp\/v2\/tags?post=34824"}],"curies":[{"name":"wp","href":"https:\/\/api.w.org\/{rel}","templated":true}]}}