{"id":34847,"date":"2024-04-03T18:48:04","date_gmt":"2024-04-03T22:48:04","guid":{"rendered":"http:\/\/blogdalucianaoliveira.com.br\/blog\/?p=34847"},"modified":"2024-04-03T18:48:04","modified_gmt":"2024-04-03T22:48:04","slug":"abril-indigena-em-porto-velho-ro-mpf-promove-simposio-sobre-povos-indigenas","status":"publish","type":"post","link":"http:\/\/blogdalucianaoliveira.com.br\/blog\/2024\/04\/03\/abril-indigena-em-porto-velho-ro-mpf-promove-simposio-sobre-povos-indigenas\/","title":{"rendered":"Abril Ind\u00edgena: Em Porto Velho (RO), MPF promove Simp\u00f3sio sobre povos ind\u00edgenas"},"content":{"rendered":"<div><\/div>\n<div class=\"img\">\n<p align=\"justify\"><img data-recalc-dims=\"1\" loading=\"lazy\" decoding=\"async\" data-attachment-id=\"34848\" data-permalink=\"http:\/\/blogdalucianaoliveira.com.br\/blog\/2024\/04\/03\/abril-indigena-em-porto-velho-ro-mpf-promove-simposio-sobre-povos-indigenas\/img_1191\/\" data-orig-file=\"https:\/\/i0.wp.com\/blogdalucianaoliveira.com.br\/blog\/wp-content\/uploads\/2024\/04\/IMG_1191.jpeg?fit=1043%2C703\" data-orig-size=\"1043,703\" data-comments-opened=\"0\" data-image-meta=\"{&quot;aperture&quot;:&quot;0&quot;,&quot;credit&quot;:&quot;&quot;,&quot;camera&quot;:&quot;&quot;,&quot;caption&quot;:&quot;&quot;,&quot;created_timestamp&quot;:&quot;0&quot;,&quot;copyright&quot;:&quot;&quot;,&quot;focal_length&quot;:&quot;0&quot;,&quot;iso&quot;:&quot;0&quot;,&quot;shutter_speed&quot;:&quot;0&quot;,&quot;title&quot;:&quot;&quot;,&quot;orientation&quot;:&quot;1&quot;}\" data-image-title=\"IMG_1191\" data-image-description=\"\" data-image-caption=\"\" data-medium-file=\"https:\/\/i0.wp.com\/blogdalucianaoliveira.com.br\/blog\/wp-content\/uploads\/2024\/04\/IMG_1191.jpeg?fit=300%2C202\" data-large-file=\"https:\/\/i0.wp.com\/blogdalucianaoliveira.com.br\/blog\/wp-content\/uploads\/2024\/04\/IMG_1191.jpeg?fit=600%2C404\" class=\"alignnone size-full wp-image-34848\" src=\"https:\/\/i0.wp.com\/blogdalucianaoliveira.com.br\/blog\/wp-content\/uploads\/2024\/04\/IMG_1191.jpeg?resize=600%2C404\" alt=\"\" width=\"600\" height=\"404\" srcset=\"https:\/\/i0.wp.com\/blogdalucianaoliveira.com.br\/blog\/wp-content\/uploads\/2024\/04\/IMG_1191.jpeg?w=1043 1043w, https:\/\/i0.wp.com\/blogdalucianaoliveira.com.br\/blog\/wp-content\/uploads\/2024\/04\/IMG_1191.jpeg?resize=300%2C202 300w, https:\/\/i0.wp.com\/blogdalucianaoliveira.com.br\/blog\/wp-content\/uploads\/2024\/04\/IMG_1191.jpeg?resize=1024%2C690 1024w, https:\/\/i0.wp.com\/blogdalucianaoliveira.com.br\/blog\/wp-content\/uploads\/2024\/04\/IMG_1191.jpeg?resize=768%2C518 768w, https:\/\/i0.wp.com\/blogdalucianaoliveira.com.br\/blog\/wp-content\/uploads\/2024\/04\/IMG_1191.jpeg?resize=445%2C300 445w\" sizes=\"auto, (max-width: 600px) 100vw, 600px\" \/><\/p>\n<p align=\"justify\">\nO m\u00eas de abril \u00e9 marcado por mobiliza\u00e7\u00f5es voltadas \u00e0 tem\u00e1tica dos povos origin\u00e1rios. O Abril Ind\u00edgena, como \u00e9 conhecido, \u00e9 dedicado a reflex\u00f5es e a\u00e7\u00f5es sobre os direitos destes brasileiros e a import\u00e2ncia de assegur\u00e1-los. Em Porto Velho (RO), o Minist\u00e9rio P\u00fablico Federal vai realizar o Simp\u00f3sio \u201cMPF e os povos ind\u00edgenas\u201d, no dia 16, das 14h \u00e0s 18h, no audit\u00f3rio do Minist\u00e9rio P\u00fablico do Trabalho (Avenida Presidente Dutra, 4055, Bairro Olaria).<\/p>\n<p align=\"justify\">O evento ter\u00e1 a participa\u00e7\u00e3o de lideran\u00e7as ind\u00edgenas e representantes de institui\u00e7\u00f5es p\u00fablicas para debater sobre a situa\u00e7\u00e3o dos povos em Rond\u00f4nia, suas perspectivas, desafios e pontos de vista. A atividade ser\u00e1 composta por dois pain\u00e9is e ter\u00e1 emiss\u00e3o de certificados aos participantes que se inscreverem pelo link\u00a0<a class=\"external-link\" title=\"\" href=\"https:\/\/forms.gle\/AKHYJfd2sSurt74w7\" target=\"_self\" rel=\"noopener\">https:\/\/forms.gle\/AKHYJfd2sSurt74w7<\/a>.<\/p>\n<p align=\"justify\">\u00a0<b>Confira a programa\u00e7\u00e3o.<\/b><\/p>\n<p align=\"justify\">\u00a013h30 \u2013 credenciamento<\/p>\n<p>14h -Painel \u201cMinist\u00e9rio Publico Federal e a Defesa dos Povos Ind\u00edgenas em Rond\u00f4nia\u201d<br \/>\nPainelistas:<br \/>\nRosa Guarasugwe \u2013 l\u00edder ind\u00edgena do povo Guarasugwe<br \/>\nLucinara Migueleno \u2013 l\u00edder ind\u00edgena do povo Migueleno<br \/>\nLeonardo Caberlon \u2013 procurador da Rep\u00fablica e procurador regional eleitoral<br \/>\nCaroline de F\u00e1tima Helpa \u2013 procuradora da Rep\u00fablica<br \/>\nMarco Teixeira \u2013 doutor em Ci\u00eancias do Desenvolvimento Socioambiental, professor do Departamento de Hist\u00f3ria da Universidade Federal de Rond\u00f4nia<\/p>\n<p>16h &#8211; Painel \u201cPovos ind\u00edgenas e elei\u00e7\u00f5es 2024\u201d<br \/>\nPainelistas:<br \/>\nMaria Leonice Tupari \u2013 l\u00edder ind\u00edgena do povo Tupari<br \/>\nFrancisco Oro Waram \u2013 vereador em Guajar\u00e1-Mirim<br \/>\nWen Cacami \u2013 vereador em Guajar\u00e1-Mirim<br \/>\nCaroline de F\u00e1tima Helpa \u2013 procuradora da Rep\u00fablica<br \/>\nLeonardo Trevizani Caberlon \u2013 procurador da Rep\u00fablica e procurador regional eleitoral<\/p>\n<div>\n<p class=\"western\" align=\"justify\">Assessoria de Comunica\u00e7\u00e3o<br \/>\nMinist\u00e9rio P\u00fablico Federal em Rond\u00f4nia<\/p>\n<\/div>\n<p class=\"discreet\">\n<\/div>\n<p>&nbsp;<\/p>\n<p>&nbsp;<\/p>\n<p align=\"justify\">\n","protected":false},"excerpt":{"rendered":"<p>O m\u00eas de abril \u00e9 marcado por mobiliza\u00e7\u00f5es voltadas \u00e0 tem\u00e1tica dos povos origin\u00e1rios. O Abril Ind\u00edgena, como \u00e9 conhecido, \u00e9 dedicado a reflex\u00f5es e a\u00e7\u00f5es sobre os direitos destes brasileiros e a import\u00e2ncia de assegur\u00e1-los. Em Porto Velho (RO), o Minist\u00e9rio P\u00fablico Federal vai realizar o Simp\u00f3sio \u201cMPF e os povos ind\u00edgenas\u201d, no dia&#8230;<a class=\"more-link\" href=\"http:\/\/blogdalucianaoliveira.com.br\/blog\/2024\/04\/03\/abril-indigena-em-porto-velho-ro-mpf-promove-simposio-sobre-povos-indigenas\/\">Continue a leitura <span class=\"meta-nav\">&raquo;<\/span><\/a><\/p>\n","protected":false},"author":1,"featured_media":0,"comment_status":"closed","ping_status":"open","sticky":false,"template":"","format":"standard","meta":{"_exactmetrics_skip_tracking":false,"_exactmetrics_sitenote_active":false,"_exactmetrics_sitenote_note":"","_exactmetrics_sitenote_category":0,"jetpack_post_was_ever_published":false,"_jetpack_newsletter_access":"","_jetpack_dont_email_post_to_subs":false,"_jetpack_newsletter_tier_id":0,"_jetpack_memberships_contains_paywalled_content":false,"_jetpack_memberships_contains_paid_content":false,"footnotes":"","jetpack_publicize_message":"","jetpack_publicize_feature_enabled":true,"jetpack_social_post_already_shared":true,"jetpack_social_options":{"image_generator_settings":{"template":"highway","enabled":false},"version":2}},"categories":[1],"tags":[889,238,703],"class_list":["post-34847","post","type-post","status-publish","format-standard","hentry","category-notas","tag-abril-indigena","tag-mpf","tag-povos-originarios"],"jetpack_publicize_connections":[],"jetpack_sharing_enabled":true,"jetpack_featured_media_url":"","jetpack_shortlink":"https:\/\/wp.me\/p7wKYW-943","jetpack-related-posts":[],"_links":{"self":[{"href":"http:\/\/blogdalucianaoliveira.com.br\/blog\/wp-json\/wp\/v2\/posts\/34847","targetHints":{"allow":["GET"]}}],"collection":[{"href":"http:\/\/blogdalucianaoliveira.com.br\/blog\/wp-json\/wp\/v2\/posts"}],"about":[{"href":"http:\/\/blogdalucianaoliveira.com.br\/blog\/wp-json\/wp\/v2\/types\/post"}],"author":[{"embeddable":true,"href":"http:\/\/blogdalucianaoliveira.com.br\/blog\/wp-json\/wp\/v2\/users\/1"}],"replies":[{"embeddable":true,"href":"http:\/\/blogdalucianaoliveira.com.br\/blog\/wp-json\/wp\/v2\/comments?post=34847"}],"version-history":[{"count":1,"href":"http:\/\/blogdalucianaoliveira.com.br\/blog\/wp-json\/wp\/v2\/posts\/34847\/revisions"}],"predecessor-version":[{"id":34849,"href":"http:\/\/blogdalucianaoliveira.com.br\/blog\/wp-json\/wp\/v2\/posts\/34847\/revisions\/34849"}],"wp:attachment":[{"href":"http:\/\/blogdalucianaoliveira.com.br\/blog\/wp-json\/wp\/v2\/media?parent=34847"}],"wp:term":[{"taxonomy":"category","embeddable":true,"href":"http:\/\/blogdalucianaoliveira.com.br\/blog\/wp-json\/wp\/v2\/categories?post=34847"},{"taxonomy":"post_tag","embeddable":true,"href":"http:\/\/blogdalucianaoliveira.com.br\/blog\/wp-json\/wp\/v2\/tags?post=34847"}],"curies":[{"name":"wp","href":"https:\/\/api.w.org\/{rel}","templated":true}]}}