{"id":3485,"date":"2016-08-28T10:12:20","date_gmt":"2016-08-28T14:12:20","guid":{"rendered":"http:\/\/blogdalucianaoliveira.com.br\/blog\/?p=3485"},"modified":"2016-08-28T10:12:20","modified_gmt":"2016-08-28T14:12:20","slug":"verissimo-brasileiros-foram-feitos-de-palhacos","status":"publish","type":"post","link":"http:\/\/blogdalucianaoliveira.com.br\/blog\/2016\/08\/28\/verissimo-brasileiros-foram-feitos-de-palhacos\/","title":{"rendered":"VERISSIMO: BRASILEIROS FORAM FEITOS DE PALHA\u00c7OS"},"content":{"rendered":"<p><img data-recalc-dims=\"1\" loading=\"lazy\" decoding=\"async\" data-attachment-id=\"3486\" data-permalink=\"http:\/\/blogdalucianaoliveira.com.br\/blog\/2016\/08\/28\/verissimo-brasileiros-foram-feitos-de-palhacos\/vero\/\" data-orig-file=\"https:\/\/i0.wp.com\/blogdalucianaoliveira.com.br\/blog\/wp-content\/uploads\/2016\/08\/vero.jpg?fit=1000%2C357\" data-orig-size=\"1000,357\" data-comments-opened=\"0\" data-image-meta=\"{&quot;aperture&quot;:&quot;0&quot;,&quot;credit&quot;:&quot;&quot;,&quot;camera&quot;:&quot;&quot;,&quot;caption&quot;:&quot;&quot;,&quot;created_timestamp&quot;:&quot;0&quot;,&quot;copyright&quot;:&quot;&quot;,&quot;focal_length&quot;:&quot;0&quot;,&quot;iso&quot;:&quot;0&quot;,&quot;shutter_speed&quot;:&quot;0&quot;,&quot;title&quot;:&quot;&quot;,&quot;orientation&quot;:&quot;0&quot;}\" data-image-title=\"vero\" data-image-description=\"\" data-image-caption=\"\" data-medium-file=\"https:\/\/i0.wp.com\/blogdalucianaoliveira.com.br\/blog\/wp-content\/uploads\/2016\/08\/vero.jpg?fit=300%2C107\" data-large-file=\"https:\/\/i0.wp.com\/blogdalucianaoliveira.com.br\/blog\/wp-content\/uploads\/2016\/08\/vero.jpg?fit=600%2C214\" src=\"https:\/\/i0.wp.com\/blogdalucianaoliveira.com.br\/blog\/wp-content\/uploads\/2016\/08\/vero.jpg?resize=600%2C214\" alt=\"vero\" width=\"600\" height=\"214\" class=\"alignnone size-full wp-image-3486\" srcset=\"https:\/\/i0.wp.com\/blogdalucianaoliveira.com.br\/blog\/wp-content\/uploads\/2016\/08\/vero.jpg?w=1000 1000w, https:\/\/i0.wp.com\/blogdalucianaoliveira.com.br\/blog\/wp-content\/uploads\/2016\/08\/vero.jpg?resize=300%2C107 300w, https:\/\/i0.wp.com\/blogdalucianaoliveira.com.br\/blog\/wp-content\/uploads\/2016\/08\/vero.jpg?resize=768%2C274 768w, https:\/\/i0.wp.com\/blogdalucianaoliveira.com.br\/blog\/wp-content\/uploads\/2016\/08\/vero.jpg?resize=800%2C286 800w\" sizes=\"auto, (max-width: 600px) 100vw, 600px\" \/><\/p>\n<p>247 \u2013 A tragicom\u00e9dia brasileira de 2016, em que a presidente honesta \u00e9 afastada por pol\u00edticos corruptos, por meio de um golpe parlamentar, foi retratada pelo escritor Luis Fernando Verissimo, no artigo Ri, palha\u00e7o.<!--more--><\/p>\n<p>&#8220;Depois da prov\u00e1vel cassa\u00e7\u00e3o da Dilma pelo Senado, ainda falta um ato para que se possa dizer que la commedia \u00e8 finita: a absolvi\u00e7\u00e3o do Eduardo Cunha. Nossa situa\u00e7\u00e3o \u00e9 como a \u00f3pera \u201cPagliacci\u201d, uma tragicom\u00e9dia, burlesca e triste ao mesmo tempo. E acaba mal&#8221;, diz ele.<\/p>\n<p>&#8220;O Eduardo Cunha pode ganhar mais tempo antes de ser julgado, tempo para o corporativismo aflorar, e os parlamentares se darem conta do que est\u00e3o fazendo, punindo o homem que, afinal, \u00e9 o her\u00f3i do impeachment. Foi dele que partiu o processo que est\u00e1 chegando ao seu fim previs\u00edvel agora. Pela l\u00f3gica destes dias, depois da cassa\u00e7\u00e3o da Dilma, o passo seguinte \u00f3bvio seria condecorarem o Eduardo Cunha. Manifestantes: \u00e0s ruas para pedir justi\u00e7a para Eduardo Cunha!&#8221;<\/p>\n<p>Verissimo faz ainda um lembrete: &#8220;evite olhar-se no espelho e descobrir que, nesta \u00f3pera, o palha\u00e7o somos n\u00f3s.&#8221;<\/p>\n<p>Neste fim se semana, Le Monde e New York Times ridicularizam o Brasil. No jornal franc\u00eas, o impeachment foi chamado de golpe ou farsa (leia aqui). No NYT, Dilma \u00e9 devorada por ratos (aqui).<\/p>\n","protected":false},"excerpt":{"rendered":"<p>247 \u2013 A tragicom\u00e9dia brasileira de 2016, em que a presidente honesta \u00e9 afastada por pol\u00edticos corruptos, por meio de um golpe parlamentar, foi retratada pelo escritor Luis Fernando Verissimo, no artigo Ri, palha\u00e7o.<\/p>\n","protected":false},"author":1,"featured_media":0,"comment_status":"closed","ping_status":"open","sticky":false,"template":"","format":"standard","meta":{"_exactmetrics_skip_tracking":false,"_exactmetrics_sitenote_active":false,"_exactmetrics_sitenote_note":"","_exactmetrics_sitenote_category":0,"jetpack_post_was_ever_published":false,"_jetpack_newsletter_access":"","_jetpack_dont_email_post_to_subs":false,"_jetpack_newsletter_tier_id":0,"_jetpack_memberships_contains_paywalled_content":false,"_jetpack_memberships_contains_paid_content":false,"footnotes":"","jetpack_publicize_message":"","jetpack_publicize_feature_enabled":true,"jetpack_social_post_already_shared":true,"jetpack_social_options":{"image_generator_settings":{"template":"highway","enabled":false},"version":2}},"categories":[1],"tags":[],"class_list":["post-3485","post","type-post","status-publish","format-standard","hentry","category-notas"],"jetpack_publicize_connections":[],"jetpack_sharing_enabled":true,"jetpack_featured_media_url":"","jetpack_shortlink":"https:\/\/wp.me\/p7wKYW-Ud","jetpack-related-posts":[],"_links":{"self":[{"href":"http:\/\/blogdalucianaoliveira.com.br\/blog\/wp-json\/wp\/v2\/posts\/3485","targetHints":{"allow":["GET"]}}],"collection":[{"href":"http:\/\/blogdalucianaoliveira.com.br\/blog\/wp-json\/wp\/v2\/posts"}],"about":[{"href":"http:\/\/blogdalucianaoliveira.com.br\/blog\/wp-json\/wp\/v2\/types\/post"}],"author":[{"embeddable":true,"href":"http:\/\/blogdalucianaoliveira.com.br\/blog\/wp-json\/wp\/v2\/users\/1"}],"replies":[{"embeddable":true,"href":"http:\/\/blogdalucianaoliveira.com.br\/blog\/wp-json\/wp\/v2\/comments?post=3485"}],"version-history":[{"count":1,"href":"http:\/\/blogdalucianaoliveira.com.br\/blog\/wp-json\/wp\/v2\/posts\/3485\/revisions"}],"predecessor-version":[{"id":3487,"href":"http:\/\/blogdalucianaoliveira.com.br\/blog\/wp-json\/wp\/v2\/posts\/3485\/revisions\/3487"}],"wp:attachment":[{"href":"http:\/\/blogdalucianaoliveira.com.br\/blog\/wp-json\/wp\/v2\/media?parent=3485"}],"wp:term":[{"taxonomy":"category","embeddable":true,"href":"http:\/\/blogdalucianaoliveira.com.br\/blog\/wp-json\/wp\/v2\/categories?post=3485"},{"taxonomy":"post_tag","embeddable":true,"href":"http:\/\/blogdalucianaoliveira.com.br\/blog\/wp-json\/wp\/v2\/tags?post=3485"}],"curies":[{"name":"wp","href":"https:\/\/api.w.org\/{rel}","templated":true}]}}