{"id":34851,"date":"2024-04-04T12:24:08","date_gmt":"2024-04-04T16:24:08","guid":{"rendered":"http:\/\/blogdalucianaoliveira.com.br\/blog\/?p=34851"},"modified":"2024-04-04T12:24:08","modified_gmt":"2024-04-04T16:24:08","slug":"aumento-global-no-desmatamento-anula-resultados-positivos-do-brasil","status":"publish","type":"post","link":"http:\/\/blogdalucianaoliveira.com.br\/blog\/2024\/04\/04\/aumento-global-no-desmatamento-anula-resultados-positivos-do-brasil\/","title":{"rendered":"Aumento global no desmatamento anula resultados positivos do Brasil"},"content":{"rendered":"<p><img data-recalc-dims=\"1\" loading=\"lazy\" decoding=\"async\" data-attachment-id=\"34852\" data-permalink=\"http:\/\/blogdalucianaoliveira.com.br\/blog\/2024\/04\/04\/aumento-global-no-desmatamento-anula-resultados-positivos-do-brasil\/img_1208\/\" data-orig-file=\"https:\/\/i0.wp.com\/blogdalucianaoliveira.com.br\/blog\/wp-content\/uploads\/2024\/04\/IMG_1208.jpeg?fit=800%2C450\" data-orig-size=\"800,450\" data-comments-opened=\"0\" data-image-meta=\"{&quot;aperture&quot;:&quot;0&quot;,&quot;credit&quot;:&quot;&quot;,&quot;camera&quot;:&quot;&quot;,&quot;caption&quot;:&quot;&quot;,&quot;created_timestamp&quot;:&quot;0&quot;,&quot;copyright&quot;:&quot;&quot;,&quot;focal_length&quot;:&quot;0&quot;,&quot;iso&quot;:&quot;0&quot;,&quot;shutter_speed&quot;:&quot;0&quot;,&quot;title&quot;:&quot;&quot;,&quot;orientation&quot;:&quot;0&quot;}\" data-image-title=\"IMG_1208\" data-image-description=\"\" data-image-caption=\"\" data-medium-file=\"https:\/\/i0.wp.com\/blogdalucianaoliveira.com.br\/blog\/wp-content\/uploads\/2024\/04\/IMG_1208.jpeg?fit=300%2C169\" data-large-file=\"https:\/\/i0.wp.com\/blogdalucianaoliveira.com.br\/blog\/wp-content\/uploads\/2024\/04\/IMG_1208.jpeg?fit=600%2C338\" class=\"alignnone size-full wp-image-34852\" src=\"https:\/\/i0.wp.com\/blogdalucianaoliveira.com.br\/blog\/wp-content\/uploads\/2024\/04\/IMG_1208.jpeg?resize=600%2C338\" alt=\"\" width=\"600\" height=\"338\" srcset=\"https:\/\/i0.wp.com\/blogdalucianaoliveira.com.br\/blog\/wp-content\/uploads\/2024\/04\/IMG_1208.jpeg?w=800 800w, https:\/\/i0.wp.com\/blogdalucianaoliveira.com.br\/blog\/wp-content\/uploads\/2024\/04\/IMG_1208.jpeg?resize=300%2C169 300w, https:\/\/i0.wp.com\/blogdalucianaoliveira.com.br\/blog\/wp-content\/uploads\/2024\/04\/IMG_1208.jpeg?resize=768%2C432 768w, https:\/\/i0.wp.com\/blogdalucianaoliveira.com.br\/blog\/wp-content\/uploads\/2024\/04\/IMG_1208.jpeg?resize=533%2C300 533w\" sizes=\"auto, (max-width: 600px) 100vw, 600px\" \/><\/p>\n<h2 class=\"description\">ONG ambientalista cita pa\u00eds como exemplo positivo, mas v\u00ea situa\u00e7\u00e3o alarmante na Bol\u00edvia, Laos, Nicar\u00e1gua e Canad\u00e1<\/h2>\n<p><!--more--><\/p>\n<div class=\"details-bar\">\n<div class=\"author-time\">\n<div class=\"author\">Murilo Pajolla<\/div>\n<div class=\"place-and-time\">\n<div class=\"place\">Brasil de Fato |<\/div>\n<div><\/div>\n<\/div>\n<div>A Global Forest Watch, plataforma que monitora o <a href=\"https:\/\/www.brasildefato.com.br\/2024\/04\/03\/grandes-projetos-da-ditadura-para-a-amazonia-nao-melhoraram-condicoes-de-vida-da-populacao\" target=\"_blank\" rel=\"noopener\">desmatamento<\/a> de florestas em tempo real por meio de imagens de sat\u00e9lite, constatou redu\u00e7\u00e3o significativa do desmatamento no Brasil e na Col\u00f4mbia em 2023 e apontou a efic\u00e1cia do engajamento de l\u00edderes governamentais e da execu\u00e7\u00e3o de pol\u00edticas p\u00fablicas fortes de preserva\u00e7\u00e3o ambiental.<\/div>\n<\/div>\n<div>\n<p>Apesar do progresso, a organiza\u00e7\u00e3o declarou que o mundo est\u00e1 longe de cumprir as metas de preserva\u00e7\u00e3o dos biomas para 2030, com os tr\u00f3picos perdendo uma \u00e1rea equivalente a 10 campos de futebol por minuto em 2023.<\/p>\n<div class=\"ads-banner ads-banner-general article_2 ads-mobile\" data-name=\"CAIXA ECONOMICA FEDERAL - BRASIL DE FATO\" data-start-date=\"2024-04-01\" data-end-date=\"2024-05-31\" data-gtm-vis-recent-on-screen177774704_3=\"76958\" data-gtm-vis-first-on-screen177774704_3=\"76959\" data-gtm-vis-total-visible-time177774704_3=\"100\" data-gtm-vis-has-fired177774704_3=\"1\">O Brasil e a <a href=\"https:\/\/www.brasildefato.com.br\/2024\/03\/26\/petro-avanca-nos-dialogos-com-guerrilhas-na-colombia-mas-herda-desconfianca-de-governos-anteriores-diz-especialista\" target=\"_blank\" rel=\"noopener\">Col\u00f4mbia<\/a> s\u00e3o apontados pela Global Forest Watch como exce\u00e7\u00f5es positivas, mas as taxas de desmatamento em pa\u00edses como Bol\u00edvia, Laos, Nicar\u00e1gua e Canad\u00e1 s\u00e3o consideradas alarmantes.<\/div>\n<\/div>\n<div data-name=\"CAIXA ECONOMICA FEDERAL - BRASIL DE FATO\" data-start-date=\"2024-04-01\" data-end-date=\"2024-05-31\" data-gtm-vis-recent-on-screen177774704_3=\"76958\" data-gtm-vis-first-on-screen177774704_3=\"76959\" data-gtm-vis-total-visible-time177774704_3=\"100\" data-gtm-vis-has-fired177774704_3=\"1\">\n<p>A an\u00e1lise foi divulgada nesta quinta-feira (4) com base em dados da Universidade de Maryland disponibilizados pela plataforma Global Forest Watch, fundada pelo World Resources Institute (WRI), ONG ambientalista fundada nos EUA.<\/p>\n<p class=\"ckeditor-subtitle\">Desmatamento global anulou progresso brasileiro<\/p>\n<p>Mikaela Weisse, diretora do Global Forest Watch, afirma o aumento do desmatamento em alguns pa\u00edses neutralizou o progresso global representado por Brasil e Col\u00f4mbia.<\/p>\n<p>&#8220;O mundo deu dois passos para frente e dois passos para tr\u00e1s quando se trata da perda de florestas do ano passado. As acentuadas quedas na Amaz\u00f4nia brasileira e na Col\u00f4mbia mostram que o progresso \u00e9 poss\u00edvel, mas o aumento do desmatamento em outras \u00e1reas praticamente anulou esse progresso&#8221;, declarou Weisse.<\/p>\n<p>No Brasil, <a href=\"https:\/\/www.brasildefato.com.br\/2022\/04\/28\/brasil-lidera-destruicao-de-florestas-primarias-tropicais\" target=\"_blank\" rel=\"noopener\">Global Forest Watch<\/a> lembrou que a redu\u00e7\u00e3o da perda florestal foi mais evidente na Amaz\u00f4nia, enquanto o Cerrado e o Pantanal t\u00eam sido cada vez mais devastados.<\/p>\n<p>&#8220;Estamos orgulhosos de ver um progresso marcante no Brasil, especialmente na Amaz\u00f4nia brasileira&#8221;, disse Mariana Oliveira, gerente do Programa de Florestas, Uso da Terra e Agricultura do WRI Brasil.<\/p>\n<p class=\"ckeditor-subtitle\">Colombia reduziu desmatamento pela metade<\/p>\n<p>Os dados divulgados pela <em>Global Forest Watch<\/em>indicam redu\u00e7\u00e3o de 39% no desmatamento da floresta prim\u00e1ria na Amaz\u00f4nia em 2023 em compara\u00e7\u00e3o com 2022.<\/p>\n<p>Ja o <a href=\"https:\/\/www.brasildefatodf.com.br\/2022\/10\/17\/pesquisa-mostra-que-cerrado-brasileiro-ja-esta-mais-quente-e-seco-devido-a-devastacao\" target=\"_blank\" rel=\"noopener\">Cerrado<\/a> teve um aumento de 6% na perda de cobertura arb\u00f3rea de 2022 a 2023, e o Pantanal teve um pico de perda florestal em 2023 devido a inc\u00eandios.<\/p>\n<p>Na Col\u00f4mbia, do presidente Gustavo Petro, que declarou o abandono da explora\u00e7\u00e3o de petr\u00f3leo no pa\u00eds, a perda de floresta prim\u00e1ria foi reduzida pela metade em 2023 na compara\u00e7\u00e3o com 2022.<\/p>\n<p class=\"editor\">Edi\u00e7\u00e3o: Thalita Pires<\/p>\n<\/div>\n<\/div>\n","protected":false},"excerpt":{"rendered":"<p>ONG ambientalista cita pa\u00eds como exemplo positivo, mas v\u00ea situa\u00e7\u00e3o alarmante na Bol\u00edvia, Laos, Nicar\u00e1gua e Canad\u00e1<\/p>\n","protected":false},"author":1,"featured_media":0,"comment_status":"closed","ping_status":"open","sticky":false,"template":"","format":"standard","meta":{"_exactmetrics_skip_tracking":false,"_exactmetrics_sitenote_active":false,"_exactmetrics_sitenote_note":"","_exactmetrics_sitenote_category":0,"jetpack_post_was_ever_published":false,"_jetpack_newsletter_access":"","_jetpack_dont_email_post_to_subs":false,"_jetpack_newsletter_tier_id":0,"_jetpack_memberships_contains_paywalled_content":false,"_jetpack_memberships_contains_paid_content":false,"footnotes":"","jetpack_publicize_message":"","jetpack_publicize_feature_enabled":true,"jetpack_social_post_already_shared":true,"jetpack_social_options":{"image_generator_settings":{"template":"highway","enabled":false},"version":2}},"categories":[1],"tags":[5,387,330],"class_list":["post-34851","post","type-post","status-publish","format-standard","hentry","category-notas","tag-brasil","tag-desmatamento","tag-reducao"],"jetpack_publicize_connections":[],"jetpack_sharing_enabled":true,"jetpack_featured_media_url":"","jetpack_shortlink":"https:\/\/wp.me\/p7wKYW-947","jetpack-related-posts":[],"_links":{"self":[{"href":"http:\/\/blogdalucianaoliveira.com.br\/blog\/wp-json\/wp\/v2\/posts\/34851","targetHints":{"allow":["GET"]}}],"collection":[{"href":"http:\/\/blogdalucianaoliveira.com.br\/blog\/wp-json\/wp\/v2\/posts"}],"about":[{"href":"http:\/\/blogdalucianaoliveira.com.br\/blog\/wp-json\/wp\/v2\/types\/post"}],"author":[{"embeddable":true,"href":"http:\/\/blogdalucianaoliveira.com.br\/blog\/wp-json\/wp\/v2\/users\/1"}],"replies":[{"embeddable":true,"href":"http:\/\/blogdalucianaoliveira.com.br\/blog\/wp-json\/wp\/v2\/comments?post=34851"}],"version-history":[{"count":1,"href":"http:\/\/blogdalucianaoliveira.com.br\/blog\/wp-json\/wp\/v2\/posts\/34851\/revisions"}],"predecessor-version":[{"id":34853,"href":"http:\/\/blogdalucianaoliveira.com.br\/blog\/wp-json\/wp\/v2\/posts\/34851\/revisions\/34853"}],"wp:attachment":[{"href":"http:\/\/blogdalucianaoliveira.com.br\/blog\/wp-json\/wp\/v2\/media?parent=34851"}],"wp:term":[{"taxonomy":"category","embeddable":true,"href":"http:\/\/blogdalucianaoliveira.com.br\/blog\/wp-json\/wp\/v2\/categories?post=34851"},{"taxonomy":"post_tag","embeddable":true,"href":"http:\/\/blogdalucianaoliveira.com.br\/blog\/wp-json\/wp\/v2\/tags?post=34851"}],"curies":[{"name":"wp","href":"https:\/\/api.w.org\/{rel}","templated":true}]}}