{"id":34861,"date":"2024-04-05T07:32:42","date_gmt":"2024-04-05T11:32:42","guid":{"rendered":"http:\/\/blogdalucianaoliveira.com.br\/blog\/?p=34861"},"modified":"2024-04-05T12:21:14","modified_gmt":"2024-04-05T16:21:14","slug":"no-brasil-247-19","status":"publish","type":"post","link":"http:\/\/blogdalucianaoliveira.com.br\/blog\/2024\/04\/05\/no-brasil-247-19\/","title":{"rendered":"No Brasil 247"},"content":{"rendered":"<p><img data-recalc-dims=\"1\" loading=\"lazy\" decoding=\"async\" data-attachment-id=\"34862\" data-permalink=\"http:\/\/blogdalucianaoliveira.com.br\/blog\/2024\/04\/05\/no-brasil-247-19\/a337bb38-4f82-4a34-a77c-a4462cf5a5b9\/\" data-orig-file=\"https:\/\/i0.wp.com\/blogdalucianaoliveira.com.br\/blog\/wp-content\/uploads\/2024\/04\/a337bb38-4f82-4a34-a77c-a4462cf5a5b9.jpeg?fit=1600%2C900\" data-orig-size=\"1600,900\" data-comments-opened=\"0\" data-image-meta=\"{&quot;aperture&quot;:&quot;0&quot;,&quot;credit&quot;:&quot;&quot;,&quot;camera&quot;:&quot;&quot;,&quot;caption&quot;:&quot;&quot;,&quot;created_timestamp&quot;:&quot;1712257399&quot;,&quot;copyright&quot;:&quot;&quot;,&quot;focal_length&quot;:&quot;0&quot;,&quot;iso&quot;:&quot;0&quot;,&quot;shutter_speed&quot;:&quot;0&quot;,&quot;title&quot;:&quot;&quot;,&quot;orientation&quot;:&quot;1&quot;}\" data-image-title=\"a337bb38-4f82-4a34-a77c-a4462cf5a5b9\" data-image-description=\"\" data-image-caption=\"\" data-medium-file=\"https:\/\/i0.wp.com\/blogdalucianaoliveira.com.br\/blog\/wp-content\/uploads\/2024\/04\/a337bb38-4f82-4a34-a77c-a4462cf5a5b9.jpeg?fit=300%2C169\" data-large-file=\"https:\/\/i0.wp.com\/blogdalucianaoliveira.com.br\/blog\/wp-content\/uploads\/2024\/04\/a337bb38-4f82-4a34-a77c-a4462cf5a5b9.jpeg?fit=600%2C338\" class=\"alignnone size-full wp-image-34862\" src=\"https:\/\/i0.wp.com\/blogdalucianaoliveira.com.br\/blog\/wp-content\/uploads\/2024\/04\/a337bb38-4f82-4a34-a77c-a4462cf5a5b9.jpeg?resize=600%2C338\" alt=\"\" width=\"600\" height=\"338\" srcset=\"https:\/\/i0.wp.com\/blogdalucianaoliveira.com.br\/blog\/wp-content\/uploads\/2024\/04\/a337bb38-4f82-4a34-a77c-a4462cf5a5b9.jpeg?w=1600 1600w, https:\/\/i0.wp.com\/blogdalucianaoliveira.com.br\/blog\/wp-content\/uploads\/2024\/04\/a337bb38-4f82-4a34-a77c-a4462cf5a5b9.jpeg?resize=300%2C169 300w, https:\/\/i0.wp.com\/blogdalucianaoliveira.com.br\/blog\/wp-content\/uploads\/2024\/04\/a337bb38-4f82-4a34-a77c-a4462cf5a5b9.jpeg?resize=1024%2C576 1024w, https:\/\/i0.wp.com\/blogdalucianaoliveira.com.br\/blog\/wp-content\/uploads\/2024\/04\/a337bb38-4f82-4a34-a77c-a4462cf5a5b9.jpeg?resize=768%2C432 768w, https:\/\/i0.wp.com\/blogdalucianaoliveira.com.br\/blog\/wp-content\/uploads\/2024\/04\/a337bb38-4f82-4a34-a77c-a4462cf5a5b9.jpeg?resize=1536%2C864 1536w, https:\/\/i0.wp.com\/blogdalucianaoliveira.com.br\/blog\/wp-content\/uploads\/2024\/04\/a337bb38-4f82-4a34-a77c-a4462cf5a5b9.jpeg?resize=533%2C300 533w, https:\/\/i0.wp.com\/blogdalucianaoliveira.com.br\/blog\/wp-content\/uploads\/2024\/04\/a337bb38-4f82-4a34-a77c-a4462cf5a5b9.jpeg?w=1200 1200w\" sizes=\"auto, (max-width: 600px) 100vw, 600px\" \/><\/p>\n<p class=\"yiv6303369108ydpdd40a4eeMsoNormal\"><a href=\"https:\/\/g1.globo.com\/ro\/rondonia\/cidade\/porto-velho\/\" target=\"_blank\" rel=\"nofollow noopener noreferrer\">Porto Velho<\/a>\u00a0\u00e9 a pior de 100 cidades avaliadas no ranking de saneamento b\u00e1sico, divulgado pelo Instituto Trata Brasil.<\/p>\n<p class=\"yiv6303369108ydpdd40a4eeMsoNormal\">Menos de 10% da popula\u00e7\u00e3o tem acesso ao servi\u00e7o de tratamento de esgoto e mais da metade n\u00e3o tem acesso \u00e0 \u00e1gua tratada.<\/p>\n<p>Veja a reportagem:<\/p>\n<p><!--more--><\/p>\n<div class=\"jetpack-video-wrapper\"><iframe loading=\"lazy\" title=\"A COLETA SELETIVA NA CAPITAL COM PIOR SANEAMENTO B\u00c1SICO\" width=\"600\" height=\"338\" src=\"https:\/\/www.youtube.com\/embed\/sFyX57SWLQ0?feature=oembed\" frameborder=\"0\" allow=\"accelerometer; autoplay; clipboard-write; encrypted-media; gyroscope; picture-in-picture; web-share\" referrerpolicy=\"strict-origin-when-cross-origin\" allowfullscreen><\/iframe><\/div>\n<p>Observa\u00e7\u00e3o: na v\u00e9spera desta publica\u00e7\u00e3o, a prefeitura anunciou que vai prorrogar o aux\u00edlio aos catadores.<\/p>\n","protected":false},"excerpt":{"rendered":"<p>Porto Velho\u00a0\u00e9 a pior de 100 cidades avaliadas no ranking de saneamento b\u00e1sico, divulgado pelo Instituto Trata Brasil. Menos de 10% da popula\u00e7\u00e3o tem acesso ao servi\u00e7o de tratamento de esgoto e mais da metade n\u00e3o tem acesso \u00e0 \u00e1gua tratada. Veja a reportagem:<\/p>\n","protected":false},"author":1,"featured_media":0,"comment_status":"closed","ping_status":"open","sticky":false,"template":"","format":"standard","meta":{"_exactmetrics_skip_tracking":false,"_exactmetrics_sitenote_active":false,"_exactmetrics_sitenote_note":"","_exactmetrics_sitenote_category":0,"jetpack_post_was_ever_published":false,"_jetpack_newsletter_access":"","_jetpack_dont_email_post_to_subs":false,"_jetpack_newsletter_tier_id":0,"_jetpack_memberships_contains_paywalled_content":false,"_jetpack_memberships_contains_paid_content":false,"footnotes":"","jetpack_publicize_message":"","jetpack_publicize_feature_enabled":true,"jetpack_social_post_already_shared":true,"jetpack_social_options":{"image_generator_settings":{"template":"highway","enabled":false},"version":2}},"categories":[1],"tags":[895,8,873],"class_list":["post-34861","post","type-post","status-publish","format-standard","hentry","category-notas","tag-coleta-seletiva","tag-porto-velho","tag-saneamento"],"jetpack_publicize_connections":[],"jetpack_sharing_enabled":true,"jetpack_featured_media_url":"","jetpack_shortlink":"https:\/\/wp.me\/p7wKYW-94h","jetpack-related-posts":[],"_links":{"self":[{"href":"http:\/\/blogdalucianaoliveira.com.br\/blog\/wp-json\/wp\/v2\/posts\/34861","targetHints":{"allow":["GET"]}}],"collection":[{"href":"http:\/\/blogdalucianaoliveira.com.br\/blog\/wp-json\/wp\/v2\/posts"}],"about":[{"href":"http:\/\/blogdalucianaoliveira.com.br\/blog\/wp-json\/wp\/v2\/types\/post"}],"author":[{"embeddable":true,"href":"http:\/\/blogdalucianaoliveira.com.br\/blog\/wp-json\/wp\/v2\/users\/1"}],"replies":[{"embeddable":true,"href":"http:\/\/blogdalucianaoliveira.com.br\/blog\/wp-json\/wp\/v2\/comments?post=34861"}],"version-history":[{"count":2,"href":"http:\/\/blogdalucianaoliveira.com.br\/blog\/wp-json\/wp\/v2\/posts\/34861\/revisions"}],"predecessor-version":[{"id":34864,"href":"http:\/\/blogdalucianaoliveira.com.br\/blog\/wp-json\/wp\/v2\/posts\/34861\/revisions\/34864"}],"wp:attachment":[{"href":"http:\/\/blogdalucianaoliveira.com.br\/blog\/wp-json\/wp\/v2\/media?parent=34861"}],"wp:term":[{"taxonomy":"category","embeddable":true,"href":"http:\/\/blogdalucianaoliveira.com.br\/blog\/wp-json\/wp\/v2\/categories?post=34861"},{"taxonomy":"post_tag","embeddable":true,"href":"http:\/\/blogdalucianaoliveira.com.br\/blog\/wp-json\/wp\/v2\/tags?post=34861"}],"curies":[{"name":"wp","href":"https:\/\/api.w.org\/{rel}","templated":true}]}}