{"id":34868,"date":"2024-04-08T13:16:33","date_gmt":"2024-04-08T17:16:33","guid":{"rendered":"http:\/\/blogdalucianaoliveira.com.br\/blog\/?p=34868"},"modified":"2024-04-08T13:16:33","modified_gmt":"2024-04-08T17:16:33","slug":"litio-x-e-eleicoes","status":"publish","type":"post","link":"http:\/\/blogdalucianaoliveira.com.br\/blog\/2024\/04\/08\/litio-x-e-eleicoes\/","title":{"rendered":"L\u00cdTIO, X E ELEI\u00c7\u00d5ES"},"content":{"rendered":"<p><img data-recalc-dims=\"1\" loading=\"lazy\" decoding=\"async\" data-attachment-id=\"34869\" data-permalink=\"http:\/\/blogdalucianaoliveira.com.br\/blog\/2024\/04\/08\/litio-x-e-eleicoes\/img_1334\/\" data-orig-file=\"https:\/\/i0.wp.com\/blogdalucianaoliveira.com.br\/blog\/wp-content\/uploads\/2024\/04\/IMG_1334.jpeg?fit=1170%2C1220\" data-orig-size=\"1170,1220\" data-comments-opened=\"0\" data-image-meta=\"{&quot;aperture&quot;:&quot;0&quot;,&quot;credit&quot;:&quot;&quot;,&quot;camera&quot;:&quot;&quot;,&quot;caption&quot;:&quot;&quot;,&quot;created_timestamp&quot;:&quot;0&quot;,&quot;copyright&quot;:&quot;&quot;,&quot;focal_length&quot;:&quot;0&quot;,&quot;iso&quot;:&quot;0&quot;,&quot;shutter_speed&quot;:&quot;0&quot;,&quot;title&quot;:&quot;&quot;,&quot;orientation&quot;:&quot;1&quot;}\" data-image-title=\"IMG_1334\" data-image-description=\"\" data-image-caption=\"\" data-medium-file=\"https:\/\/i0.wp.com\/blogdalucianaoliveira.com.br\/blog\/wp-content\/uploads\/2024\/04\/IMG_1334.jpeg?fit=288%2C300\" data-large-file=\"https:\/\/i0.wp.com\/blogdalucianaoliveira.com.br\/blog\/wp-content\/uploads\/2024\/04\/IMG_1334.jpeg?fit=600%2C626\" class=\"alignnone size-full wp-image-34869\" src=\"https:\/\/i0.wp.com\/blogdalucianaoliveira.com.br\/blog\/wp-content\/uploads\/2024\/04\/IMG_1334.jpeg?resize=600%2C626\" alt=\"\" width=\"600\" height=\"626\" srcset=\"https:\/\/i0.wp.com\/blogdalucianaoliveira.com.br\/blog\/wp-content\/uploads\/2024\/04\/IMG_1334.jpeg?w=1170 1170w, https:\/\/i0.wp.com\/blogdalucianaoliveira.com.br\/blog\/wp-content\/uploads\/2024\/04\/IMG_1334.jpeg?resize=288%2C300 288w, https:\/\/i0.wp.com\/blogdalucianaoliveira.com.br\/blog\/wp-content\/uploads\/2024\/04\/IMG_1334.jpeg?resize=982%2C1024 982w, https:\/\/i0.wp.com\/blogdalucianaoliveira.com.br\/blog\/wp-content\/uploads\/2024\/04\/IMG_1334.jpeg?resize=768%2C801 768w\" sizes=\"auto, (max-width: 600px) 100vw, 600px\" \/><\/p>\n<section class=\"single-body g-col-12\">\n<div class=\"grid gap-0\">\n<article class=\"g-col-12 g-col-md-10 pt-6 m-negative m-md-0\">\n<div class=\"single-content px-4 px-lg-0\">\n<p><span style=\"font-size: 16px;\"><strong>The Intercept<\/strong> &#8211; Seguimos o dinheiro que movimenta os ataques de Elon Musk a Alexandre de Moraes.<br \/>\n<\/span><\/p>\n<p><u>A POSTURA DE ELON MUSK<\/u> em rela\u00e7\u00e3o ao Brasil, especialmente em confronto com o judici\u00e1rio brasileiro, n\u00e3o \u00e9 usual. Com desafios regulat\u00f3rios em diversos pa\u00edses, o bilion\u00e1rio geralmente coloca em segundo plano seu ativismo de extrema direita para facilitar a entrada das empresas de seu conglomerado em outras na\u00e7\u00f5es.<span style=\"font-size: 16px;\"><br \/>\n<\/span><\/p>\n<p>Na \u00cdndia, por exemplo, o X (antigo Twitter) at\u00e9 se posicionou <a href=\"https:\/\/twitter.com\/GlobalAffairs\/status\/1760387644608192560\">contr\u00e1rio a decis\u00f5es judiciais do pa\u00eds<\/a>, chefiado pelo primeiro-ministro Narendra Modi, do partido de extrema direita Bharatiya Janata Party, h\u00e1 mais de uma d\u00e9cada. Mas fez quest\u00e3o de dizer que acataria cada uma delas. L\u00e1, Musk pretende investir US$ 3 bilh\u00f5es em f\u00e1bricas da Tesla para frear o avan\u00e7o da sua principal concorrente, a chinesa BYD, na regi\u00e3o.<\/p>\n<p>No Brasil, no entanto, o bilion\u00e1rio seguiu outra linha. Ao comprar o Twitter e transform\u00e1-lo no X, Musk comprou tamb\u00e9m uma poderosa ferramenta pol\u00edtica, que re\u00fane lideran\u00e7as mundiais, comunicadores e pesquisadores de todo o mundo. Agora, ele est\u00e1 usando esse poder comunicacional para desestabilizar o pa\u00eds e impulsionar seus pr\u00f3prios neg\u00f3cios.<\/p>\n<p>A investida foi coordenada: primeiro, no dia 4, os <a href=\"https:\/\/twitter.com\/shellenberger\/status\/1775516415023251835\">\u00a0Twitter Files<\/a>, que mostram os advogados da empresa reclamando das ordens de Alexandre de Morais, que pediu o bloqueio de contas envolvidas em manifesta\u00e7\u00f5es golpistas.<\/p>\n<p>Depois, um tu\u00edte provocativo do pr\u00f3prio Musk, como apito de cachorro, para mobilizar bolsonaristas contra a \u2018censura\u2019. O circo foi armado: Bolsonaro pai e Eduardo fizeram uma live, Nikolas Ferreira, Paulo Figueiredo e Allan dos Santos, que estava banido, fizeram outra.<\/p>\n<p>A extrema direita se mobilizou, Musk usou sua rede para peitar uma ordem judicial do Supremo Brasileiro \u2013 o que \u00e9 ilegal, segundo o Marco Civil da Internet \u2013 e pedir o impeachment de Alexandre de Moraes. O nosso ministro, por fim, acabou incluindo o bilion\u00e1rio em seu extenso <a href=\"https:\/\/www.jota.info\/stf\/do-supremo\/apos-ataques-moraes-determina-abertura-de-inquerito-contra-elon-musk-08042024\">inqu\u00e9rito de mil\u00edcias digitais<\/a>.<\/p>\n<p>O que explica a escalada de Elon Musk sobre o STF? N\u00e3o \u00e9 s\u00f3 alinhamento pol\u00edtico com a extrema direita, golpismo e nem uma defesa incondicional da liberdade de express\u00e3o. \u00c9 uma estrat\u00e9gia comercial que envolve interesses de outras empresas do conglomerado: a SpaceX, a Starlink e a Tesla.<\/p>\n<h2 id=\"h-a-corrida-pelo-petroleo-branco\" class=\"wp-block-heading\">A corrida pelo \u2018petr\u00f3leo branco\u2019<\/h2>\n<p>J\u00e1 na segunda-feira, 8, seguinte \u00e0s afrontas ao ministro do Supremo Tribunal Federal, Alexandre de Moraes, Elon Musk come\u00e7ou a seguir um poderoso investidor noruegu\u00eas. Nicolai Tangen \u00e9 CEO do Norges Bank Investment Management, um fundo de investimentos que tem neg\u00f3cios em v\u00e1rias partes do mundo \u2013 muitos deles na \u00e1rea de minera\u00e7\u00e3o.<\/p>\n<p>Os dois marcaram uma conversa em um c\u00edrculo, a ferramenta de \u00e1udios ao vivo do X (antigo Twitter). S\u00f3 Tangen <a href=\"https:\/\/twitter.com\/NicolaiTang1\/status\/1776262085116072051\">divulgou o encontro<\/a>; Musk foi mais discreto.<\/p>\n<p>O Norges Bank Investment, em 2023, tinha investimentos em mais de 8 mil empresas de 72 pa\u00edses. O Brasil est\u00e1 entre eles. O banco \u00e9 dono de pouco mais de 1% da Petrobras, 3% da Cosan, 5% da construtora Tenda, s\u00f3 para citar alguns exemplos.<\/p>\n<p>Tamb\u00e9m \u00e9 um investidor das mineradoras canadense Sigma (com 17,6 milh\u00f5es de d\u00f3lares, menos de 1% da empresa) e da espanhola Rio Tinto (com 2,5 bilh\u00f5es investidos, mais de 2%). Tamb\u00e9m tem mais de 2% da metal\u00fargica holandesa AMG.<\/p>\n<blockquote class=\"stylized pull-left\" data-shortcode-type=\"pullquote\" data-pull=\"left\"><p>\u2018Vamos dar golpe em quem quisermos! Lide com isso\u2019, tuitou Musk.<\/p><\/blockquote>\n<p>\u00c9 aqui que os interesses do CEO do Norges Bank e de Musk come\u00e7am a se cruzar.<\/p>\n<p>Em 2023, uma reportagem da Bloomberg mostrou que Elon Musk estaria interessado em <a href=\"https:\/\/www.bloomberg.com\/news\/articles\/2023-02-17\/tesla-said-to-weigh-bid-for-battery-metals-miner-sigma-lithium#xj4y7vzkg\">comprar a Sigma<\/a>Lithium, uma das maiores mineradoras de l\u00edtio no mundo. O metal \u00e9 fundamental na produ\u00e7\u00e3o dos carros el\u00e9tricos da Tesla. <a href=\"https:\/\/www.seudinheiro.com\/2023\/empresas\/corrida-litio-envolve-tesla-elon-musk-vale-disputa-reservas-acnn\/\">Uma das fornecedoras<\/a>da empresa de Musk \u00e9 a brasileira Vale, que vende l\u00edtio e <a href=\"https:\/\/www.suno.com.br\/noticias\/vale-vale3-tesla-tsla34-acordo-niquel\/\">n\u00edquel<\/a>.<\/p>\n<p>Em 2022, quando Musk veio ao Brasil \u2013 oficialmente para lan\u00e7ar sua internet por sat\u00e9lite, a Starlink \u2013, duas pesquisadoras da USP <a href=\"https:\/\/jornal.usp.br\/artigos\/a-nebulosa-visita-do-empresario-elon-musk-e-o-litio-brasileiro\/\">levantaram d\u00favidas <\/a>sobre os reais interesses da visita. Em um artigo, Eliane Cristina Silva dos Santos, do Instituto de Estudos Avan\u00e7ados, e Maria da Penha Vasconcellos, professora da Faculdade de Sa\u00fade P\u00fablica, mostraram que a visita aconteceu em um momento extremamente estrat\u00e9gico na produ\u00e7\u00e3o de l\u00edtio brasileiro.<\/p>\n<p>O l\u00edtio, o metal mais leve que existe, \u00e9 considerado o \u201cpetr\u00f3leo branco\u201d. O material \u00e9 essencial na produ\u00e7\u00e3o de baterias, energia solar e e\u00f3lica, al\u00e9m dos carros el\u00e9tricos. Ou seja, em tempos de transi\u00e7\u00e3o energ\u00e9tica, \u00e9 fundamental. A Am\u00e9rica Latina, sobretudo Argentina, Bol\u00edvia e Chile, concentra 68% das reservas mundiais do metal.<\/p>\n<p>Foi l\u00e1 <a href=\"https:\/\/www.intercept.com.br\/2020\/08\/13\/elon-musk-bolivia-evo-morales-litio\/\">mesmo na Bol\u00edvia,<\/a> em 2020, que Elon Musk se envolveu em uma intromiss\u00e3o semelhante \u00e0 do Brasil. Naquele ano, o bilion\u00e1rio respondeu a um tu\u00edte cr\u00edtico ao seu apoio ao golpe contra o governo de Evo Morales por interesse no l\u00edtio boliviano. \u201cVamos dar golpe em quem quisermos! Lide com isso\u201d, Musk respondeu. (O tu\u00edte foi apagado, mas foi <a href=\"https:\/\/www.brasildefato.com.br\/2020\/07\/25\/vamos-dar-golpe-em-quem-quisermos-elon-musk-dono-da-tesla-sobre-a-bolivia\">registrado nesta reportagem<\/a>).<\/p>\n<p>Voltando ao Brasil: nos \u00faltimos anos, o Servi\u00e7o Geol\u00f3gico brasileiro descobriu v\u00e1rias reservas de l\u00edtio, sobretudo no Vale do Jequitinhonha, norte de Minas Gerais. Tr\u00eas empresas exploram o min\u00e9rio na regi\u00e3o: a Companhia Brasileira de L\u00edtio, a canadense Sigma e a AMG Minera\u00e7\u00e3o.<\/p>\n<figure class=\"wp-block-image size-large\"><img data-recalc-dims=\"1\" loading=\"lazy\" decoding=\"async\" class=\"wp-image-430946\" src=\"https:\/\/i0.wp.com\/uploads.intercept.com.br\/2024\/04\/12848777-high-1024x683.jpeg?resize=600%2C400&#038;ssl=1\" sizes=\"auto, (max-width: 1024px) 100vw, 1024px\" srcset=\"https:\/\/www.intercept.com.br\/wp-content\/plugins\/seox-image-magick\/imagick_convert.php?width=300&amp;height=200&amp;format=webp&amp;quality=91&amp;imagick=uploads.intercept.com.br\/2024\/04\/12848777-high-300x200.jpeg 300w, https:\/\/www.intercept.com.br\/wp-content\/plugins\/seox-image-magick\/imagick_convert.php?width=1024&amp;height=683&amp;format=webp&amp;quality=91&amp;imagick=uploads.intercept.com.br\/2024\/04\/12848777-high-1024x683.jpeg 1024w, https:\/\/www.intercept.com.br\/wp-content\/plugins\/seox-image-magick\/imagick_convert.php?width=768&amp;height=512&amp;format=webp&amp;quality=91&amp;imagick=uploads.intercept.com.br\/2024\/04\/12848777-high-768x512.jpeg 768w, https:\/\/www.intercept.com.br\/wp-content\/plugins\/seox-image-magick\/imagick_convert.php?width=1536&amp;height=1024&amp;format=webp&amp;quality=91&amp;imagick=uploads.intercept.com.br\/2024\/04\/12848777-high-1536x1024.jpeg 1536w, https:\/\/www.intercept.com.br\/wp-content\/plugins\/seox-image-magick\/imagick_convert.php?width=2048&amp;height=1365&amp;format=webp&amp;quality=91&amp;imagick=uploads.intercept.com.br\/2024\/04\/12848777-high-2048x1365.jpeg 2048w\" alt=\"ARA\u00c7UA\u00cd, MG, BRASIL 28.11.2018 Garoto passa montado em jegue ao lado de res\u00edduo de minera\u00e7\u00e3o do l\u00edtio da empresa CBL que faz poeira e \u00e9 motivo de reclama\u00e7\u00e3o de moradores pr\u00f3ximos ao local na zona rural da cidade de Ara\u00e7\u008dua\u00ed (MG) (Foto: Eduardo Knapp\/Folhapress)\" width=\"600\" height=\"400\" data-cfsrc=\"https:\/\/uploads.intercept.com.br\/2024\/04\/12848777-high-1024x683.jpeg\" \/><figcaption class=\"wp-element-caption\">Res\u00edduo de minera\u00e7\u00e3o do l\u00edtio no Vale do Jequitinhonha, em Minas Gerais.<\/figcaption><\/figure>\n<p>S\u00f3 a primeira era nacional \u2013 o governo de Minas tinha 33% da companhia. O cen\u00e1rio <a href=\"https:\/\/revistapesquisa.fapesp.br\/foco-nas-baterias-de-litio\/\">parecia promissor <\/a>para fabricarmos nossas baterias brasileiras. S\u00f3 que a empresa parceira na empreitada, Oxys Energy, faliu em 2021\u2013 e o governo de Minas passou a defender que o estado n\u00e3o deveria entrar no neg\u00f3cio.<\/p>\n<p>Em outubro de 2022, a parte estatal foi vendida \u00e0 brit\u00e2nica Ore Investimentos. O Vale do L\u00edtio estava entregue; no final de 2023, o governador Romeu Zema, do Novo, foi \u00e0 Nova York conseguir novos <a href=\"https:\/\/observatoriodamineracao.com.br\/zema-e-mme-lancam-vale-do-litio-em-nova-york-para-atrair-investidores-e-prometem-desenvolvimento-questionado-em-mg\/\">investimentos estrangeiros para a regi\u00e3o.<\/a><\/p>\n<p>Segundo o Observat\u00f3rio da Minera\u00e7\u00e3o, que cobre o tema, tr\u00eas empresas, Latin Resources, Atlas Lithium e Lithium Ionic, j\u00e1 sondam a \u00e1rea para conseguir novas reservas de l\u00edtio. A Sigma Lithium e a AMG j\u00e1 est\u00e3o em produ\u00e7\u00e3o \u2013 e as duas t\u00eam investimentos do Norges Bank Investment.<\/p>\n<p>A Sigma, fundada em 2011, viu suas a\u00e7\u00f5es explodirem ap\u00f3s descobrir reservas de l\u00edtio por aqui, e a demanda <a href=\"https:\/\/www.infomoney.com.br\/negocios\/sigma-lithium-fabrica-no-brasil-e-mira-no-mercado-mundial-de-carros-eletricos\/\">mundial pelo metal aumentar<\/a>.\u00a0 Em 2023, a empresa confirmou que estava <a href=\"https:\/\/www.infomoney.com.br\/negocios\/ceo-da-sigma-lithium-diz-que-esta-em-conversas-com-potenciais-compradores\/\">negociando com potenciais compradores<\/a>.<\/p>\n<p>As negocia\u00e7\u00f5es com Musk, no entanto, n\u00e3o avan\u00e7aram, e o tema ficou urgente para o bilion\u00e1rio: neste ano, entrou uma concorrente chinesa no jogo.<\/p>\n<h2 id=\"h-a-chinesa-byd-avanca-no-mundo-e-assume-a-lideranca-no-brasil\" class=\"wp-block-heading\">A chinesa BYD avan\u00e7a no mundo e assume a lideran\u00e7a no Brasil<\/h2>\n<p>Em janeiro, o jornal Financial Times noticiou que a chinesa BYD, a principal concorrente da Tesla na produ\u00e7\u00e3o de carros el\u00e9tricos, atropelou Musk e come\u00e7ou a <a href=\"https:\/\/www.infomoney.com.br\/business\/byd-negocia-compra-da-sigma-lithium-no-brasil-diz-financial-times\/\">negociar a compra da Sigma<\/a>. O neg\u00f3cio \u00e9 avaliado em R$ 14,3 bilh\u00f5es.<\/p>\n<p>O Brasil \u00e9 umas pe\u00e7as do tabuleiro da guerra comercial, j\u00e1 que virou <a href=\"https:\/\/www1.folha.uol.com.br\/mercado\/2023\/11\/gosto-por-carros-pib-e-energia-limpa-colocam-brasil-no-centro-da-estrategia-da-byd-fora-da-china.shtml\">centro da estrat\u00e9gia <\/a>global de investimentos da BYD. A empresa anunciou que vai <a href=\"https:\/\/diariodocomercio.com.br\/economia\/byd-investimento-bahia-predios\/\">ampliar seus investimentos no Brasil<\/a>em at\u00e9 1 bilh\u00e3o de euros. Em outubro do ano passado, a BYD <a href=\"https:\/\/autoesporte.globo.com\/industria\/noticia\/2023\/10\/byd-assume-fabrica-que-era-da-ford-na-bahia-e-vai-produzir-carros-eletricos.ghtml\">assumiu a f\u00e1brica da Ford<\/a> em Cama\u00e7ari, na Bahia, e ter\u00e1 capacidade inicial para produzir at\u00e9 150 mil ve\u00edculos por ano.<\/p>\n<p>O crescimento mete\u00f3rico da BYD no Brasil \u00e9 vis\u00edvel nas ruas do pa\u00eds: em 2023, f<a href=\"https:\/\/byd.com.br\/em-ano-historico-byd-cresce-quase-70-vezes-no-brasil-e-vende-mais-carros-eletricos-do-que-todos-os-concorrentes-somados\/\">oram vendidos 17.947 <\/a>carros da empresa chinesa no Brasil, um crescimento de 6.900%. Mais que isso: a venda dos modelos el\u00e9tricos BYD superou todos os outros modelos el\u00e9tricos somados.<\/p>\n<p>Se no Brasil a BYD ganha terreno, o cen\u00e1rio \u00e9 ainda mais preocupante para Musk no restante do globo. Em 2023, a fabricante chinesa vendeu 1,57 milh\u00e3o de ve\u00edculos el\u00e9tricos, um crescimento de 73% em rela\u00e7\u00e3o a 2022, e adicionou 1,44 milh\u00e3o de carros h\u00edbridos ao mercado. Com isso, <a href=\"https:\/\/forbes.com.br\/forbeslife\/forbes-motors\/2024\/01\/byd-ultrapassa-tesla-e-e-a-maior-fabricante-de-carros-eletricos-do-mundo\/\">ultrapassou a Tesla<\/a>, que entregou 1,8 milh\u00e3o de unidades no mesmo ano, e enfrenta a previs\u00e3o de queda nas vendas para 2024.<\/p>\n<p>Diante desse cen\u00e1rio, Musk tem contrariado seu auto propagado perfil anti-estado. Durante a apresenta\u00e7\u00e3o de resultados da Tesla, em janeiro, Musk <a href=\"https:\/\/oantagonista.com.br\/mundo\/musk-protecionista\/\">cobrou do governo norte-americano<\/a> a implementa\u00e7\u00e3o de medidas protecionistas, como a cria\u00e7\u00e3o de barreiras tarif\u00e1rias para a chinesa BYD.<\/p>\n<h2 id=\"h-eleicao-de-biden-bilhoes-em-jogo\" class=\"wp-block-heading\">Elei\u00e7\u00e3o de Biden: bilh\u00f5es em jogo<\/h2>\n<p>A proximidade das elei\u00e7\u00f5es presidenciais nos Estados Unidos tamb\u00e9m pode explicar a investida de Musk no Brasil. O bilion\u00e1rio \u00e9 not\u00f3rio apoiador do ex-presidente Donald Trump contra o atual mandat\u00e1rio, o democrata Joe Biden. Um tweet compartilhado por Musk no domingo ajuda a explicar a estrat\u00e9gia: pintar a suposta censura no Brasil como a realidade de um segundo mandato de Biden.<\/p>\n<p>\u201cO presente do Brasil \u00e9 o nosso futuro se os Democratas atingirem seu sonho de aumentar o n\u00famero de ju\u00edzes da Suprema Corte\u201d, diz a legenda de uma <a href=\"https:\/\/twitter.com\/DavidSacks\/status\/1777147516829757748\">publica\u00e7\u00e3o do empres\u00e1rio David Sacks<\/a>. Na imagem, o print de uma manchete diz: \u201cDemocratas querem introduzir lei para aumentar de 9 para 13 o n\u00famero de ministros do Supremo\u201d. Musk <a href=\"https:\/\/twitter.com\/elonmusk\/status\/1777165676719091954\">compartilhou o post<\/a> escrevendo a seguinte mensagem: \u201cEles querem trapacear\u201d.<\/p>\n<p>S\u00f3 que a manchete apresentada na imagem \u00e9 de abril de 2021, e n\u00e3o de agora. E, de fato, Biden <a href=\"https:\/\/www.whitehouse.gov\/wp-content\/uploads\/2021\/12\/SCOTUS-Report-Final-12.8.21-1.pdf\">nomeou uma comiss\u00e3o bipartid\u00e1ria<\/a> para estudar poss\u00edveis reformas na estrutura da Suprema Corte, mas a Comiss\u00e3o <a href=\"https:\/\/t.co\/UfCysgSWSM\">n\u00e3o recomendou<\/a> o aumento do n\u00famero de ju\u00edzes.<\/p>\n<p>A oposi\u00e7\u00e3o \u00e0 candidatura de Biden, assim como os ataques a Moraes, est\u00e3o relacionados a interesses bilion\u00e1rios. Um exemplo do que est\u00e1 em jogo ganhou as manchetes da imprensa norte-americana na semana passada, quando <a href=\"https:\/\/www.nytimes.com\/2024\/04\/04\/us\/politics\/spacex-biden-musk-taxes.html#:~:text=Bright%20Orange%20Glow-,Biden%20Takes%20Aim%20at%20SpaceX's%20Tax%2DFree%20Ride%20in%20American,work%20of%20air%20traffic%20controllers.\">Biden revelou planos<\/a> de taxar empresas que utilizem o espa\u00e7o a\u00e9reo americano para lan\u00e7amentos de foguetes, como faz a SpaceX. O dinheiro seria usado para financiar o trabalho dos controladores de tr\u00e1fego a\u00e9reo.<\/p>\n<p>Nas \u00faltimas semanas, Musk tem intensificado as demonstra\u00e7\u00f5es de apoio a Trump, ainda que durante o mandato de Biden o empres\u00e1rio tenha sido pragm\u00e1tico: manteve <a href=\"https:\/\/www.nbcnews.com\/tech\/tech-news\/elon-musk-quietly-visited-biden-white-house-september-rcna139836\">rela\u00e7\u00f5es relativamente cordiais<\/a> com a Casa Branca, onde chegou a <a href=\"https:\/\/www.whitehouse.gov\/disclosures\/visitor-logs\/\">fazer uma visita, em 2021<\/a>.<\/p>\n<p>S\u00f3 que, desde mar\u00e7o deste ano, quando <a href=\"https:\/\/exame.com\/mundo\/musk-e-trump-tiveram-encontro-com-doadores-republicanos-nos-eua\/\">encontrou Trump e potenciais doadores<\/a>, mergulhou de vez na campanha eleitoral. E, como ele pr\u00f3prio n\u00e3o faz quest\u00e3o de esconder, o Brasil faz parte desse jogo.<\/p>\n<h2 id=\"h-como-musk-instrumentalizou-o-x-nbsp-nbsp\" class=\"wp-block-heading\">Como Musk instrumentalizou o X<\/h2>\n<p>A atual crise Musk-Moraes foi impulsionada pela divulga\u00e7\u00e3o, na \u00faltima quinta-feira, 4, dos chamados <a href=\"https:\/\/twitter.com\/shellenberger\/status\/1775516415023251835\">Twitter Files Brazil<\/a>, uma s\u00e9rie de e-mails internos da empresa divulgados pelo jornalista norte-americano Michael Shellenberger.<\/p>\n<p>As mensagens, trocadas entre funcion\u00e1rios do antigo Twitter em 2020 e 2022, revelam a contrariedade da equipe jur\u00eddica com decis\u00f5es da Justi\u00e7a brasileira que determinaram exclus\u00e3o de conte\u00fados em investiga\u00e7\u00f5es envolvendo a dissemina\u00e7\u00e3o de fake news.<\/p>\n<p>Com base nos e-mails, Shellenberger acusa Alexandre de Moraes e o sistema judici\u00e1rio brasileiro de quatro ilegalidades: exigir que o antigo Twitter revelasse detalhes pessoais sobre usu\u00e1rios que subiram hashtags que ele \u201cn\u00e3o gostou\u201d; exigir acesso aos dados internos da rede social, em viola\u00e7\u00e3o \u00e0 pol\u00edtica da plataforma; censurar unilateralmente postagens de parlamentares brasileiros; e tentar transformar as pol\u00edticas de modera\u00e7\u00e3o de conte\u00fado da rede social em uma arma contra apoiadores do ex-presidente Jair Bolsonaro.<\/p>\n<p>Apesar de propagandeadas por Musk, as revela\u00e7\u00f5es do Twitter Files Brazil contradizem uma mentira que o pr\u00f3prio bilion\u00e1rio propagou: a de que a antiga gest\u00e3o do Twitter teria favorecido a esquerda nas elei\u00e7\u00f5es de 2022.<\/p>\n<div class=\"single-content px-4 px-lg-0\">\n<p>\u201cTenho visto muitos tweets preocupantes sobre as recentes elei\u00e7\u00f5es no Brasil\u201d, escreveu Musk em 3 de dezembro de 2022, enquanto os apoiadores do ex-presidente Jair Bolsonaro estavam acampados do lado de fora de bases militares exigindo um golpe de estado.<\/p>\n<p>\u201cSe esses tweets forem precisos, \u00e9 poss\u00edvel que o pessoal do Twitter tenha dado prefer\u00eancia a candidatos de esquerda\u201d, afirmou Musk. Por\u00e9m, os documentos do Twitter Files Brazil demonstram que a empresa n\u00e3o apenas discordava de Alexandre de Moraes, como chegou a ter um <a href=\"https:\/\/www.conjur.com.br\/2021-nov-23\/tj-sp-rejeita-denuncia-advogado-twitter-nao-forneceu-dados-mp\/#:~:text=Por%20considerar%20que%20a%20omiss%C3%A3o,de%20fornecer%20dados%20cadastrais%20de\">funcion\u00e1rio denunciado<\/a> por descumprir decis\u00f5es judiciais.<\/p>\n<p>O Twitter Files chegou em um momento de dilemas empresariais do X. A aquisi\u00e7\u00e3o da plataforma por US$ 44 bilh\u00f5es, em outubro de 2022, resultou em uma queda de 70% do valor. A plataforma passou a ser avaliada em US$ 12,5 bilh\u00f5es. A avalia\u00e7\u00e3o foi divulgada por um dos <a href=\"https:\/\/www.axios.com\/2023\/12\/31\/elon-musks-x-fidelity-valuation-cut\">principais acionistas<\/a>.<\/p>\n<p>O Brasil \u00e9 o <a href=\"https:\/\/datareportal.com\/reports\/digital-2024-brazil\">terceiro maior p\u00fablico do X<\/a>, com 16,6 milh\u00f5es de usu\u00e1rios ativos. \u00c9 uma audi\u00eancia que, em condi\u00e7\u00f5es normais, certamente Musk n\u00e3o desprezaria \u2013 como faz ao provocar Moraes. Mas, como o empres\u00e1rio tem neg\u00f3cios muito mais valiosos por aqui, parece disposto a colocar a perder.<\/p>\n<\/div>\n<section class=\"single-content-apoie-lg g-col-12 container-lg d-flex flex-column align-items-start bg-gray-50 mx-md-0 my-6 py-5 ps-4 ps-lg-0 pe-5\">&nbsp;<\/p>\n<\/section>\n<\/div>\n<\/article>\n<\/div>\n<\/section>\n<p>&nbsp;<\/p>\n<p>&nbsp;<\/p>\n<p>&nbsp;<\/p>\n<p>&nbsp;<\/p>\n<p>&nbsp;<\/p>\n<p>&nbsp;<\/p>\n<p>&nbsp;<\/p>\n","protected":false},"excerpt":{"rendered":"<p>The Intercept &#8211; Seguimos o dinheiro que movimenta os ataques de Elon Musk a Alexandre de Moraes. A POSTURA DE ELON MUSK em rela\u00e7\u00e3o ao Brasil, especialmente em confronto com o judici\u00e1rio brasileiro, n\u00e3o \u00e9 usual. Com desafios regulat\u00f3rios em diversos pa\u00edses, o bilion\u00e1rio geralmente coloca em segundo plano seu ativismo de extrema direita para&#8230;<a class=\"more-link\" href=\"http:\/\/blogdalucianaoliveira.com.br\/blog\/2024\/04\/08\/litio-x-e-eleicoes\/\">Continue a leitura <span class=\"meta-nav\">&raquo;<\/span><\/a><\/p>\n","protected":false},"author":1,"featured_media":0,"comment_status":"closed","ping_status":"open","sticky":false,"template":"","format":"standard","meta":{"_exactmetrics_skip_tracking":false,"_exactmetrics_sitenote_active":false,"_exactmetrics_sitenote_note":"","_exactmetrics_sitenote_category":0,"jetpack_post_was_ever_published":false,"_jetpack_newsletter_access":"","_jetpack_dont_email_post_to_subs":false,"_jetpack_newsletter_tier_id":0,"_jetpack_memberships_contains_paywalled_content":false,"_jetpack_memberships_contains_paid_content":false,"footnotes":"","jetpack_publicize_message":"","jetpack_publicize_feature_enabled":true,"jetpack_social_post_already_shared":true,"jetpack_social_options":{"image_generator_settings":{"template":"highway","enabled":false},"version":2}},"categories":[1],"tags":[899,896,897],"class_list":["post-34868","post","type-post","status-publish","format-standard","hentry","category-notas","tag-alexandre-de-moraes","tag-ellon-musk","tag-x"],"jetpack_publicize_connections":[],"jetpack_sharing_enabled":true,"jetpack_featured_media_url":"","jetpack_shortlink":"https:\/\/wp.me\/p7wKYW-94o","jetpack-related-posts":[],"_links":{"self":[{"href":"http:\/\/blogdalucianaoliveira.com.br\/blog\/wp-json\/wp\/v2\/posts\/34868","targetHints":{"allow":["GET"]}}],"collection":[{"href":"http:\/\/blogdalucianaoliveira.com.br\/blog\/wp-json\/wp\/v2\/posts"}],"about":[{"href":"http:\/\/blogdalucianaoliveira.com.br\/blog\/wp-json\/wp\/v2\/types\/post"}],"author":[{"embeddable":true,"href":"http:\/\/blogdalucianaoliveira.com.br\/blog\/wp-json\/wp\/v2\/users\/1"}],"replies":[{"embeddable":true,"href":"http:\/\/blogdalucianaoliveira.com.br\/blog\/wp-json\/wp\/v2\/comments?post=34868"}],"version-history":[{"count":4,"href":"http:\/\/blogdalucianaoliveira.com.br\/blog\/wp-json\/wp\/v2\/posts\/34868\/revisions"}],"predecessor-version":[{"id":34874,"href":"http:\/\/blogdalucianaoliveira.com.br\/blog\/wp-json\/wp\/v2\/posts\/34868\/revisions\/34874"}],"wp:attachment":[{"href":"http:\/\/blogdalucianaoliveira.com.br\/blog\/wp-json\/wp\/v2\/media?parent=34868"}],"wp:term":[{"taxonomy":"category","embeddable":true,"href":"http:\/\/blogdalucianaoliveira.com.br\/blog\/wp-json\/wp\/v2\/categories?post=34868"},{"taxonomy":"post_tag","embeddable":true,"href":"http:\/\/blogdalucianaoliveira.com.br\/blog\/wp-json\/wp\/v2\/tags?post=34868"}],"curies":[{"name":"wp","href":"https:\/\/api.w.org\/{rel}","templated":true}]}}