{"id":34875,"date":"2024-04-09T08:29:11","date_gmt":"2024-04-09T12:29:11","guid":{"rendered":"https:\/\/blogdalucianaoliveira.com.br\/blog\/?p=34875"},"modified":"2024-04-09T08:29:11","modified_gmt":"2024-04-09T12:29:11","slug":"quem-sao-os-extremistas-que-podem-ter-contas-reativadas-se-musk-descumprir-ordem-de-moraes","status":"publish","type":"post","link":"http:\/\/blogdalucianaoliveira.com.br\/blog\/2024\/04\/09\/quem-sao-os-extremistas-que-podem-ter-contas-reativadas-se-musk-descumprir-ordem-de-moraes\/","title":{"rendered":"Quem s\u00e3o os extremistas que podem ter contas reativadas se Musk descumprir ordem de Moraes"},"content":{"rendered":"<div class=\"main-article--body\">\n<figure class=\"main-photo\"><img data-recalc-dims=\"1\" decoding=\"async\" class=\"i-amphtml-fill-content i-amphtml-replaced-content\" src=\"https:\/\/i0.wp.com\/revistaforum.com.br\/u\/fotografias\/m\/2024\/4\/8\/f960x540-127385_201460_15.jpg?w=600&#038;ssl=1\" alt=\"\" data-amp-auto-lightbox-disable=\"\" \/><\/figure>\n<\/div>\n<h1 class=\"bajada\">Bilion\u00e1rio dono do X proferiu uma s\u00e9rie de ataques ao ministro e \u00e0 democracia brasileira por decis\u00e3o do STF em banir condenados por fake news<\/h1>\n<p><!--more--><\/p>\n<div class=\"main-article--body\">\n<p><strong>F\u00f3rum<\/strong> &#8211; Neste s\u00e1bado (6), o bilion\u00e1rio <a href=\"https:\/\/revistaforum.com.br\/temas\/elon-musk-30141.html\" target=\"_blank\" rel=\"noopener\">Elon Musk<\/a>, dono do X (antigo Twitter),<a href=\"https:\/\/revistaforum.com.br\/global\/2024\/4\/6\/elon-musk-afronta-alexandre-de-moraes-pelo-em-apoio-extrema-direita-do-brasil-156849.html\" target=\"_blank\" rel=\"noopener\">\u00a0amea\u00e7ou descumprir decis\u00f5es<\/a>\u00a0do ministro\u00a0<a href=\"https:\/\/revistaforum.com.br\/temas\/alexandre-de-moraes-16351.html\" target=\"_blank\" rel=\"noopener\">Alexandre de Moraes<\/a>, do Supremo Tribunal Federal (STF), e reativar contas de extremistas brasileiros.<\/p>\n<p>\u201cEstamos levantando todas as restri\u00e7\u00f5es. Esse juiz [Alexandre de Moraes] aplicou multas pesadas, amea\u00e7ou prender nossos funcion\u00e1rios e cortou o acesso ao X no Brasil. Como resultado, provavelmente perderemos todas as receitas no Brasil e teremos que fechar nosso escrit\u00f3rio l\u00e1. Mas os princ\u00edpios s\u00e3o mais importantes do que o lucro\u201d, afirmou o empres\u00e1rio em sua rede social.<\/p>\n<p>As decis\u00f5es do STF foram tomadas nos \u00faltimos quatro anos em rela\u00e7\u00e3o a personalidades\u00a0<strong>investigadas por articula\u00e7\u00e3o de mil\u00edcias digitais<\/strong>, no \u00e2mbito do\u00a0<strong>inqu\u00e9rito das fake news<\/strong>\u00a0&#8211; do qual<strong>\u00a0Musk passou a fazer parte<\/strong>\u00a0ap\u00f3s uma s\u00e9rie de ataques a Moraes e \u00e0 democracia brasileira. Os usu\u00e1rios banidos proferiram\u00a0<strong>discursos de \u00f3dio e conte\u00fados falsos\u00a0<\/strong>contra o Estado democr\u00e1tico\u00a0e \u00e0s institui\u00e7\u00f5es.<\/p>\n<div class=\"content-banner\">\n<p>Confira abaixo alguns dos usu\u00e1rios que podem voltar \u00e0 ativa caso Musk cumpra suas amea\u00e7as:<\/p>\n<div class=\"content-banner\">\n<div class=\"amp-hidden\">\n<ul>\n<li><a href=\"https:\/\/revistaforum.com.br\/temas\/allan-dos-santos-48477.html\" target=\"_blank\" rel=\"noopener\"><strong>Allan dos Santos<\/strong><\/a>: blogueiro bolsonarista de extrema direita, dono do Ter\u00e7a Livre, investigado nos inqu\u00e9ritos das fake news e dos atos antidemocr\u00e1ticos, e foragido da justi\u00e7a brasileira;<\/li>\n<li><a href=\"https:\/\/revistaforum.com.br\/temas\/daniel-silveira-33567.html\" target=\"_blank\" rel=\"noopener\"><strong>Daniel Silveira<\/strong><\/a>, ex-deputado federal preso em 2021 ap\u00f3s publicar conte\u00fado com amea\u00e7as a ministros do STF e defendeu o AI-5;<\/li>\n<li><a href=\"https:\/\/revistaforum.com.br\/temas\/paulo-figueiredo-filho-56943.html\" target=\"_blank\" rel=\"noopener\"><strong>Paulo Figueiredo Filho<\/strong><\/a>, ex-comentarista da Jovem Pan, neto de ex-presidente na ditadura militar, general Jo\u00e3o Figueiredo, \u00e9 investigado por participa\u00e7\u00e3o nos atos golpistas de 8 de janeiro;<\/li>\n<li><a href=\"https:\/\/revistaforum.com.br\/temas\/luciano-hang-32943.html\" target=\"_blank\" rel=\"noopener\"><strong>Luciano Hang<\/strong><\/a>: empres\u00e1rio bolsonarista dono da Havan\u00a0\u00e9 acusado de ser um dos financiadores dos atos golpistas de 8 de janeiro; teve suas contas bloqueadas por ter feito parte de um grupo de WhatsApp de empres\u00e1rios no qual foi discutido teorias golpistas;<\/li>\n<li><a href=\"https:\/\/revistaforum.com.br\/temas\/monark-56889.html\" target=\"_blank\" rel=\"noopener\"><strong>Monark<\/strong><\/a>: youtuber extremista que defendeu a exist\u00eancia de um partido nazista durante seu podcast em 2022; atualmente mora nos Estados Unidos;<\/li>\n<li><a href=\"https:\/\/revistaforum.com.br\/temas\/oswaldo-eustaquio-48892.html\" target=\"_blank\" rel=\"noopener\"><strong>Oswaldo Eust\u00e1quio<\/strong><\/a>:\u00a0jornalista foragido na Espanha\u00a0\u00e9 investigado no inqu\u00e9rito das fake news; chegou a ser preso mais de uma vez por ataques ao STF;<\/li>\n<li><a href=\"https:\/\/revistaforum.com.br\/temas\/roberto-jefferson-11816.html\" target=\"_blank\" rel=\"noopener\"><strong>Roberto Jefferson<\/strong><\/a>:\u00a0ex-deputado bolsonarista e armamentista, preso por participa\u00e7\u00e3o nos atos democr\u00e1ticos e por disparar 50 tiros e 3 granadas contra policiais; teve as contas derrubadas em 2020 e 2021 por decis\u00f5es de Moraes;<\/li>\n<li><strong><a href=\"https:\/\/revistaforum.com.br\/midia\/2020\/5\/27\/jornal-nacional-expe-empresarios-deputados-apoiadores-de-bolsonaro-que-so-alvo-do-stf-75920.html\" target=\"_blank\" rel=\"noopener\">Winston Lima<\/a><\/strong>:\u00a0ex-militar flagrado em conversas sobre os atos golpistas de 8 de janeiro; investigado pela PF por organizar rede de fake news;<\/li>\n<li><strong><a href=\"https:\/\/revistaforum.com.br\/temas\/rodrigo-constantino-10659.html\" target=\"_blank\" rel=\"noopener\">Rodrigo Constantino<\/a><\/strong>: blogueiro de direita e presidente do Instituto Liberal Brasileiro\u00a0\u00e9 acusado de participar dos atos golpistas;<\/li>\n<li><a href=\"https:\/\/revistaforum.com.br\/temas\/ludmila-lins-grilo-55414.html\" target=\"_blank\" rel=\"noopener\"><strong>Ludmila Grilo<\/strong><\/a>:\u00a0ex-ju\u00edza, aposentada compulsoriamente ap\u00f3s ataques ao STF;\u00a0incentivou aglomera\u00e7\u00e3o durante a pandemia; vive nos Estados Unidos;<\/li>\n<li><strong><a href=\"https:\/\/revistaforum.com.br\/temas\/bernardo-kster-49017.html\" target=\"_blank\" rel=\"noopener\">Bernardo K\u00fcster<\/a><\/strong>: youtuber bolsonarista\u00a0condenado por fake news no \u00e2mbito da CPI da Covid-19;<\/li>\n<li><strong><a href=\"https:\/\/revistaforum.com.br\/temas\/edgard-gomes-corona-29107.html\" target=\"_blank\" rel=\"noopener\">Edgard Corona<\/a><\/strong>: empres\u00e1rio dono da Smart Fit\u00a0foi alvo de opera\u00e7\u00e3o por ser um dos supostos financiadores de esquema de fake news e ataques a autoridades.<\/li>\n<\/ul>\n<h2><strong>Entenda o caso Musk x Moraes<\/strong><\/h2>\n<p>Ap\u00f3s os ataques do bilion\u00e1rio contra Moraes e ao STF, o\u00a0<a href=\"https:\/\/revistaforum.com.br\/politica\/2024\/4\/7\/alexandre-de-moraes-inclui-elon-musk-no-inquerito-das-fake-news-156889.html\" target=\"_blank\" rel=\"noopener\"><strong>ministro incluiu Musk no inqu\u00e9rito das fake news<\/strong><\/a>\u00a0e determinou a\u00a0<strong>abertura de um inqu\u00e9rito para apurar obstru\u00e7\u00e3o de justi\u00e7a<\/strong>\u00a0pelo bilion\u00e1rio. Em sua decis\u00e3o, o ministro ressaltou que os provedores de redes sociais e de servi\u00e7os de mensagens privadas t\u00eam as\u00a0<strong>mesmas responsabilidades que os gestores de outros meios de comunica\u00e7\u00e3o, m\u00eddia e publicidade digital<\/strong>. \u201cPrincipalmente quando direcionam ou monetizam dados, informa\u00e7\u00f5es e not\u00edcias veiculadas em suas plataformas\u201d, disse.<\/p>\n<p>O ministro ainda acusou Musk de\u00a0<strong>\u201cdolosa instrumentaliza\u00e7\u00e3o criminosa&#8221;<\/strong>\u00a0e determinou\u00a0multa di\u00e1ria de R$ 100 mil\u00a0para cada perfil desbloqueado pelo bilion\u00e1rio.<\/p>\n<h2><strong>Amea\u00e7a de Musk incendeia grupos bolsonaristas<\/strong><\/h2>\n<p>As amea\u00e7as de Musk a Moraes e \u00e0 democracia brasileira incendiaram os grupos de apoio a Jair Bolsonaro (PL) no Telegram, em mais um ind\u00edcio de a\u00e7\u00e3o orquestrada.<\/p>\n<p>Enquanto o movimento de Musk atrai apoio de ultradireitistas pelo mundo, os grupos de apoio ao ex-presidente criam novas teorias da conspira\u00e7\u00e3o em cima de teses &#8220;terraplanistas&#8221; j\u00e1 propagadas e buscam sair do ambiente virtual para voltar a tumultuar as ruas e at\u00e9 shoppings.<\/p>\n<h2><strong>A\u00e7\u00e3o orquestrada<\/strong><\/h2>\n<p>Os ataques de Elon Musk contra Alexandre de Moraes e a soberania do Brasil n\u00e3o s\u00e3o um ato tresloucado de um empres\u00e1rio megaloman\u00edaco, mas<strong>\u00a0parte de uma a\u00e7\u00e3o orquestrada para desestabilizar o pa\u00eds<\/strong>, como indicado pelo deputado federal\u00a0<a href=\"https:\/\/revistaforum.com.br\/temas\/eduardo-bolsonaro-15580.html\" target=\"_blank\" rel=\"noopener\"><strong>Eduardo Bolsonaro<\/strong><\/a>\u00a0(PL-SP).<\/p>\n<p>Por meio de seu perfil no X, o filho do ex-presidente fez algumas publica\u00e7\u00f5es que apontam para uma a\u00e7\u00e3o orquestrada com os principais l\u00edderes da extrema direita europeia.<\/p>\n<p>Algumas horas ap\u00f3s os ataques de Elon Musk, o l\u00edder do Chega!, partido da extrema direita portuguesa, Andr\u00e9 Ventura, publicou um v\u00eddeo com ataques ao Brasil e ao ministro Alexandre de Moraes, o qual foi compartilhado por Eduardo Bolsonaro com a seguinte frase: &#8220;Nossa liberdade n\u00e3o est\u00e1 em risco, j\u00e1 \u00e9 diariamente violada&#8221;.<\/p>\n<\/div>\n<\/div>\n<\/div>\n<\/div>\n<p>&nbsp;<\/p>\n","protected":false},"excerpt":{"rendered":"<p>Bilion\u00e1rio dono do X proferiu uma s\u00e9rie de ataques ao ministro e \u00e0 democracia brasileira por decis\u00e3o do STF em banir condenados por fake news<\/p>\n","protected":false},"author":1,"featured_media":0,"comment_status":"closed","ping_status":"open","sticky":false,"template":"","format":"standard","meta":{"_exactmetrics_skip_tracking":false,"_exactmetrics_sitenote_active":false,"_exactmetrics_sitenote_note":"","_exactmetrics_sitenote_category":0,"jetpack_post_was_ever_published":false,"_jetpack_newsletter_access":"","_jetpack_dont_email_post_to_subs":false,"_jetpack_newsletter_tier_id":0,"_jetpack_memberships_contains_paywalled_content":false,"_jetpack_memberships_contains_paid_content":false,"footnotes":"","jetpack_publicize_message":"","jetpack_publicize_feature_enabled":true,"jetpack_social_post_already_shared":true,"jetpack_social_options":{"image_generator_settings":{"template":"highway","enabled":false},"version":2}},"categories":[1],"tags":[368,901,900],"class_list":["post-34875","post","type-post","status-publish","format-standard","hentry","category-notas","tag-fakenews","tag-moraes","tag-musk"],"jetpack_publicize_connections":[],"jetpack_sharing_enabled":true,"jetpack_featured_media_url":"","jetpack_shortlink":"https:\/\/wp.me\/p7wKYW-94v","jetpack-related-posts":[],"_links":{"self":[{"href":"http:\/\/blogdalucianaoliveira.com.br\/blog\/wp-json\/wp\/v2\/posts\/34875","targetHints":{"allow":["GET"]}}],"collection":[{"href":"http:\/\/blogdalucianaoliveira.com.br\/blog\/wp-json\/wp\/v2\/posts"}],"about":[{"href":"http:\/\/blogdalucianaoliveira.com.br\/blog\/wp-json\/wp\/v2\/types\/post"}],"author":[{"embeddable":true,"href":"http:\/\/blogdalucianaoliveira.com.br\/blog\/wp-json\/wp\/v2\/users\/1"}],"replies":[{"embeddable":true,"href":"http:\/\/blogdalucianaoliveira.com.br\/blog\/wp-json\/wp\/v2\/comments?post=34875"}],"version-history":[{"count":1,"href":"http:\/\/blogdalucianaoliveira.com.br\/blog\/wp-json\/wp\/v2\/posts\/34875\/revisions"}],"predecessor-version":[{"id":34876,"href":"http:\/\/blogdalucianaoliveira.com.br\/blog\/wp-json\/wp\/v2\/posts\/34875\/revisions\/34876"}],"wp:attachment":[{"href":"http:\/\/blogdalucianaoliveira.com.br\/blog\/wp-json\/wp\/v2\/media?parent=34875"}],"wp:term":[{"taxonomy":"category","embeddable":true,"href":"http:\/\/blogdalucianaoliveira.com.br\/blog\/wp-json\/wp\/v2\/categories?post=34875"},{"taxonomy":"post_tag","embeddable":true,"href":"http:\/\/blogdalucianaoliveira.com.br\/blog\/wp-json\/wp\/v2\/tags?post=34875"}],"curies":[{"name":"wp","href":"https:\/\/api.w.org\/{rel}","templated":true}]}}