{"id":34881,"date":"2024-04-09T11:57:53","date_gmt":"2024-04-09T15:57:53","guid":{"rendered":"https:\/\/blogdalucianaoliveira.com.br\/blog\/?p=34881"},"modified":"2024-04-09T12:07:37","modified_gmt":"2024-04-09T16:07:37","slug":"acusado-de-matar-ari-uru-eu-wau-wau-sera-julgado-no-proximo-dia-15","status":"publish","type":"post","link":"http:\/\/blogdalucianaoliveira.com.br\/blog\/2024\/04\/09\/acusado-de-matar-ari-uru-eu-wau-wau-sera-julgado-no-proximo-dia-15\/","title":{"rendered":"Acusado de matar Ari Uru Eu Wau Wau ser\u00e1 julgado no pr\u00f3ximo dia 15"},"content":{"rendered":"<p><img data-recalc-dims=\"1\" decoding=\"async\" src=\"https:\/\/i0.wp.com\/www.cnnbrasil.com.br\/wp-content\/uploads\/sites\/12\/2021\/06\/3362_123B7DD4D0D25591.png?w=600&#038;ssl=1\" alt=\"Ari Uru-Eu-Wau-Wau foi encontrado morto na madrugada de s\u00e1bado (18)\" \/><\/p>\n<p>\u00c9 um evento marcante no Abril Ind\u00edgena e especialmente para o povo Jupa\u00fa que perdeu uma lideran\u00e7a na v\u00e9spera da data comemorativa dos Povos Ind\u00edgenas no Brasil, h\u00e1 quatro anos. H\u00e1 intensa mobiliza\u00e7\u00e3o para que representantes de v\u00e1rios povos de Rond\u00f4nia participem do julgamento.<!--more--><\/p>\n<p>O guardi\u00e3o do maior territ\u00f3rio ind\u00edgena do estado foi encontrado morto na RO-010, em Taril\u00e2ndia, distrito de Jaru, pr\u00f3ximo da aldeia 621 onde morava. O corpo de Ari Uru Eu Wau Wau apresentava sinais de les\u00e3o contundente na regi\u00e3o do pesco\u00e7o e nenhum de autodefesa.<\/p>\n<p>Ari era professor e integrava a Equipe de Vigil\u00e2ncia Ind\u00edgena que monitora invas\u00f5es e extra\u00e7\u00f5es ilegais de madeira dentro do seu territ\u00f3rio, a Terra Ind\u00edgena Uru-Eu-Wau-Wau.<\/p>\n<p>O julgamento est\u00e1 previsto para ocorrer no dia 15 de abril, a partir das 8h da manh\u00e3, na comarca de\u00a0Jaru (RO). O r\u00e9u, Jo\u00e3o Carlos da Silva, se condenado por homic\u00eddio qualificado com motivo f\u00fatil, pode ter pena imposta de 12 a 30 anos.<\/p>\n<p>Para a Pol\u00edcia Federal que assumiu o inqu\u00e9rito, a morte do ativista \u201cn\u00e3o tem liga\u00e7\u00e3o com crimes ambientais\u201d, mas com o fato de que o r\u00e9u estaria incomodado com a presen\u00e7a de Ari na regi\u00e3o.<\/p>\n<p>Os ind\u00edgenas duvidam dessa vers\u00e3o e insistem que pode haver um mandante do crime. A resist\u00eancia e luta da v\u00edtima para proteger seu povo e sua terra incomodava muito mais gente. O acusado n\u00e3o quis prestar depoimento e s\u00f3 deve falar em Ju\u00edzo.<\/p>\n<p>Na hip\u00f3tese criminal da Pol\u00edcia Federal, consta que algu\u00e9m pode ter ajudado o r\u00e9u no crime. Ari teria sido morto num determinado local e levado para outro.<\/p>\n<p>Uma campanha feita por ind\u00edgenas nas redes e nas ruas ser\u00e1 intensificada nos dias que antecedem o julgamento e o desfecho do caso deve repercutir novamente na imprensa nacional e estrangeira.<\/p>\n<p><img data-recalc-dims=\"1\" loading=\"lazy\" decoding=\"async\" data-attachment-id=\"34886\" data-permalink=\"http:\/\/blogdalucianaoliveira.com.br\/blog\/2024\/04\/09\/acusado-de-matar-ari-uru-eu-wau-wau-sera-julgado-no-proximo-dia-15\/zzz\/\" data-orig-file=\"https:\/\/i0.wp.com\/blogdalucianaoliveira.com.br\/blog\/wp-content\/uploads\/2024\/04\/ZZZ.jpeg?fit=2000%2C2000\" data-orig-size=\"2000,2000\" data-comments-opened=\"0\" data-image-meta=\"{&quot;aperture&quot;:&quot;0&quot;,&quot;credit&quot;:&quot;&quot;,&quot;camera&quot;:&quot;&quot;,&quot;caption&quot;:&quot;&quot;,&quot;created_timestamp&quot;:&quot;0&quot;,&quot;copyright&quot;:&quot;&quot;,&quot;focal_length&quot;:&quot;0&quot;,&quot;iso&quot;:&quot;0&quot;,&quot;shutter_speed&quot;:&quot;0&quot;,&quot;title&quot;:&quot;&quot;,&quot;orientation&quot;:&quot;1&quot;}\" data-image-title=\"ZZZ\" data-image-description=\"\" data-image-caption=\"\" data-medium-file=\"https:\/\/i0.wp.com\/blogdalucianaoliveira.com.br\/blog\/wp-content\/uploads\/2024\/04\/ZZZ.jpeg?fit=300%2C300\" data-large-file=\"https:\/\/i0.wp.com\/blogdalucianaoliveira.com.br\/blog\/wp-content\/uploads\/2024\/04\/ZZZ.jpeg?fit=600%2C600\" class=\"alignnone size-full wp-image-34886\" src=\"https:\/\/i0.wp.com\/blogdalucianaoliveira.com.br\/blog\/wp-content\/uploads\/2024\/04\/ZZZ.jpeg?resize=600%2C600\" alt=\"\" width=\"600\" height=\"600\" srcset=\"https:\/\/i0.wp.com\/blogdalucianaoliveira.com.br\/blog\/wp-content\/uploads\/2024\/04\/ZZZ.jpeg?w=2000 2000w, https:\/\/i0.wp.com\/blogdalucianaoliveira.com.br\/blog\/wp-content\/uploads\/2024\/04\/ZZZ.jpeg?resize=300%2C300 300w, https:\/\/i0.wp.com\/blogdalucianaoliveira.com.br\/blog\/wp-content\/uploads\/2024\/04\/ZZZ.jpeg?resize=1024%2C1024 1024w, https:\/\/i0.wp.com\/blogdalucianaoliveira.com.br\/blog\/wp-content\/uploads\/2024\/04\/ZZZ.jpeg?resize=150%2C150 150w, https:\/\/i0.wp.com\/blogdalucianaoliveira.com.br\/blog\/wp-content\/uploads\/2024\/04\/ZZZ.jpeg?resize=768%2C768 768w, https:\/\/i0.wp.com\/blogdalucianaoliveira.com.br\/blog\/wp-content\/uploads\/2024\/04\/ZZZ.jpeg?resize=1536%2C1536 1536w, https:\/\/i0.wp.com\/blogdalucianaoliveira.com.br\/blog\/wp-content\/uploads\/2024\/04\/ZZZ.jpeg?w=1200 1200w, https:\/\/i0.wp.com\/blogdalucianaoliveira.com.br\/blog\/wp-content\/uploads\/2024\/04\/ZZZ.jpeg?w=1800 1800w\" sizes=\"auto, (max-width: 600px) 100vw, 600px\" \/><\/p>\n<p><img data-recalc-dims=\"1\" loading=\"lazy\" decoding=\"async\" data-attachment-id=\"34885\" data-permalink=\"http:\/\/blogdalucianaoliveira.com.br\/blog\/2024\/04\/09\/acusado-de-matar-ari-uru-eu-wau-wau-sera-julgado-no-proximo-dia-15\/outdoor-final-baixa\/\" data-orig-file=\"https:\/\/i0.wp.com\/blogdalucianaoliveira.com.br\/blog\/wp-content\/uploads\/2024\/04\/outdoor-final-baixa.png?fit=11811%2C3937\" data-orig-size=\"11811,3937\" data-comments-opened=\"0\" data-image-meta=\"{&quot;aperture&quot;:&quot;0&quot;,&quot;credit&quot;:&quot;&quot;,&quot;camera&quot;:&quot;&quot;,&quot;caption&quot;:&quot;&quot;,&quot;created_timestamp&quot;:&quot;0&quot;,&quot;copyright&quot;:&quot;&quot;,&quot;focal_length&quot;:&quot;0&quot;,&quot;iso&quot;:&quot;0&quot;,&quot;shutter_speed&quot;:&quot;0&quot;,&quot;title&quot;:&quot;&quot;,&quot;orientation&quot;:&quot;0&quot;}\" data-image-title=\"outdoor final baixa\" data-image-description=\"\" data-image-caption=\"\" data-medium-file=\"https:\/\/i0.wp.com\/blogdalucianaoliveira.com.br\/blog\/wp-content\/uploads\/2024\/04\/outdoor-final-baixa.png?fit=300%2C100\" data-large-file=\"https:\/\/i0.wp.com\/blogdalucianaoliveira.com.br\/blog\/wp-content\/uploads\/2024\/04\/outdoor-final-baixa.png?fit=600%2C200\" class=\"alignnone size-full wp-image-34885\" src=\"https:\/\/i0.wp.com\/blogdalucianaoliveira.com.br\/blog\/wp-content\/uploads\/2024\/04\/outdoor-final-baixa.png?resize=600%2C200\" alt=\"\" width=\"600\" height=\"200\" srcset=\"https:\/\/i0.wp.com\/blogdalucianaoliveira.com.br\/blog\/wp-content\/uploads\/2024\/04\/outdoor-final-baixa.png?w=11811 11811w, https:\/\/i0.wp.com\/blogdalucianaoliveira.com.br\/blog\/wp-content\/uploads\/2024\/04\/outdoor-final-baixa.png?resize=300%2C100 300w, https:\/\/i0.wp.com\/blogdalucianaoliveira.com.br\/blog\/wp-content\/uploads\/2024\/04\/outdoor-final-baixa.png?resize=1024%2C341 1024w, https:\/\/i0.wp.com\/blogdalucianaoliveira.com.br\/blog\/wp-content\/uploads\/2024\/04\/outdoor-final-baixa.png?resize=768%2C256 768w, https:\/\/i0.wp.com\/blogdalucianaoliveira.com.br\/blog\/wp-content\/uploads\/2024\/04\/outdoor-final-baixa.png?resize=1536%2C512 1536w, https:\/\/i0.wp.com\/blogdalucianaoliveira.com.br\/blog\/wp-content\/uploads\/2024\/04\/outdoor-final-baixa.png?resize=2048%2C683 2048w, https:\/\/i0.wp.com\/blogdalucianaoliveira.com.br\/blog\/wp-content\/uploads\/2024\/04\/outdoor-final-baixa.png?resize=800%2C267 800w, https:\/\/i0.wp.com\/blogdalucianaoliveira.com.br\/blog\/wp-content\/uploads\/2024\/04\/outdoor-final-baixa.png?w=1200 1200w, https:\/\/i0.wp.com\/blogdalucianaoliveira.com.br\/blog\/wp-content\/uploads\/2024\/04\/outdoor-final-baixa.png?w=1800 1800w\" sizes=\"auto, (max-width: 600px) 100vw, 600px\" \/><br \/>\nO nome do professor Ari ecoou fortemente quando foi lembrado na abertura oficial da Confer\u00eancia da C\u00fapula do Clima (COP26) na Esc\u00f3cia, no discurso da ativista ind\u00edgena Txai Suru\u00ed.<\/p>\n<p>O ind\u00edgena guardi\u00e3o da floresta ganhou\u00a0uma pintura de 600 m\u00b2 do artista Mundano, feita com terra e cinzas de queimadas na Amaz\u00f4nia, no centro da cidade de S\u00e3o Paulo.<\/p>\n<p><strong><em> <img data-recalc-dims=\"1\" decoding=\"async\" src=\"https:\/\/i0.wp.com\/s2-g1.glbimg.com\/-HaKUwuzUuWDg4HbPYJ2gxwxZdQ%3D\/0x0%3A3703x3571\/984x0\/smart\/filters%3Astrip_icc%28%29\/i.s3.glbimg.com\/v1\/AUTH_59edd422c0c84a879bd37670ae4f538a\/internal_photos\/bs\/2023\/s\/u\/B7JXpxRHO2QlIoLnLBsg\/dji-0380.jpg?w=600&#038;ssl=1\" alt=\"Ari-Uru-Eu-Wau-Wau \u00e9 homenageado em pintura de 600 m\u00b2 no Centro de S\u00e3o Paulo \u2014 Foto: Andr\u00e9 D'Elia\" \/><\/em><\/strong><\/p>\n<p>&nbsp;<\/p>\n<p>O assassinato de Ari tamb\u00e9m\u00a0foi retratado no document\u00e1rio \u2018O Territ\u00f3rio\u2019, vencedor de mais de trinta pr\u00eamios, entre eles, o Emmy 2023,\u00a0que narra a luta do povo ind\u00edgena Uru-Eu-Wau-Wau em defesa de seu territ\u00f3rio.<\/p>\n<p><img data-recalc-dims=\"1\" loading=\"lazy\" decoding=\"async\" data-attachment-id=\"34882\" data-permalink=\"http:\/\/blogdalucianaoliveira.com.br\/blog\/2024\/04\/09\/acusado-de-matar-ari-uru-eu-wau-wau-sera-julgado-no-proximo-dia-15\/image_processing20210419-10498-d5zcb9\/\" data-orig-file=\"https:\/\/i0.wp.com\/blogdalucianaoliveira.com.br\/blog\/wp-content\/uploads\/2024\/04\/image_processing20210419-10498-d5zcb9.jpeg?fit=800%2C533\" data-orig-size=\"800,533\" data-comments-opened=\"0\" data-image-meta=\"{&quot;aperture&quot;:&quot;0&quot;,&quot;credit&quot;:&quot;&quot;,&quot;camera&quot;:&quot;&quot;,&quot;caption&quot;:&quot;&quot;,&quot;created_timestamp&quot;:&quot;0&quot;,&quot;copyright&quot;:&quot;&quot;,&quot;focal_length&quot;:&quot;0&quot;,&quot;iso&quot;:&quot;0&quot;,&quot;shutter_speed&quot;:&quot;0&quot;,&quot;title&quot;:&quot;&quot;,&quot;orientation&quot;:&quot;0&quot;}\" data-image-title=\"image_processing20210419-10498-d5zcb9\" data-image-description=\"\" data-image-caption=\"\" data-medium-file=\"https:\/\/i0.wp.com\/blogdalucianaoliveira.com.br\/blog\/wp-content\/uploads\/2024\/04\/image_processing20210419-10498-d5zcb9.jpeg?fit=300%2C200\" data-large-file=\"https:\/\/i0.wp.com\/blogdalucianaoliveira.com.br\/blog\/wp-content\/uploads\/2024\/04\/image_processing20210419-10498-d5zcb9.jpeg?fit=600%2C400\" class=\"alignnone size-full wp-image-34882\" src=\"https:\/\/i0.wp.com\/blogdalucianaoliveira.com.br\/blog\/wp-content\/uploads\/2024\/04\/image_processing20210419-10498-d5zcb9.jpeg?resize=600%2C400\" alt=\"\" width=\"600\" height=\"400\" srcset=\"https:\/\/i0.wp.com\/blogdalucianaoliveira.com.br\/blog\/wp-content\/uploads\/2024\/04\/image_processing20210419-10498-d5zcb9.jpeg?w=800 800w, https:\/\/i0.wp.com\/blogdalucianaoliveira.com.br\/blog\/wp-content\/uploads\/2024\/04\/image_processing20210419-10498-d5zcb9.jpeg?resize=300%2C200 300w, https:\/\/i0.wp.com\/blogdalucianaoliveira.com.br\/blog\/wp-content\/uploads\/2024\/04\/image_processing20210419-10498-d5zcb9.jpeg?resize=768%2C512 768w, https:\/\/i0.wp.com\/blogdalucianaoliveira.com.br\/blog\/wp-content\/uploads\/2024\/04\/image_processing20210419-10498-d5zcb9.jpeg?resize=450%2C300 450w\" sizes=\"auto, (max-width: 600px) 100vw, 600px\" \/><\/p>\n","protected":false},"excerpt":{"rendered":"<p>\u00c9 um evento marcante no Abril Ind\u00edgena e especialmente para o povo Jupa\u00fa que perdeu uma lideran\u00e7a na v\u00e9spera da data comemorativa dos Povos Ind\u00edgenas no Brasil, h\u00e1 quatro anos. H\u00e1 intensa mobiliza\u00e7\u00e3o para que representantes de v\u00e1rios povos de Rond\u00f4nia participem do julgamento.<\/p>\n","protected":false},"author":1,"featured_media":0,"comment_status":"closed","ping_status":"open","sticky":false,"template":"","format":"standard","meta":{"_exactmetrics_skip_tracking":false,"_exactmetrics_sitenote_active":false,"_exactmetrics_sitenote_note":"","_exactmetrics_sitenote_category":0,"jetpack_post_was_ever_published":false,"_jetpack_newsletter_access":"","_jetpack_dont_email_post_to_subs":false,"_jetpack_newsletter_tier_id":0,"_jetpack_memberships_contains_paywalled_content":false,"_jetpack_memberships_contains_paid_content":false,"footnotes":"","jetpack_publicize_message":"","jetpack_publicize_feature_enabled":true,"jetpack_social_post_already_shared":true,"jetpack_social_options":{"image_generator_settings":{"template":"highway","enabled":false},"version":2}},"categories":[1],"tags":[488,624,902,7],"class_list":["post-34881","post","type-post","status-publish","format-standard","hentry","category-notas","tag-ari-uru-eu-wau-wau","tag-indigena","tag-julgamento","tag-rondonia"],"jetpack_publicize_connections":[],"jetpack_sharing_enabled":true,"jetpack_featured_media_url":"","jetpack_shortlink":"https:\/\/wp.me\/p7wKYW-94B","jetpack-related-posts":[],"_links":{"self":[{"href":"http:\/\/blogdalucianaoliveira.com.br\/blog\/wp-json\/wp\/v2\/posts\/34881","targetHints":{"allow":["GET"]}}],"collection":[{"href":"http:\/\/blogdalucianaoliveira.com.br\/blog\/wp-json\/wp\/v2\/posts"}],"about":[{"href":"http:\/\/blogdalucianaoliveira.com.br\/blog\/wp-json\/wp\/v2\/types\/post"}],"author":[{"embeddable":true,"href":"http:\/\/blogdalucianaoliveira.com.br\/blog\/wp-json\/wp\/v2\/users\/1"}],"replies":[{"embeddable":true,"href":"http:\/\/blogdalucianaoliveira.com.br\/blog\/wp-json\/wp\/v2\/comments?post=34881"}],"version-history":[{"count":3,"href":"http:\/\/blogdalucianaoliveira.com.br\/blog\/wp-json\/wp\/v2\/posts\/34881\/revisions"}],"predecessor-version":[{"id":34888,"href":"http:\/\/blogdalucianaoliveira.com.br\/blog\/wp-json\/wp\/v2\/posts\/34881\/revisions\/34888"}],"wp:attachment":[{"href":"http:\/\/blogdalucianaoliveira.com.br\/blog\/wp-json\/wp\/v2\/media?parent=34881"}],"wp:term":[{"taxonomy":"category","embeddable":true,"href":"http:\/\/blogdalucianaoliveira.com.br\/blog\/wp-json\/wp\/v2\/categories?post=34881"},{"taxonomy":"post_tag","embeddable":true,"href":"http:\/\/blogdalucianaoliveira.com.br\/blog\/wp-json\/wp\/v2\/tags?post=34881"}],"curies":[{"name":"wp","href":"https:\/\/api.w.org\/{rel}","templated":true}]}}