{"id":3490,"date":"2016-08-28T10:51:33","date_gmt":"2016-08-28T14:51:33","guid":{"rendered":"http:\/\/blogdalucianaoliveira.com.br\/blog\/?p=3490"},"modified":"2016-08-28T10:51:33","modified_gmt":"2016-08-28T14:51:33","slug":"aconteceu-de-verdade-numa-campanha-eleitoral-em-rondonia","status":"publish","type":"post","link":"http:\/\/blogdalucianaoliveira.com.br\/blog\/2016\/08\/28\/aconteceu-de-verdade-numa-campanha-eleitoral-em-rondonia\/","title":{"rendered":"Aconteceu de verdade numa campanha eleitoral em Rond\u00f4nia"},"content":{"rendered":"<p><img data-recalc-dims=\"1\" loading=\"lazy\" decoding=\"async\" data-attachment-id=\"3491\" data-permalink=\"http:\/\/blogdalucianaoliveira.com.br\/blog\/2016\/08\/28\/aconteceu-de-verdade-numa-campanha-eleitoral-em-rondonia\/sorveteiro\/\" data-orig-file=\"https:\/\/i0.wp.com\/blogdalucianaoliveira.com.br\/blog\/wp-content\/uploads\/2016\/08\/sorveteiro.png?fit=510%2C304\" data-orig-size=\"510,304\" data-comments-opened=\"0\" data-image-meta=\"{&quot;aperture&quot;:&quot;0&quot;,&quot;credit&quot;:&quot;&quot;,&quot;camera&quot;:&quot;&quot;,&quot;caption&quot;:&quot;&quot;,&quot;created_timestamp&quot;:&quot;0&quot;,&quot;copyright&quot;:&quot;&quot;,&quot;focal_length&quot;:&quot;0&quot;,&quot;iso&quot;:&quot;0&quot;,&quot;shutter_speed&quot;:&quot;0&quot;,&quot;title&quot;:&quot;&quot;,&quot;orientation&quot;:&quot;0&quot;}\" data-image-title=\"sorveteiro\" data-image-description=\"\" data-image-caption=\"\" data-medium-file=\"https:\/\/i0.wp.com\/blogdalucianaoliveira.com.br\/blog\/wp-content\/uploads\/2016\/08\/sorveteiro.png?fit=300%2C179\" data-large-file=\"https:\/\/i0.wp.com\/blogdalucianaoliveira.com.br\/blog\/wp-content\/uploads\/2016\/08\/sorveteiro.png?fit=510%2C304\" src=\"https:\/\/i0.wp.com\/blogdalucianaoliveira.com.br\/blog\/wp-content\/uploads\/2016\/08\/sorveteiro.png?resize=510%2C304\" alt=\"sorveteiro\" width=\"510\" height=\"304\" class=\"alignnone size-full wp-image-3491\" srcset=\"https:\/\/i0.wp.com\/blogdalucianaoliveira.com.br\/blog\/wp-content\/uploads\/2016\/08\/sorveteiro.png?w=510 510w, https:\/\/i0.wp.com\/blogdalucianaoliveira.com.br\/blog\/wp-content\/uploads\/2016\/08\/sorveteiro.png?resize=300%2C179 300w, https:\/\/i0.wp.com\/blogdalucianaoliveira.com.br\/blog\/wp-content\/uploads\/2016\/08\/sorveteiro.png?resize=503%2C300 503w\" sizes=\"auto, (max-width: 510px) 100vw, 510px\" \/><\/p>\n<p>ENTRANDO NUMA FRIA<!--more--><\/p>\n<p>Do Livro Cr\u00f4nicas do TRE-RO<\/p>\n<p>Por Ruzevan Saraiva da Silva<\/p>\n<p>Todos sabem que em toda elei\u00e7\u00e3o um servidor do TRE \u00e9 deslocado para auxiliar os Cart\u00f3rios Eleitorais.<br \/>\nL\u00f3gico que essa ajuda vai das urnas eletr\u00f4nicas ao processo de totaliza\u00e7\u00e3o, e nesse meio tempo faz-se de tudo, o importante \u00e9 vestir a camisa da Justi\u00e7a Eleitoral Futebol Clube.<\/p>\n<p>Sempre que falo isso vem \u00e0 minha cabe\u00e7a, uma frase de um colega de trabalho, servidor antigo com v\u00e1rias hist\u00f3rias sobre a Justi\u00e7a Eleitoral, que entre um discurso e outro como Secret\u00e1rio de Inform\u00e1tica, sa\u00eda com essa: \u201cN\u00e3o temos que vestir a camisa da Justi\u00e7a Eleitoral, temos que tatuar a camisa no corpo&#8221;.<\/p>\n<p>Nossa! Que irado! Pensei na primeira vez. Mas, entre um trabalho e outro, no dia da elei\u00e7\u00e3o, sempre ocorrem situa\u00e7\u00f5es inusitadas, principalmente com as famosas \u201dbocas de urna\u201d.<\/p>\n<p>N\u00e3o \u00e9 f\u00e1cil lidar com esses cabos eleitorais, imagino o quanto a Justi\u00e7a Eleitoral sofre com eles. Para se ter uma ideia da situa\u00e7\u00e3o, em 1998, no munic\u00edpio de Cacoal, a panfletagem era tanta que n\u00e3o tinha espa\u00e7o na rua em frente \u00e0s escola para colocar tanto santinho que era<br \/>\nespalhado. Ali\u00e1s, at\u00e9 hoje me pergunto, por que candidato pol\u00edtico recebe o nome de SANTINHO na sua propaganda?<\/p>\n<p>Os dois candidatos que mais se digladiavam na refer\u00eancia popular era o candidato Valdir Raupp do PMDB (15) e o candidato Jos\u00e9 Bianco do PFL (25), ambos para Governo do Estado. Enfim: em um determinado col\u00e9gio estava eu passando para verificar um problema em uma das urnas eleitorais, quando fui interpelado por alguns fiscais de partido que me pediram para denunciar uma boca de urna \u00e0 Justi\u00e7a Eleitoral. <\/p>\n<p>Naquele momento eu era a Justi\u00e7a Eleitoral, em carne e osso.<\/p>\n<p>Um deles se aproximou de mim e disse:<\/p>\n<p>&#8211; Voc\u00ea \u00e9 da Justi\u00e7a Eleitoral?! Pois tem um vendedor de picol\u00e9 na frente da escola fazendo boca de urna. Voc\u00eas t\u00eam que prend\u00ea-lo!!<\/p>\n<p>O fiscal me conduziu na dire\u00e7\u00e3o do vendedor para que eu comprovasse o ato ilegal da boca de urna. Ao chegar ao local escutei o vendedor gritando em alto e bom som para todos.<br \/>\n&#8211; RAUPPicol\u00e9!!! RAUPPicol\u00e9!!! RAUPPicol\u00e9!!! O melhor de todos.<br \/>\nN\u00e3o esque\u00e7am!!!<\/p>\n<p>N\u00e3o acreditei, o vendedor dava \u00eanfase ao candidato RAUPP. N\u00e3o tive escolha, liguei para o Cart\u00f3rio Eleitoral e levaram o \u201dpicolezeiro\u201d para o Cadei\u00e3o.<\/p>\n<p>De volta ao Cart\u00f3rio Eleitoral, ap\u00f3s uma hora, tive que retornar \u00e0quela escola para atender um novo chamado de verifica\u00e7\u00e3o de urna.<\/p>\n<p>Ao chegar l\u00e1&#8230; Acreditem!!! Outro fiscal veio ao meu encontro e disse:<br \/>\n&#8211; Vejo que o Senhor \u00e9 da Justi\u00e7a Eleitoral. Tem um vendedor de picol\u00e9 fazendo boca de urna. Eu levo l\u00e1 agora para comprovar.<\/p>\n<p>Por um momento, fiquei parado e pensando: \u201cSer\u00e1 que o vendedor de picol\u00e9 foi liberado do \u201cCadei\u00e3o\u201c e est\u00e1 aprontando novamente? Isso \u00e9 muito descaramento!\u201d<\/p>\n<p>Para al\u00edvio de minha consci\u00eancia n\u00e3o era o mesmo vendedor, mas outro que ocupou a vaga do anterior (t\u00edpico de elei\u00e7\u00e3o!). Ao me aproximar do vendedor, escutei a eloqu\u00eancia do mesmo:<\/p>\n<p>&#8211; Olha o picol\u00e9, \u00e9 S\u00d3 25!!! N\u00e3o esque\u00e7am, \u00e9 S\u00d3 25! Olha o picol\u00e9,<br \/>\n\u00e9 S\u00d3 25!!! N\u00e3o esque\u00e7am, \u00e9 S\u00d3 25!<\/p>\n<p>N\u00e3o acreditei, ele dava \u00eanfase ao n\u00famero do candidato Jos\u00e9 Bianco do PFL, n\u00famero 25. Novamente acionei o Cart\u00f3rio Eleitoral, e outro \u201cpicolezeiro\u201d foi detido e levado para o famoso \u201cCadei\u00e3o\u201d.<br \/>\nA partir daquele momento, retornei ao Cart\u00f3rio Eleitoral e n\u00e3o sa\u00ed mais, aguardei at\u00e9 o encerramento da vota\u00e7\u00e3o.<\/p>\n<p>N\u00e3o era poss\u00edvel, todas as vezes que eu sa\u00eda um picolezeiro ia para o Cadei\u00e3o.<\/p>\n<p>Terminada a apura\u00e7\u00e3o, lembrei-me da situa\u00e7\u00e3o dos vendedores que tinham sido presos, junto com os seus instrumentos de trabalho, ou seja, os carros de picol\u00e9. Dirigi-me ao local, onde funcionava o Cadei\u00e3o, e logo na entrada fui escutando das pessoas que haviam sido detidas e liberadas, a seguinte frase:<\/p>\n<p>&#8211; Cara! N\u00e3o sabia que ficar preso na elei\u00e7\u00e3o era t\u00e3o bom. De uma em uma hora chegava um carro cheio de picol\u00e9 pra gente passar a tarde. Estou de barriga cheia que nem vou jantar hoje.<\/p>\n<p>Decididamente! Que me perdoem os publicit\u00e1rios Nizam Guanaes e Duda Mendon\u00e7a, mas os verdadeiros marqueteiros das elei\u00e7\u00f5es s\u00e3o os cabos eleitorais.<\/p>\n<p>Haja picol\u00e9! Que fria eu entrei!<\/p>\n","protected":false},"excerpt":{"rendered":"<p>ENTRANDO NUMA FRIA<\/p>\n","protected":false},"author":1,"featured_media":0,"comment_status":"closed","ping_status":"open","sticky":false,"template":"","format":"standard","meta":{"_exactmetrics_skip_tracking":false,"_exactmetrics_sitenote_active":false,"_exactmetrics_sitenote_note":"","_exactmetrics_sitenote_category":0,"jetpack_post_was_ever_published":false,"_jetpack_newsletter_access":"","_jetpack_dont_email_post_to_subs":false,"_jetpack_newsletter_tier_id":0,"_jetpack_memberships_contains_paywalled_content":false,"_jetpack_memberships_contains_paid_content":false,"footnotes":"","jetpack_publicize_message":"","jetpack_publicize_feature_enabled":true,"jetpack_social_post_already_shared":true,"jetpack_social_options":{"image_generator_settings":{"template":"highway","enabled":false},"version":2}},"categories":[1],"tags":[],"class_list":["post-3490","post","type-post","status-publish","format-standard","hentry","category-notas"],"jetpack_publicize_connections":[],"jetpack_sharing_enabled":true,"jetpack_featured_media_url":"","jetpack_shortlink":"https:\/\/wp.me\/p7wKYW-Ui","jetpack-related-posts":[],"_links":{"self":[{"href":"http:\/\/blogdalucianaoliveira.com.br\/blog\/wp-json\/wp\/v2\/posts\/3490","targetHints":{"allow":["GET"]}}],"collection":[{"href":"http:\/\/blogdalucianaoliveira.com.br\/blog\/wp-json\/wp\/v2\/posts"}],"about":[{"href":"http:\/\/blogdalucianaoliveira.com.br\/blog\/wp-json\/wp\/v2\/types\/post"}],"author":[{"embeddable":true,"href":"http:\/\/blogdalucianaoliveira.com.br\/blog\/wp-json\/wp\/v2\/users\/1"}],"replies":[{"embeddable":true,"href":"http:\/\/blogdalucianaoliveira.com.br\/blog\/wp-json\/wp\/v2\/comments?post=3490"}],"version-history":[{"count":2,"href":"http:\/\/blogdalucianaoliveira.com.br\/blog\/wp-json\/wp\/v2\/posts\/3490\/revisions"}],"predecessor-version":[{"id":3493,"href":"http:\/\/blogdalucianaoliveira.com.br\/blog\/wp-json\/wp\/v2\/posts\/3490\/revisions\/3493"}],"wp:attachment":[{"href":"http:\/\/blogdalucianaoliveira.com.br\/blog\/wp-json\/wp\/v2\/media?parent=3490"}],"wp:term":[{"taxonomy":"category","embeddable":true,"href":"http:\/\/blogdalucianaoliveira.com.br\/blog\/wp-json\/wp\/v2\/categories?post=3490"},{"taxonomy":"post_tag","embeddable":true,"href":"http:\/\/blogdalucianaoliveira.com.br\/blog\/wp-json\/wp\/v2\/tags?post=3490"}],"curies":[{"name":"wp","href":"https:\/\/api.w.org\/{rel}","templated":true}]}}