{"id":34900,"date":"2024-04-10T12:26:51","date_gmt":"2024-04-10T16:26:51","guid":{"rendered":"http:\/\/blogdalucianaoliveira.com.br\/blog\/?p=34900"},"modified":"2024-04-10T12:26:51","modified_gmt":"2024-04-10T16:26:51","slug":"arthur-lira-e-sua-turma-se-aliam-a-musk-por-uma-internet-sem-lei","status":"publish","type":"post","link":"http:\/\/blogdalucianaoliveira.com.br\/blog\/2024\/04\/10\/arthur-lira-e-sua-turma-se-aliam-a-musk-por-uma-internet-sem-lei\/","title":{"rendered":"Arthur Lira e sua turma se aliam a Musk por uma internet sem lei"},"content":{"rendered":"<p>&nbsp;<\/p>\n<p><img data-recalc-dims=\"1\" loading=\"lazy\" decoding=\"async\" data-attachment-id=\"34901\" data-permalink=\"http:\/\/blogdalucianaoliveira.com.br\/blog\/2024\/04\/10\/arthur-lira-e-sua-turma-se-aliam-a-musk-por-uma-internet-sem-lei\/img_1377\/\" data-orig-file=\"https:\/\/i0.wp.com\/blogdalucianaoliveira.com.br\/blog\/wp-content\/uploads\/2024\/04\/IMG_1377.jpeg?fit=1200%2C754\" data-orig-size=\"1200,754\" data-comments-opened=\"0\" data-image-meta=\"{&quot;aperture&quot;:&quot;0&quot;,&quot;credit&quot;:&quot;&quot;,&quot;camera&quot;:&quot;&quot;,&quot;caption&quot;:&quot;&quot;,&quot;created_timestamp&quot;:&quot;0&quot;,&quot;copyright&quot;:&quot;&quot;,&quot;focal_length&quot;:&quot;0&quot;,&quot;iso&quot;:&quot;0&quot;,&quot;shutter_speed&quot;:&quot;0&quot;,&quot;title&quot;:&quot;&quot;,&quot;orientation&quot;:&quot;0&quot;}\" data-image-title=\"IMG_1377\" data-image-description=\"\" data-image-caption=\"\" data-medium-file=\"https:\/\/i0.wp.com\/blogdalucianaoliveira.com.br\/blog\/wp-content\/uploads\/2024\/04\/IMG_1377.jpeg?fit=300%2C189\" data-large-file=\"https:\/\/i0.wp.com\/blogdalucianaoliveira.com.br\/blog\/wp-content\/uploads\/2024\/04\/IMG_1377.jpeg?fit=600%2C377\" class=\"alignnone size-full wp-image-34901\" src=\"https:\/\/i0.wp.com\/blogdalucianaoliveira.com.br\/blog\/wp-content\/uploads\/2024\/04\/IMG_1377.jpeg?resize=600%2C377\" alt=\"\" width=\"600\" height=\"377\" srcset=\"https:\/\/i0.wp.com\/blogdalucianaoliveira.com.br\/blog\/wp-content\/uploads\/2024\/04\/IMG_1377.jpeg?w=1200 1200w, https:\/\/i0.wp.com\/blogdalucianaoliveira.com.br\/blog\/wp-content\/uploads\/2024\/04\/IMG_1377.jpeg?resize=300%2C189 300w, https:\/\/i0.wp.com\/blogdalucianaoliveira.com.br\/blog\/wp-content\/uploads\/2024\/04\/IMG_1377.jpeg?resize=1024%2C643 1024w, https:\/\/i0.wp.com\/blogdalucianaoliveira.com.br\/blog\/wp-content\/uploads\/2024\/04\/IMG_1377.jpeg?resize=768%2C483 768w, https:\/\/i0.wp.com\/blogdalucianaoliveira.com.br\/blog\/wp-content\/uploads\/2024\/04\/IMG_1377.jpeg?resize=477%2C300 477w\" sizes=\"auto, (max-width: 600px) 100vw, 600px\" \/><\/p>\n<p>Metr\u00f3poles, por Ricardo Noblat &#8211; Ouvi, outro dia, de um observador arguto da pol\u00edtica, com livre tr\u00e2nsito nas rodas de conversa dos tr\u00eas Poderes da Rep\u00fablica, que o atual Congresso est\u00e1 a ponto de contrariar o que Ulysses Guimar\u00e3es, presidente do MDB, da C\u00e2mara e da Assembleia Nacional Constituinte de 1988 costumava dizer \u2013 a princ\u00edpio com um sorriso de ironia, depois com ares de cansa\u00e7o e de preocupa\u00e7\u00e3o.<!--more--><\/p>\n<p>Sempre que algu\u00e9m se queixava a Ulysses da baixa qualidade do Congresso de ent\u00e3o, ele respondia:<\/p>\n<p><em>\u201c\u00c9 porque voc\u00ea ainda n\u00e3o viu o pr\u00f3ximo\u201d.<\/em><\/p>\n<p>O observador arguto da pol\u00edtica \u00e9 um otimista. Sem um pingo de ironia, falando s\u00e9rio, ele considera que o Congresso a ser eleito daqui a dois anos ser\u00e1 menos ruim do que o que temos hoje. E por uma simples raz\u00e3o: pior do que o atual seria imposs\u00edvel. Mas n\u00e3o s\u00f3. Seja qual for o candidato da direita em 2026, ele estar\u00e1 distante de representar o que Bolsonaro representou em 2018 e 2022.<\/p>\n<p>No momento em que a democracia volta a ser alvo de ataques, desta vez patrocinado pela Internacional Fascista que mira o Supremo Tribunal Federal para desgast\u00e1-lo e evitar que Bolsonaro acabe preso, o que faz a C\u00e2mara sob o comando do deputado Arthur Lira (PP-AL)? Manda para o lixo o projeto de lei aprovado no Senado que regulamentaria o uso da internet pelas plataformas digitais.<\/p>\n<p>Elon Musk, um dos homens mais ricos do mundo, dono do X, ex-Twitter, \u00e9 uma das estrelas da Internacional Fascista que apoia Bolsonaro e que por ele \u00e9 apoiado para que n\u00e3o haja regulamenta\u00e7\u00e3o da internet em parte alguma. Na Europa, j\u00e1 h\u00e1. Na China, onde Musk tem neg\u00f3cios, a internet funciona conforme o gosto do \u00fanico partido que ali existe. Por que n\u00e3o barrar a regulamenta\u00e7\u00e3o no Brasil?<\/p>\n<p>Para isso, Musk n\u00e3o precisaria desacatar a justi\u00e7a brasileira, mas ele o fez. Bastaria ter acionado sua trupe no Congresso e em outros meios influentes que compartilham seus valores. Ficaria menos exposto \u2013 mas quem disse que ele, um exibicionista nato, \u00e9 contra a exposi\u00e7\u00e3o? E n\u00e3o correria o risco de amargar preju\u00edzos no pa\u00eds onde foi condecorado por Bolsonaro e onde tem muitos interesses.<\/p>\n<p>Pressionado pelos l\u00edderes dos partidos de direita que contam com a maioria dos deputados na C\u00e2mara, Lira apelou para um velho truque. Quando n\u00e3o se quer que algo v\u00e1 em frente, no Congresso ou no governo, anuncia-se a forma\u00e7\u00e3o de um grupo de trabalho para estudar o assunto. Foi o que Lira fez. Segundo ele, o projeto de lei, na vers\u00e3o do seu relator, \u201cfoi polemizado\u201d, e logo em ano eleitoral.<\/p>\n<p>O grupo de trabalho tratar\u00e1 de rediscuti-lo \u201csem disputas pol\u00edtico-ideol\u00f3gicas\u201d. Mas como \u201csem disputas pol\u00edtico-ideol\u00f3gicas\u201d em um ambiente cada vez mais radicalizado? E que assim permanecer\u00e1 at\u00e9 que sopre o vento da renova\u00e7\u00e3o \u2013 se soprar, como acredita o observador arguto? Lula disse um dia, e n\u00e3o faz muito tempo, que a democracia \u00e9 relativa. Lira concorda plenamente com ele.<\/p>\n<p>A regula\u00e7\u00e3o das redes vai cair no colo do Supremo, e a\u00ed se dir\u00e1 que o tribunal se mete em tudo. Mete-se quando o Congresso abdica de suas responsabilidades, o que \u00e9 comum. E ainda bem que se mete, como no caso de barrar as inten\u00e7\u00f5es golpistas de um presidente defensor da tortura e da ditadura. Lira e seus apaniguados assistiram ao avan\u00e7o do golpe de olhos semicerrados. N\u00e3o fosse o Supremo\u2026<\/p>\n","protected":false},"excerpt":{"rendered":"<p>&nbsp; Metr\u00f3poles, por Ricardo Noblat &#8211; Ouvi, outro dia, de um observador arguto da pol\u00edtica, com livre tr\u00e2nsito nas rodas de conversa dos tr\u00eas Poderes da Rep\u00fablica, que o atual Congresso est\u00e1 a ponto de contrariar o que Ulysses Guimar\u00e3es, presidente do MDB, da C\u00e2mara e da Assembleia Nacional Constituinte de 1988 costumava dizer \u2013&#8230;<a class=\"more-link\" href=\"http:\/\/blogdalucianaoliveira.com.br\/blog\/2024\/04\/10\/arthur-lira-e-sua-turma-se-aliam-a-musk-por-uma-internet-sem-lei\/\">Continue a leitura <span class=\"meta-nav\">&raquo;<\/span><\/a><\/p>\n","protected":false},"author":1,"featured_media":0,"comment_status":"closed","ping_status":"open","sticky":false,"template":"","format":"standard","meta":{"_exactmetrics_skip_tracking":false,"_exactmetrics_sitenote_active":false,"_exactmetrics_sitenote_note":"","_exactmetrics_sitenote_category":0,"jetpack_post_was_ever_published":false,"_jetpack_newsletter_access":"","_jetpack_dont_email_post_to_subs":false,"_jetpack_newsletter_tier_id":0,"_jetpack_memberships_contains_paywalled_content":false,"_jetpack_memberships_contains_paid_content":false,"footnotes":"","jetpack_publicize_message":"","jetpack_publicize_feature_enabled":true,"jetpack_social_post_already_shared":true,"jetpack_social_options":{"image_generator_settings":{"template":"highway","enabled":false},"version":2}},"categories":[1],"tags":[896,903,282],"class_list":["post-34900","post","type-post","status-publish","format-standard","hentry","category-notas","tag-ellon-musk","tag-lira","tag-redes-sociais"],"jetpack_publicize_connections":[],"jetpack_sharing_enabled":true,"jetpack_featured_media_url":"","jetpack_shortlink":"https:\/\/wp.me\/p7wKYW-94U","jetpack-related-posts":[],"_links":{"self":[{"href":"http:\/\/blogdalucianaoliveira.com.br\/blog\/wp-json\/wp\/v2\/posts\/34900","targetHints":{"allow":["GET"]}}],"collection":[{"href":"http:\/\/blogdalucianaoliveira.com.br\/blog\/wp-json\/wp\/v2\/posts"}],"about":[{"href":"http:\/\/blogdalucianaoliveira.com.br\/blog\/wp-json\/wp\/v2\/types\/post"}],"author":[{"embeddable":true,"href":"http:\/\/blogdalucianaoliveira.com.br\/blog\/wp-json\/wp\/v2\/users\/1"}],"replies":[{"embeddable":true,"href":"http:\/\/blogdalucianaoliveira.com.br\/blog\/wp-json\/wp\/v2\/comments?post=34900"}],"version-history":[{"count":1,"href":"http:\/\/blogdalucianaoliveira.com.br\/blog\/wp-json\/wp\/v2\/posts\/34900\/revisions"}],"predecessor-version":[{"id":34902,"href":"http:\/\/blogdalucianaoliveira.com.br\/blog\/wp-json\/wp\/v2\/posts\/34900\/revisions\/34902"}],"wp:attachment":[{"href":"http:\/\/blogdalucianaoliveira.com.br\/blog\/wp-json\/wp\/v2\/media?parent=34900"}],"wp:term":[{"taxonomy":"category","embeddable":true,"href":"http:\/\/blogdalucianaoliveira.com.br\/blog\/wp-json\/wp\/v2\/categories?post=34900"},{"taxonomy":"post_tag","embeddable":true,"href":"http:\/\/blogdalucianaoliveira.com.br\/blog\/wp-json\/wp\/v2\/tags?post=34900"}],"curies":[{"name":"wp","href":"https:\/\/api.w.org\/{rel}","templated":true}]}}