{"id":34903,"date":"2024-04-10T13:10:42","date_gmt":"2024-04-10T17:10:42","guid":{"rendered":"http:\/\/blogdalucianaoliveira.com.br\/blog\/?p=34903"},"modified":"2024-04-10T13:10:42","modified_gmt":"2024-04-10T17:10:42","slug":"a-prisao-de-bolsonaro-e-a-liberdade-do-brasil","status":"publish","type":"post","link":"http:\/\/blogdalucianaoliveira.com.br\/blog\/2024\/04\/10\/a-prisao-de-bolsonaro-e-a-liberdade-do-brasil\/","title":{"rendered":"A pris\u00e3o de Bolsonaro \u00e9 a liberdade do Brasil"},"content":{"rendered":"<p><img data-recalc-dims=\"1\" loading=\"lazy\" decoding=\"async\" data-attachment-id=\"34904\" data-permalink=\"http:\/\/blogdalucianaoliveira.com.br\/blog\/2024\/04\/10\/a-prisao-de-bolsonaro-e-a-liberdade-do-brasil\/img_1381\/\" data-orig-file=\"https:\/\/i0.wp.com\/blogdalucianaoliveira.com.br\/blog\/wp-content\/uploads\/2024\/04\/IMG_1381.webp?fit=500%2C240\" data-orig-size=\"500,240\" data-comments-opened=\"0\" data-image-meta=\"{&quot;aperture&quot;:&quot;0&quot;,&quot;credit&quot;:&quot;&quot;,&quot;camera&quot;:&quot;&quot;,&quot;caption&quot;:&quot;&quot;,&quot;created_timestamp&quot;:&quot;0&quot;,&quot;copyright&quot;:&quot;&quot;,&quot;focal_length&quot;:&quot;0&quot;,&quot;iso&quot;:&quot;0&quot;,&quot;shutter_speed&quot;:&quot;0&quot;,&quot;title&quot;:&quot;&quot;,&quot;orientation&quot;:&quot;0&quot;}\" data-image-title=\"IMG_1381\" data-image-description=\"\" data-image-caption=\"\" data-medium-file=\"https:\/\/i0.wp.com\/blogdalucianaoliveira.com.br\/blog\/wp-content\/uploads\/2024\/04\/IMG_1381.webp?fit=300%2C144\" data-large-file=\"https:\/\/i0.wp.com\/blogdalucianaoliveira.com.br\/blog\/wp-content\/uploads\/2024\/04\/IMG_1381.webp?fit=500%2C240\" class=\"alignnone size-full wp-image-34904\" src=\"https:\/\/i0.wp.com\/blogdalucianaoliveira.com.br\/blog\/wp-content\/uploads\/2024\/04\/IMG_1381.webp?resize=500%2C240\" alt=\"\" width=\"500\" height=\"240\" srcset=\"https:\/\/i0.wp.com\/blogdalucianaoliveira.com.br\/blog\/wp-content\/uploads\/2024\/04\/IMG_1381.webp?w=500 500w, https:\/\/i0.wp.com\/blogdalucianaoliveira.com.br\/blog\/wp-content\/uploads\/2024\/04\/IMG_1381.webp?resize=300%2C144 300w\" sizes=\"auto, (max-width: 500px) 100vw, 500px\" \/><\/p>\n<p><strong>247, por Tiago Barbosa<\/strong>, A maior prova de liberdade que o Brasil pode ter, agora, \u00e9 a pris\u00e3o de Jair Bolsonaro. \u00c9 a rota principal para livrar o pa\u00eds do fascismo, das fake news, dos esquemas extremistas, da inger\u00eancia externa. Do caos institucional e social excitado pela horda de fan\u00e1ticos e alienados. <!--more--><\/p>\n<p>A pris\u00e3o de Bolsonaro &#8211; sustentada por zilh\u00f5es de provas relativas a in\u00fameros crimes &#8211; desidrata a emp\u00e1fia extremista escorada na percep\u00e7\u00e3o de impunidade. A mesma sensa\u00e7\u00e3o de prote\u00e7\u00e3o dos milicos flagrados reiteradamente em crimes contra o povo brasileiro.<\/p>\n<p>A reclus\u00e3o de Bolsonaro tem o cond\u00e3o de real\u00e7ar o papel da Justi\u00e7a, de colocar o bem da coletividade acima do sectarismo, de abrir a realidade a uma pauta humanista e civilizat\u00f3ria, de acenar ao futuro. A anistia \u00e9 o oposto a essa sa\u00edda, \u00e9 a censura \u00e0 igualdade entre cidad\u00e3os a partir do aval a um segmento para cometer crimes e ficar ileso.<\/p>\n<p>A anistia encarcera o pa\u00eds na impunidade, na mem\u00f3ria de dores nunca curadas e reativadas a cada injusti\u00e7a tolerada pelo pacto de sil\u00eancio e normaliza\u00e7\u00e3o. Liberdade (de express\u00e3o) \u00e9 prender Bolsonaro para dar voz ao Brasil. Anistia \u00e9 censurar o nosso direito \u00e0 vida.<\/p>\n","protected":false},"excerpt":{"rendered":"<p>247, por Tiago Barbosa, A maior prova de liberdade que o Brasil pode ter, agora, \u00e9 a pris\u00e3o de Jair Bolsonaro. \u00c9 a rota principal para livrar o pa\u00eds do fascismo, das fake news, dos esquemas extremistas, da inger\u00eancia externa. Do caos institucional e social excitado pela horda de fan\u00e1ticos e alienados.<\/p>\n","protected":false},"author":1,"featured_media":0,"comment_status":"closed","ping_status":"open","sticky":false,"template":"","format":"standard","meta":{"_exactmetrics_skip_tracking":false,"_exactmetrics_sitenote_active":false,"_exactmetrics_sitenote_note":"","_exactmetrics_sitenote_category":0,"jetpack_post_was_ever_published":false,"_jetpack_newsletter_access":"","_jetpack_dont_email_post_to_subs":false,"_jetpack_newsletter_tier_id":0,"_jetpack_memberships_contains_paywalled_content":false,"_jetpack_memberships_contains_paid_content":false,"footnotes":"","jetpack_publicize_message":"","jetpack_publicize_feature_enabled":true,"jetpack_social_post_already_shared":true,"jetpack_social_options":{"image_generator_settings":{"template":"highway","enabled":false},"version":2}},"categories":[1],"tags":[53,765,42],"class_list":["post-34903","post","type-post","status-publish","format-standard","hentry","category-notas","tag-bolsonaro","tag-brasil-247","tag-prisao"],"jetpack_publicize_connections":[],"jetpack_sharing_enabled":true,"jetpack_featured_media_url":"","jetpack_shortlink":"https:\/\/wp.me\/p7wKYW-94X","jetpack-related-posts":[],"_links":{"self":[{"href":"http:\/\/blogdalucianaoliveira.com.br\/blog\/wp-json\/wp\/v2\/posts\/34903","targetHints":{"allow":["GET"]}}],"collection":[{"href":"http:\/\/blogdalucianaoliveira.com.br\/blog\/wp-json\/wp\/v2\/posts"}],"about":[{"href":"http:\/\/blogdalucianaoliveira.com.br\/blog\/wp-json\/wp\/v2\/types\/post"}],"author":[{"embeddable":true,"href":"http:\/\/blogdalucianaoliveira.com.br\/blog\/wp-json\/wp\/v2\/users\/1"}],"replies":[{"embeddable":true,"href":"http:\/\/blogdalucianaoliveira.com.br\/blog\/wp-json\/wp\/v2\/comments?post=34903"}],"version-history":[{"count":1,"href":"http:\/\/blogdalucianaoliveira.com.br\/blog\/wp-json\/wp\/v2\/posts\/34903\/revisions"}],"predecessor-version":[{"id":34905,"href":"http:\/\/blogdalucianaoliveira.com.br\/blog\/wp-json\/wp\/v2\/posts\/34903\/revisions\/34905"}],"wp:attachment":[{"href":"http:\/\/blogdalucianaoliveira.com.br\/blog\/wp-json\/wp\/v2\/media?parent=34903"}],"wp:term":[{"taxonomy":"category","embeddable":true,"href":"http:\/\/blogdalucianaoliveira.com.br\/blog\/wp-json\/wp\/v2\/categories?post=34903"},{"taxonomy":"post_tag","embeddable":true,"href":"http:\/\/blogdalucianaoliveira.com.br\/blog\/wp-json\/wp\/v2\/tags?post=34903"}],"curies":[{"name":"wp","href":"https:\/\/api.w.org\/{rel}","templated":true}]}}