{"id":34915,"date":"2024-04-11T14:09:35","date_gmt":"2024-04-11T18:09:35","guid":{"rendered":"http:\/\/blogdalucianaoliveira.com.br\/blog\/?p=34915"},"modified":"2024-04-11T14:09:35","modified_gmt":"2024-04-11T18:09:35","slug":"frente-ambientalista-denuncia-paralisacao-da-comissao-de-meio-ambiente-da-camara","status":"publish","type":"post","link":"http:\/\/blogdalucianaoliveira.com.br\/blog\/2024\/04\/11\/frente-ambientalista-denuncia-paralisacao-da-comissao-de-meio-ambiente-da-camara\/","title":{"rendered":"Frente ambientalista denuncia paralisa\u00e7\u00e3o da Comiss\u00e3o de Meio Ambiente da C\u00e2mara"},"content":{"rendered":"<p><img data-recalc-dims=\"1\" loading=\"lazy\" decoding=\"async\" data-attachment-id=\"34916\" data-permalink=\"http:\/\/blogdalucianaoliveira.com.br\/blog\/2024\/04\/11\/frente-ambientalista-denuncia-paralisacao-da-comissao-de-meio-ambiente-da-camara\/img_1414\/\" data-orig-file=\"https:\/\/i0.wp.com\/blogdalucianaoliveira.com.br\/blog\/wp-content\/uploads\/2024\/04\/IMG_1414.jpeg?fit=602%2C400\" data-orig-size=\"602,400\" data-comments-opened=\"0\" data-image-meta=\"{&quot;aperture&quot;:&quot;0&quot;,&quot;credit&quot;:&quot;&quot;,&quot;camera&quot;:&quot;&quot;,&quot;caption&quot;:&quot;&quot;,&quot;created_timestamp&quot;:&quot;0&quot;,&quot;copyright&quot;:&quot;&quot;,&quot;focal_length&quot;:&quot;0&quot;,&quot;iso&quot;:&quot;0&quot;,&quot;shutter_speed&quot;:&quot;0&quot;,&quot;title&quot;:&quot;&quot;,&quot;orientation&quot;:&quot;0&quot;}\" data-image-title=\"IMG_1414\" data-image-description=\"\" data-image-caption=\"\" data-medium-file=\"https:\/\/i0.wp.com\/blogdalucianaoliveira.com.br\/blog\/wp-content\/uploads\/2024\/04\/IMG_1414.jpeg?fit=300%2C199\" data-large-file=\"https:\/\/i0.wp.com\/blogdalucianaoliveira.com.br\/blog\/wp-content\/uploads\/2024\/04\/IMG_1414.jpeg?fit=600%2C399\" class=\"alignnone size-full wp-image-34916\" src=\"https:\/\/i0.wp.com\/blogdalucianaoliveira.com.br\/blog\/wp-content\/uploads\/2024\/04\/IMG_1414.jpeg?resize=600%2C399\" alt=\"\" width=\"600\" height=\"399\" srcset=\"https:\/\/i0.wp.com\/blogdalucianaoliveira.com.br\/blog\/wp-content\/uploads\/2024\/04\/IMG_1414.jpeg?w=602 602w, https:\/\/i0.wp.com\/blogdalucianaoliveira.com.br\/blog\/wp-content\/uploads\/2024\/04\/IMG_1414.jpeg?resize=300%2C199 300w, https:\/\/i0.wp.com\/blogdalucianaoliveira.com.br\/blog\/wp-content\/uploads\/2024\/04\/IMG_1414.jpeg?resize=452%2C300 452w\" sizes=\"auto, (max-width: 600px) 100vw, 600px\" \/><br \/>\n<strong><br \/>\nAg\u00eancia Publica<\/strong> &#8211; A Frente Parlamentar Ambientalista denunciou, em <a href=\"https:\/\/apublica.org\/wp-content\/uploads\/2024\/04\/NOTA-FRENTE-AMBIENTALISTA-Frente-ambientalista-denuncia-paralisacao-da-Comissao-de-Meio-Ambiente-da-Camara.pdf\" target=\"_blank\" rel=\"noreferrer noopener\">nota<\/a> lan\u00e7ada nesta quinta-feira (11), o que chama de manobras que t\u00eam impedido o funcionamento adequado da Comiss\u00e3o de Meio Ambiente e Desenvolvimento Sustent\u00e1vel (CMADS) da C\u00e2mara dos Deputados. <!--more--><\/p>\n<div class=\"entry-content fs-5 fst-serif-alt lh-md mb-5\">\n<p>O primeiro ponto levantado pela bancada \u00e9 a demora no in\u00edcio das atividades da CMADS, que em pleno abril, mais de um m\u00eas ap\u00f3s a instala\u00e7\u00e3o da maioria das comiss\u00f5es da Casa, segue sem operar por falta de indica\u00e7\u00e3o de membros e da presid\u00eancia pelo MDB. A situa\u00e7\u00e3o se repete na Comiss\u00e3o de Desenvolvimento Urbano (CDU) \u2013 por acordo entre as lideran\u00e7as partid\u00e1rias, o MDB comandar\u00e1 as duas comiss\u00f5es.<\/p>\n<p>Segundo a nota, o atraso na instala\u00e7\u00e3o da CMADS prejudica o andamento de propostas importantes para pauta ambiental e clim\u00e1tica no Legislativo e \u201cimpede que o presidente da C\u00e2mara articule com o presidente da Comiss\u00e3o de Meio Ambiente as quest\u00f5es pertinentes \u00e0 tem\u00e1tica ambiental, transferindo essas decis\u00f5es a esferas indevidas, que muitas vezes possuem interesses econ\u00f4micos nas mat\u00e9rias e n\u00e3o tem\u00e1ticos\u201d.<\/p>\n<p>O deputado federal Nilto Tatto (PT-SP), coordenador da Frente Parlamentar Ambientalista, explicou \u00e0 <strong>Ag\u00eancia P\u00fablica<\/strong> que o n\u00e3o funcionamento da comiss\u00e3o tamb\u00e9m faz com que se \u201cperca o local de debate dos projetos a partir da perspectiva do meio ambiente\u201d. Ele cita como exemplo a regulamenta\u00e7\u00e3o da reforma tribut\u00e1ria, aprovada pelo Parlamento no ano passado.<\/p>\n<p>\u201cJ\u00e1 era o momento de estarmos fazendo audi\u00eancias p\u00fablicas para discutir os aspectos que envolvem o tema da sustentabilidade na reforma tribut\u00e1ria\u201d, pontua. Na pr\u00f3xima quarta-feira (17), por exemplo, a Comiss\u00e3o de Desenvolvimento Econ\u00f4mico (CDEIC) da C\u00e2mara promover\u00e1 uma audi\u00eancia com essa finalidade.<\/p>\n<p>A CMADS \u00e9 ainda, de acordo com Tatto, um espa\u00e7o importante de discuss\u00e3o em um momento de protagonismo do Brasil na agenda clim\u00e1tica global. At\u00e9 o fim do ano, o pa\u00eds preside o G20, grupo formado pelas 20 maiores economias do mundo, e em 2025 sediar\u00e1 a 30\u00aa Confer\u00eancia do Clima da ONU, a COP30, na cidade de Bel\u00e9m.<\/p>\n<p>\u201cA inexist\u00eancia da Comiss\u00e3o de Meio Ambiente na C\u00e2mara dos Deputados, no ano anterior \u00e0 realiza\u00e7\u00e3o da COP30 no Brasil, compromete a capacidade brasileira de lidar com a import\u00e2ncia da quest\u00e3o e limita fortemente o cumprimento das responsabilidades institucionais do Congresso Nacional acerca do tema\u201d, aponta a nota.<\/p>\n<p>A <strong>P\u00fablica<\/strong> questionou a lideran\u00e7a do MDB na C\u00e2mara sobre o atraso nas indica\u00e7\u00f5es da CMADS, mas n\u00e3o recebeu resposta at\u00e9 o fechamento da reportagem.<\/p>\n<p>A segunda manobra criticada pela frente ambientalista \u00e9 uma altera\u00e7\u00e3o regimental que permitiu, nos \u00faltimos anos, que deputados membros da CMADS ocupassem vagas em outras comiss\u00f5es, como a de Agricultura, Pecu\u00e1ria, Abastecimento e Desenvolvimento Rural (CAPADR). Esse \u00e9 o caso, por exemplo, de Roberta Roma (PL-BA), ao mesmo tempo titular da CMADS e suplente na CAPADR.<\/p>\n<p>Conforme a nota divulgada pelos ambientalistas, essa situa\u00e7\u00e3o \u201cdesvirtua os objetivos tem\u00e1ticos\u201d da CMADS e forma \u201cparte da estrat\u00e9gia de um setor do agroneg\u00f3cio para controlar a tramita\u00e7\u00e3o de suas mat\u00e9rias, sem submet\u00ea-las a uma an\u00e1lise tem\u00e1tica criteriosa da \u00e1rea ambiental propriamente dita\u201d.<\/p>\n<p>O texto pede que os membros titulares da Comiss\u00e3o de Meio Ambiente e Desenvolvimento Sustent\u00e1vel voltem a ser exclusivos e definidos \u201cpor crit\u00e9rios de afinidade tem\u00e1tica, voca\u00e7\u00e3o e conhecimento t\u00e9cnico, pol\u00edtico e institucional\u201d.<\/p>\n<p>Tatto afirma que uma nova mudan\u00e7a no regimento teria que ser apreciada em plen\u00e1rio e, portanto, pautada pelo presidente da C\u00e2mara, deputado Arthur Lira (PP-AL). No momento, de acordo com o petista, n\u00e3o h\u00e1 sinaliza\u00e7\u00f5es de que isso deva ocorrer.<\/p>\n<\/div>\n<p>&nbsp;<\/p>\n<p>&nbsp;<\/p>\n<div class=\"mb-5\">Edi\u00e7\u00e3o: <a class=\"storyAuthor\" href=\"https:\/\/apublica.org\/autor\/giovanagirardi\/\" data-user=\"597\">Giovana Girardi<\/a><\/div>\n","protected":false},"excerpt":{"rendered":"<p>Ag\u00eancia Publica &#8211; A Frente Parlamentar Ambientalista denunciou, em nota lan\u00e7ada nesta quinta-feira (11), o que chama de manobras que t\u00eam impedido o funcionamento adequado da Comiss\u00e3o de Meio Ambiente e Desenvolvimento Sustent\u00e1vel (CMADS) da C\u00e2mara dos Deputados.<\/p>\n","protected":false},"author":1,"featured_media":0,"comment_status":"open","ping_status":"open","sticky":false,"template":"","format":"standard","meta":{"_exactmetrics_skip_tracking":false,"_exactmetrics_sitenote_active":false,"_exactmetrics_sitenote_note":"","_exactmetrics_sitenote_category":0,"jetpack_post_was_ever_published":false,"_jetpack_newsletter_access":"","_jetpack_dont_email_post_to_subs":false,"_jetpack_newsletter_tier_id":0,"_jetpack_memberships_contains_paywalled_content":false,"_jetpack_memberships_contains_paid_content":false,"footnotes":"","jetpack_publicize_message":"","jetpack_publicize_feature_enabled":true,"jetpack_social_post_already_shared":true,"jetpack_social_options":{"image_generator_settings":{"template":"highway","enabled":false},"version":2}},"categories":[1],"tags":[],"class_list":["post-34915","post","type-post","status-publish","format-standard","hentry","category-notas"],"jetpack_publicize_connections":[],"jetpack_sharing_enabled":true,"jetpack_featured_media_url":"","jetpack_shortlink":"https:\/\/wp.me\/p7wKYW-959","jetpack-related-posts":[],"_links":{"self":[{"href":"http:\/\/blogdalucianaoliveira.com.br\/blog\/wp-json\/wp\/v2\/posts\/34915","targetHints":{"allow":["GET"]}}],"collection":[{"href":"http:\/\/blogdalucianaoliveira.com.br\/blog\/wp-json\/wp\/v2\/posts"}],"about":[{"href":"http:\/\/blogdalucianaoliveira.com.br\/blog\/wp-json\/wp\/v2\/types\/post"}],"author":[{"embeddable":true,"href":"http:\/\/blogdalucianaoliveira.com.br\/blog\/wp-json\/wp\/v2\/users\/1"}],"replies":[{"embeddable":true,"href":"http:\/\/blogdalucianaoliveira.com.br\/blog\/wp-json\/wp\/v2\/comments?post=34915"}],"version-history":[{"count":2,"href":"http:\/\/blogdalucianaoliveira.com.br\/blog\/wp-json\/wp\/v2\/posts\/34915\/revisions"}],"predecessor-version":[{"id":34918,"href":"http:\/\/blogdalucianaoliveira.com.br\/blog\/wp-json\/wp\/v2\/posts\/34915\/revisions\/34918"}],"wp:attachment":[{"href":"http:\/\/blogdalucianaoliveira.com.br\/blog\/wp-json\/wp\/v2\/media?parent=34915"}],"wp:term":[{"taxonomy":"category","embeddable":true,"href":"http:\/\/blogdalucianaoliveira.com.br\/blog\/wp-json\/wp\/v2\/categories?post=34915"},{"taxonomy":"post_tag","embeddable":true,"href":"http:\/\/blogdalucianaoliveira.com.br\/blog\/wp-json\/wp\/v2\/tags?post=34915"}],"curies":[{"name":"wp","href":"https:\/\/api.w.org\/{rel}","templated":true}]}}