{"id":34919,"date":"2024-04-11T14:16:05","date_gmt":"2024-04-11T18:16:05","guid":{"rendered":"http:\/\/blogdalucianaoliveira.com.br\/blog\/?p=34919"},"modified":"2024-04-11T14:16:05","modified_gmt":"2024-04-11T18:16:05","slug":"esquerda-migra-em-massa-para-bluesky-em-resposta-aos-ataques-de-elon-musk-lula-deve-considerar-adesao","status":"publish","type":"post","link":"http:\/\/blogdalucianaoliveira.com.br\/blog\/2024\/04\/11\/esquerda-migra-em-massa-para-bluesky-em-resposta-aos-ataques-de-elon-musk-lula-deve-considerar-adesao\/","title":{"rendered":"Esquerda migra em massa para Bluesky em resposta aos ataques de Elon Musk; Lula deve considerar ades\u00e3o"},"content":{"rendered":"<p><img data-recalc-dims=\"1\" loading=\"lazy\" decoding=\"async\" data-attachment-id=\"34920\" data-permalink=\"http:\/\/blogdalucianaoliveira.com.br\/blog\/2024\/04\/11\/esquerda-migra-em-massa-para-bluesky-em-resposta-aos-ataques-de-elon-musk-lula-deve-considerar-adesao\/img_1415\/\" data-orig-file=\"https:\/\/i0.wp.com\/blogdalucianaoliveira.com.br\/blog\/wp-content\/uploads\/2024\/04\/IMG_1415.webp?fit=500%2C240\" data-orig-size=\"500,240\" data-comments-opened=\"0\" data-image-meta=\"{&quot;aperture&quot;:&quot;0&quot;,&quot;credit&quot;:&quot;&quot;,&quot;camera&quot;:&quot;&quot;,&quot;caption&quot;:&quot;&quot;,&quot;created_timestamp&quot;:&quot;0&quot;,&quot;copyright&quot;:&quot;&quot;,&quot;focal_length&quot;:&quot;0&quot;,&quot;iso&quot;:&quot;0&quot;,&quot;shutter_speed&quot;:&quot;0&quot;,&quot;title&quot;:&quot;&quot;,&quot;orientation&quot;:&quot;0&quot;}\" data-image-title=\"IMG_1415\" data-image-description=\"\" data-image-caption=\"\" data-medium-file=\"https:\/\/i0.wp.com\/blogdalucianaoliveira.com.br\/blog\/wp-content\/uploads\/2024\/04\/IMG_1415.webp?fit=300%2C144\" data-large-file=\"https:\/\/i0.wp.com\/blogdalucianaoliveira.com.br\/blog\/wp-content\/uploads\/2024\/04\/IMG_1415.webp?fit=500%2C240\" class=\"alignnone size-full wp-image-34920\" src=\"https:\/\/i0.wp.com\/blogdalucianaoliveira.com.br\/blog\/wp-content\/uploads\/2024\/04\/IMG_1415.webp?resize=500%2C240\" alt=\"\" width=\"500\" height=\"240\" srcset=\"https:\/\/i0.wp.com\/blogdalucianaoliveira.com.br\/blog\/wp-content\/uploads\/2024\/04\/IMG_1415.webp?w=500 500w, https:\/\/i0.wp.com\/blogdalucianaoliveira.com.br\/blog\/wp-content\/uploads\/2024\/04\/IMG_1415.webp?resize=300%2C144 300w\" sizes=\"auto, (max-width: 500px) 100vw, 500px\" \/><\/p>\n<p>Esquerda migra em massa para Bluesky em resposta aos ataques de Elon Musk; Lula deve considerar ades\u00e3o<!--more--><\/p>\n<p><b>247 &#8211; <\/b>Diante de uma s\u00e9rie de ataques direcionados a figuras pol\u00edticas e institui\u00e7\u00f5es brasileiras, em especial o Supremo Tribunal Federal, pelo bilion\u00e1rio de extrema-direita Elon Musk, personalidades e membros da esquerda brasileira, particularmente do Partido dos Trabalhadores (PT), iniciaram uma movimenta\u00e7\u00e3o significativa rumo \u00e0 rede social Bluesky.<\/p>\n<p>Este fen\u00f4meno, que come\u00e7ou ontem, conta com a participa\u00e7\u00e3o ativa de figuras como Lindbergh Farias, Jean Wyllys, Randolfe Rodrigues, al\u00e9m de militantes e membros do governo, incluindo Paulo Pimenta e Jorge Messias, cita Lauro Jardim, do jornal<a href=\"https:\/\/oglobo.globo.com\/blogs\/lauro-jardim\/post\/2024\/04\/esquerda-se-muda-para-rede-rival-de-musk-com-plano-de-convencer-lula-a-migrar-tambem.ghtml\" target=\"_blank\" rel=\"noopener noreferrer\"> O Globo.<\/a><\/p>\n<p>A decis\u00e3o de abandonar o X, plataforma social anteriormente conhecida como Twitter e atualmente sob o controle de Musk, para o rival Bluesky, reflete um esfor\u00e7o conjunto para minimizar a presen\u00e7a na plataforma de Musk em meio a seus ataques contra o ministro Alexandre de Moraes, do STF, e o presidente Luiz In\u00e1cio Lula da Silva.<\/p>\n<blockquote><p>O <a href=\"https:\/\/www.brasil247.com\/midia\/brasil-247-e-seus-jornalistas-abracam-a-rede-social-bluesky-que-ira-tomar-o-espaco-do-x-no-brasil-e-no-mundo#google_vignette\">Brasil 247 j\u00e1 estabeleceu sua presen\u00e7a na Bluesky<\/a>, junto com v\u00e1rios de seus jornalistas, fortalecendo a representatividade e o alcance da plataforma entre o p\u00fablico brasileiro.<\/p><\/blockquote>\n<p>Parte do movimento inclui a expectativa de que o pr\u00f3prio presidente Lula se junte \u00e0 migra\u00e7\u00e3o, estabelecendo uma presen\u00e7a no Bluesky. Lula, conhecido por sua abordagem reservada nass redes sociais, mant\u00e9m perfis ativos no X, Facebook, Instagram e TikTok.<\/p>\n<p>A tens\u00e3o entre Musk e autoridades brasileiras escalou ap\u00f3s o bilion\u00e1rio, aliado de Jair Bolsonaro \u2014 que enfrenta investiga\u00e7\u00f5es pela Pol\u00edcia Federal por tentativas de golpe de Estado \u2014, lan\u00e7ar uma s\u00e9rie de acusa\u00e7\u00f5es contra o ministro Moraes em sua plataforma X. Musk acusou Moraes de implementar um &#8220;regime de censura&#8221;, uma alega\u00e7\u00e3o vista como parte de sua oposi\u00e7\u00e3o \u00e0s investiga\u00e7\u00f5es sobre a tentativa de golpe.<\/p>\n<p>Em resposta, o presidente Lula condenou as a\u00e7\u00f5es de Musk, afirmando que o magnata da tecnologia n\u00e3o tem autoridade para atacar as institui\u00e7\u00f5es brasileiras. Lula refor\u00e7ou que o povo brasileiro est\u00e1 determinado a n\u00e3o mais se submeter a influ\u00eancias externas desestabilizadoras.<\/p>\n<p>A personalidade explosiva de Musk e seu ativismo pol\u00edtico v\u00eam custando caro. Al\u00e9m de poder ser for\u00e7ado a retirar sua plataforma social do Brasil, o valor de mercado da empresa vem caindo drasticamente. Em janeiro deste ano, o valor do X caiu 71% desde sua compra por Musk, em outubro de 2022.<\/p>\n<p>&nbsp;<\/p>\n","protected":false},"excerpt":{"rendered":"<p>Esquerda migra em massa para Bluesky em resposta aos ataques de Elon Musk; Lula deve considerar ades\u00e3o<\/p>\n","protected":false},"author":1,"featured_media":0,"comment_status":"closed","ping_status":"open","sticky":false,"template":"","format":"standard","meta":{"_exactmetrics_skip_tracking":false,"_exactmetrics_sitenote_active":false,"_exactmetrics_sitenote_note":"","_exactmetrics_sitenote_category":0,"jetpack_post_was_ever_published":false,"_jetpack_newsletter_access":"","_jetpack_dont_email_post_to_subs":false,"_jetpack_newsletter_tier_id":0,"_jetpack_memberships_contains_paywalled_content":false,"_jetpack_memberships_contains_paid_content":false,"footnotes":"","jetpack_publicize_message":"","jetpack_publicize_feature_enabled":true,"jetpack_social_post_already_shared":true,"jetpack_social_options":{"image_generator_settings":{"template":"highway","enabled":false},"version":2}},"categories":[1],"tags":[907,908,897],"class_list":["post-34919","post","type-post","status-publish","format-standard","hentry","category-notas","tag-bluesky","tag-esquerda","tag-x"],"jetpack_publicize_connections":[],"jetpack_sharing_enabled":true,"jetpack_featured_media_url":"","jetpack_shortlink":"https:\/\/wp.me\/p7wKYW-95d","jetpack-related-posts":[],"_links":{"self":[{"href":"http:\/\/blogdalucianaoliveira.com.br\/blog\/wp-json\/wp\/v2\/posts\/34919","targetHints":{"allow":["GET"]}}],"collection":[{"href":"http:\/\/blogdalucianaoliveira.com.br\/blog\/wp-json\/wp\/v2\/posts"}],"about":[{"href":"http:\/\/blogdalucianaoliveira.com.br\/blog\/wp-json\/wp\/v2\/types\/post"}],"author":[{"embeddable":true,"href":"http:\/\/blogdalucianaoliveira.com.br\/blog\/wp-json\/wp\/v2\/users\/1"}],"replies":[{"embeddable":true,"href":"http:\/\/blogdalucianaoliveira.com.br\/blog\/wp-json\/wp\/v2\/comments?post=34919"}],"version-history":[{"count":1,"href":"http:\/\/blogdalucianaoliveira.com.br\/blog\/wp-json\/wp\/v2\/posts\/34919\/revisions"}],"predecessor-version":[{"id":34921,"href":"http:\/\/blogdalucianaoliveira.com.br\/blog\/wp-json\/wp\/v2\/posts\/34919\/revisions\/34921"}],"wp:attachment":[{"href":"http:\/\/blogdalucianaoliveira.com.br\/blog\/wp-json\/wp\/v2\/media?parent=34919"}],"wp:term":[{"taxonomy":"category","embeddable":true,"href":"http:\/\/blogdalucianaoliveira.com.br\/blog\/wp-json\/wp\/v2\/categories?post=34919"},{"taxonomy":"post_tag","embeddable":true,"href":"http:\/\/blogdalucianaoliveira.com.br\/blog\/wp-json\/wp\/v2\/tags?post=34919"}],"curies":[{"name":"wp","href":"https:\/\/api.w.org\/{rel}","templated":true}]}}