{"id":34922,"date":"2024-04-16T01:45:04","date_gmt":"2024-04-16T05:45:04","guid":{"rendered":"http:\/\/blogdalucianaoliveira.com.br\/blog\/?p=34922"},"modified":"2024-04-16T01:45:04","modified_gmt":"2024-04-16T05:45:04","slug":"juri-condena-assassino-de-ari-uru-eu-wau-wau","status":"publish","type":"post","link":"http:\/\/blogdalucianaoliveira.com.br\/blog\/2024\/04\/16\/juri-condena-assassino-de-ari-uru-eu-wau-wau\/","title":{"rendered":"J\u00fari condena assassino de Ari Uru Eu Wau Wau"},"content":{"rendered":"<p><img data-recalc-dims=\"1\" loading=\"lazy\" decoding=\"async\" data-attachment-id=\"34923\" data-permalink=\"http:\/\/blogdalucianaoliveira.com.br\/blog\/2024\/04\/16\/juri-condena-assassino-de-ari-uru-eu-wau-wau\/img_2070\/\" data-orig-file=\"https:\/\/i0.wp.com\/blogdalucianaoliveira.com.br\/blog\/wp-content\/uploads\/2024\/04\/IMG_2070.webp?fit=500%2C240\" data-orig-size=\"500,240\" data-comments-opened=\"0\" data-image-meta=\"{&quot;aperture&quot;:&quot;0&quot;,&quot;credit&quot;:&quot;&quot;,&quot;camera&quot;:&quot;&quot;,&quot;caption&quot;:&quot;&quot;,&quot;created_timestamp&quot;:&quot;0&quot;,&quot;copyright&quot;:&quot;&quot;,&quot;focal_length&quot;:&quot;0&quot;,&quot;iso&quot;:&quot;0&quot;,&quot;shutter_speed&quot;:&quot;0&quot;,&quot;title&quot;:&quot;&quot;,&quot;orientation&quot;:&quot;0&quot;}\" data-image-title=\"IMG_2070\" data-image-description=\"\" data-image-caption=\"\" data-medium-file=\"https:\/\/i0.wp.com\/blogdalucianaoliveira.com.br\/blog\/wp-content\/uploads\/2024\/04\/IMG_2070.webp?fit=300%2C144\" data-large-file=\"https:\/\/i0.wp.com\/blogdalucianaoliveira.com.br\/blog\/wp-content\/uploads\/2024\/04\/IMG_2070.webp?fit=500%2C240\" class=\"alignnone size-full wp-image-34923\" src=\"https:\/\/i0.wp.com\/blogdalucianaoliveira.com.br\/blog\/wp-content\/uploads\/2024\/04\/IMG_2070.webp?resize=500%2C240\" alt=\"\" width=\"500\" height=\"240\" srcset=\"https:\/\/i0.wp.com\/blogdalucianaoliveira.com.br\/blog\/wp-content\/uploads\/2024\/04\/IMG_2070.webp?w=500 500w, https:\/\/i0.wp.com\/blogdalucianaoliveira.com.br\/blog\/wp-content\/uploads\/2024\/04\/IMG_2070.webp?resize=300%2C144 300w\" sizes=\"auto, (max-width: 500px) 100vw, 500px\" \/><\/p>\n<p><b>Mat\u00e9ria de Luciana Oliveira, para o 247 &#8211;<\/b> O julgamento do r\u00e9u Jo\u00e3o Carlos da Silva ocorreu no f\u00f3rum de Jaru e foi transmitido ao vivo atrav\u00e9s \u00a0do site do Tribunal de Justi\u00e7a de Rond\u00f4nia. <!--more--><\/p>\n<p>Representantes de todas as aldeias do Povo Jupa\u00fa, conhecidos como Uru Eu Wau Wau, acompanharam o julgamento no plen\u00e1rio.<\/p>\n<p>A primeira etapa foi reservada aos depoimentos das cinco testemunhas de acusa\u00e7\u00e3o e uma de defesa e tamb\u00e9m o do r\u00e9u, que negou ter matado o ind\u00edgena.<\/p>\n<p>Os debates entre acusa\u00e7\u00e3o e defesa abalaram os ind\u00edgenas presentes, sobretudo, quando fotos do corpo da v\u00edtima no laudo pericial foram apresentadas. Uma parte dos ind\u00edgenas presentes deixou o plen\u00e1rio.<\/p>\n<p>Roosevelt Queiroz, representando o Minist\u00e9rio P\u00fablico, apresentou provas testemunhais e escutas telef\u00f4nicas autorizadas. Ele destacou a vida pregressa do r\u00e9u que inclui outras investiga\u00e7\u00f5es por homic\u00eddios e viol\u00eancia dom\u00e9stica, al\u00e9m da condena\u00e7\u00e3o pelo assassinato do cunhado.<\/p>\n<p>Maria Terezinha da Silva, irm\u00e3 do acusado, ouvida em ju\u00edzo como informante, afirmou \u201cque JO\u00c3O CARLOS \u201cguiga\u201d contou para ela que havia matado Ari. Apesar de n\u00e3o saber dar detalhes do fato ao argumento de que toma rem\u00e9dios controlados que o fazem n\u00e3o lembrar precisamente dos fatos, a informante confirmou o que disse na Delegacia\u201d.<\/p>\n<p>A defensora p\u00fablica Danilla Neves, que acompanhou o r\u00e9u, apontou a falta de provas e criticou a precariedade da investiga\u00e7\u00e3o do crime. Para ela, o que constam nos autos n\u00e3o s\u00e3o elementos probat\u00f3rios suficientes para uma condena\u00e7\u00e3o e o pedido foi pela absolvi\u00e7\u00e3o da acusa\u00e7\u00e3o de homic\u00eddio qualificado com motivo f\u00fatil e sem possibilidade de defesa da v\u00edtima.<\/p>\n<p>O ind\u00edgena, professor e integrante da equipe de vigil\u00e2ncia da Terra Ind\u00edgena Uru Eu Wau Wau foi assasinado em 18 de abril de 2020. Ari era reconhecido \u00a0guardi\u00e3o do maior territ\u00f3rio ind\u00edgena de Rond\u00f4nia. \u00a0Ele morava na aldeia 621 e fazia monitoramento de invas\u00f5es e desmatamentos. O corpo de Ari tinha sinais de les\u00e3o contundente na regi\u00e3o do pesco\u00e7o sem possibilidade de defesa.<\/p>\n<p>Ap\u00f3s 10 horas de julgamento, os jurados se reuniram na sala secreta e votaram os quesitos \u00a0de materialidade, autoria, absolvi\u00e7\u00e3o e qualificadoras. Decidiram pela condena\u00e7\u00e3o e a pena foi fixada em 18 anos.<\/p>\n","protected":false},"excerpt":{"rendered":"<p>Mat\u00e9ria de Luciana Oliveira, para o 247 &#8211; O julgamento do r\u00e9u Jo\u00e3o Carlos da Silva ocorreu no f\u00f3rum de Jaru e foi transmitido ao vivo atrav\u00e9s \u00a0do site do Tribunal de Justi\u00e7a de Rond\u00f4nia.<\/p>\n","protected":false},"author":1,"featured_media":0,"comment_status":"closed","ping_status":"open","sticky":false,"template":"","format":"standard","meta":{"_exactmetrics_skip_tracking":false,"_exactmetrics_sitenote_active":false,"_exactmetrics_sitenote_note":"","_exactmetrics_sitenote_category":0,"jetpack_post_was_ever_published":false,"_jetpack_newsletter_access":"","_jetpack_dont_email_post_to_subs":false,"_jetpack_newsletter_tier_id":0,"_jetpack_memberships_contains_paywalled_content":false,"_jetpack_memberships_contains_paid_content":false,"footnotes":"","jetpack_publicize_message":"","jetpack_publicize_feature_enabled":true,"jetpack_social_post_already_shared":true,"jetpack_social_options":{"image_generator_settings":{"template":"highway","enabled":false},"version":2}},"categories":[1],"tags":[488,909,902],"class_list":["post-34922","post","type-post","status-publish","format-standard","hentry","category-notas","tag-ari-uru-eu-wau-wau","tag-condenacao","tag-julgamento"],"jetpack_publicize_connections":[],"jetpack_sharing_enabled":true,"jetpack_featured_media_url":"","jetpack_shortlink":"https:\/\/wp.me\/p7wKYW-95g","jetpack-related-posts":[],"_links":{"self":[{"href":"http:\/\/blogdalucianaoliveira.com.br\/blog\/wp-json\/wp\/v2\/posts\/34922","targetHints":{"allow":["GET"]}}],"collection":[{"href":"http:\/\/blogdalucianaoliveira.com.br\/blog\/wp-json\/wp\/v2\/posts"}],"about":[{"href":"http:\/\/blogdalucianaoliveira.com.br\/blog\/wp-json\/wp\/v2\/types\/post"}],"author":[{"embeddable":true,"href":"http:\/\/blogdalucianaoliveira.com.br\/blog\/wp-json\/wp\/v2\/users\/1"}],"replies":[{"embeddable":true,"href":"http:\/\/blogdalucianaoliveira.com.br\/blog\/wp-json\/wp\/v2\/comments?post=34922"}],"version-history":[{"count":1,"href":"http:\/\/blogdalucianaoliveira.com.br\/blog\/wp-json\/wp\/v2\/posts\/34922\/revisions"}],"predecessor-version":[{"id":34924,"href":"http:\/\/blogdalucianaoliveira.com.br\/blog\/wp-json\/wp\/v2\/posts\/34922\/revisions\/34924"}],"wp:attachment":[{"href":"http:\/\/blogdalucianaoliveira.com.br\/blog\/wp-json\/wp\/v2\/media?parent=34922"}],"wp:term":[{"taxonomy":"category","embeddable":true,"href":"http:\/\/blogdalucianaoliveira.com.br\/blog\/wp-json\/wp\/v2\/categories?post=34922"},{"taxonomy":"post_tag","embeddable":true,"href":"http:\/\/blogdalucianaoliveira.com.br\/blog\/wp-json\/wp\/v2\/tags?post=34922"}],"curies":[{"name":"wp","href":"https:\/\/api.w.org\/{rel}","templated":true}]}}