{"id":34926,"date":"2024-04-16T13:57:09","date_gmt":"2024-04-16T17:57:09","guid":{"rendered":"http:\/\/blogdalucianaoliveira.com.br\/blog\/?p=34926"},"modified":"2024-04-16T14:15:12","modified_gmt":"2024-04-16T18:15:12","slug":"cpt-ro-completa-40-anos-e-elege-nova-coordenacao","status":"publish","type":"post","link":"http:\/\/blogdalucianaoliveira.com.br\/blog\/2024\/04\/16\/cpt-ro-completa-40-anos-e-elege-nova-coordenacao\/","title":{"rendered":"CPT &#8211; RO completa 40 anos e elege nova coordena\u00e7\u00e3o"},"content":{"rendered":"<p><img data-recalc-dims=\"1\" loading=\"lazy\" decoding=\"async\" data-attachment-id=\"34927\" data-permalink=\"http:\/\/blogdalucianaoliveira.com.br\/blog\/2024\/04\/16\/cpt-ro-completa-40-anos-e-elege-nova-coordenacao\/img_1478\/\" data-orig-file=\"https:\/\/i0.wp.com\/blogdalucianaoliveira.com.br\/blog\/wp-content\/uploads\/2024\/04\/IMG_1478-scaled.jpeg?fit=2560%2C1920\" data-orig-size=\"2560,1920\" data-comments-opened=\"0\" data-image-meta=\"{&quot;aperture&quot;:&quot;2.4&quot;,&quot;credit&quot;:&quot;&quot;,&quot;camera&quot;:&quot;iPhone 13&quot;,&quot;caption&quot;:&quot;&quot;,&quot;created_timestamp&quot;:&quot;1712912351&quot;,&quot;copyright&quot;:&quot;&quot;,&quot;focal_length&quot;:&quot;1.54&quot;,&quot;iso&quot;:&quot;32&quot;,&quot;shutter_speed&quot;:&quot;0.0019762845849802&quot;,&quot;title&quot;:&quot;&quot;,&quot;orientation&quot;:&quot;1&quot;}\" data-image-title=\"IMG_1478\" data-image-description=\"\" data-image-caption=\"\" data-medium-file=\"https:\/\/i0.wp.com\/blogdalucianaoliveira.com.br\/blog\/wp-content\/uploads\/2024\/04\/IMG_1478-scaled.jpeg?fit=300%2C225\" data-large-file=\"https:\/\/i0.wp.com\/blogdalucianaoliveira.com.br\/blog\/wp-content\/uploads\/2024\/04\/IMG_1478-scaled.jpeg?fit=600%2C450\" class=\"alignnone size-full wp-image-34927\" src=\"https:\/\/i0.wp.com\/blogdalucianaoliveira.com.br\/blog\/wp-content\/uploads\/2024\/04\/IMG_1478-scaled.jpeg?resize=600%2C450\" alt=\"\" width=\"600\" height=\"450\" srcset=\"https:\/\/i0.wp.com\/blogdalucianaoliveira.com.br\/blog\/wp-content\/uploads\/2024\/04\/IMG_1478-scaled.jpeg?w=2560 2560w, https:\/\/i0.wp.com\/blogdalucianaoliveira.com.br\/blog\/wp-content\/uploads\/2024\/04\/IMG_1478-scaled.jpeg?resize=300%2C225 300w, https:\/\/i0.wp.com\/blogdalucianaoliveira.com.br\/blog\/wp-content\/uploads\/2024\/04\/IMG_1478-scaled.jpeg?resize=1024%2C768 1024w, https:\/\/i0.wp.com\/blogdalucianaoliveira.com.br\/blog\/wp-content\/uploads\/2024\/04\/IMG_1478-scaled.jpeg?resize=768%2C576 768w, https:\/\/i0.wp.com\/blogdalucianaoliveira.com.br\/blog\/wp-content\/uploads\/2024\/04\/IMG_1478-scaled.jpeg?resize=1536%2C1152 1536w, https:\/\/i0.wp.com\/blogdalucianaoliveira.com.br\/blog\/wp-content\/uploads\/2024\/04\/IMG_1478-scaled.jpeg?resize=2048%2C1536 2048w, https:\/\/i0.wp.com\/blogdalucianaoliveira.com.br\/blog\/wp-content\/uploads\/2024\/04\/IMG_1478-scaled.jpeg?resize=400%2C300 400w, https:\/\/i0.wp.com\/blogdalucianaoliveira.com.br\/blog\/wp-content\/uploads\/2024\/04\/IMG_1478-scaled.jpeg?w=1200 1200w, https:\/\/i0.wp.com\/blogdalucianaoliveira.com.br\/blog\/wp-content\/uploads\/2024\/04\/IMG_1478-scaled.jpeg?w=1800 1800w\" sizes=\"auto, (max-width: 600px) 100vw, 600px\" \/><\/p>\n<p class=\"p1\"><span class=\"s1\">Em Rond\u00f4nia o CNPJ da Comiss\u00e3o Pastoral da Terra (CPT) nasceu h\u00e1 40 anos, mas a miss\u00e3o prof\u00e9tica e solid\u00e1ria nesta por\u00e7\u00e3o da Amaz\u00f4nia come\u00e7ou bem antes.<\/span><\/p>\n<p class=\"p1\"><span class=\"s1\">S\u00e3o d\u00e9cadas de presen\u00e7a fraterna e ecum\u00eanica em defesa da vida, dos povos, das terras, das \u00e1guas e das florestas. <\/span><!--more--><\/p>\n<p class=\"p1\"><span class=\"s1\">Nos anos de ditadura, a CPT teve seus membros e a\u00e7\u00f5es monitorados pelos militares que consideravam uma amea\u00e7a lutar para defender as popula\u00e7\u00f5es mais fr\u00e1geis e necessitadas.<\/span><\/p>\n<p><img data-recalc-dims=\"1\" loading=\"lazy\" decoding=\"async\" data-attachment-id=\"34928\" data-permalink=\"http:\/\/blogdalucianaoliveira.com.br\/blog\/2024\/04\/16\/cpt-ro-completa-40-anos-e-elege-nova-coordenacao\/ef573890-3045-4764-a430-6a99d4b466bb\/\" data-orig-file=\"https:\/\/i0.wp.com\/blogdalucianaoliveira.com.br\/blog\/wp-content\/uploads\/2024\/04\/ef573890-3045-4764-a430-6a99d4b466bb.jpeg?fit=880%2C1600\" data-orig-size=\"880,1600\" data-comments-opened=\"0\" data-image-meta=\"{&quot;aperture&quot;:&quot;0&quot;,&quot;credit&quot;:&quot;&quot;,&quot;camera&quot;:&quot;&quot;,&quot;caption&quot;:&quot;&quot;,&quot;created_timestamp&quot;:&quot;1712758183&quot;,&quot;copyright&quot;:&quot;&quot;,&quot;focal_length&quot;:&quot;0&quot;,&quot;iso&quot;:&quot;0&quot;,&quot;shutter_speed&quot;:&quot;0&quot;,&quot;title&quot;:&quot;&quot;,&quot;orientation&quot;:&quot;1&quot;}\" data-image-title=\"ef573890-3045-4764-a430-6a99d4b466bb\" data-image-description=\"\" data-image-caption=\"\" data-medium-file=\"https:\/\/i0.wp.com\/blogdalucianaoliveira.com.br\/blog\/wp-content\/uploads\/2024\/04\/ef573890-3045-4764-a430-6a99d4b466bb.jpeg?fit=165%2C300\" data-large-file=\"https:\/\/i0.wp.com\/blogdalucianaoliveira.com.br\/blog\/wp-content\/uploads\/2024\/04\/ef573890-3045-4764-a430-6a99d4b466bb.jpeg?fit=563%2C1024\" class=\"alignnone size-full wp-image-34928\" src=\"https:\/\/i0.wp.com\/blogdalucianaoliveira.com.br\/blog\/wp-content\/uploads\/2024\/04\/ef573890-3045-4764-a430-6a99d4b466bb.jpeg?resize=600%2C1091\" alt=\"\" width=\"600\" height=\"1091\" srcset=\"https:\/\/i0.wp.com\/blogdalucianaoliveira.com.br\/blog\/wp-content\/uploads\/2024\/04\/ef573890-3045-4764-a430-6a99d4b466bb.jpeg?w=880 880w, https:\/\/i0.wp.com\/blogdalucianaoliveira.com.br\/blog\/wp-content\/uploads\/2024\/04\/ef573890-3045-4764-a430-6a99d4b466bb.jpeg?resize=165%2C300 165w, https:\/\/i0.wp.com\/blogdalucianaoliveira.com.br\/blog\/wp-content\/uploads\/2024\/04\/ef573890-3045-4764-a430-6a99d4b466bb.jpeg?resize=563%2C1024 563w, https:\/\/i0.wp.com\/blogdalucianaoliveira.com.br\/blog\/wp-content\/uploads\/2024\/04\/ef573890-3045-4764-a430-6a99d4b466bb.jpeg?resize=768%2C1396 768w, https:\/\/i0.wp.com\/blogdalucianaoliveira.com.br\/blog\/wp-content\/uploads\/2024\/04\/ef573890-3045-4764-a430-6a99d4b466bb.jpeg?resize=845%2C1536 845w\" sizes=\"auto, (max-width: 600px) 100vw, 600px\" \/><\/p>\n<p class=\"p1\"><span class=\"s1\">Para celebrar a data, um encontro foi realizado em Mirante da Serra, no Assentamento Padre Ezequiel Ramin, fruto do trabalho da CPT na d\u00e9cada de 90.<\/span><\/p>\n<p class=\"p1\"><span class=\"s1\">Ribeirinhos, extrativistas, quilombolas, ind\u00edgenas e assentados se deslocaram de v\u00e1rias regi\u00f5es do estado para o encontro que durou tr\u00eas dias.<\/span><\/p>\n<p>\u00a0\u00a0\u00a0<img data-recalc-dims=\"1\" loading=\"lazy\" decoding=\"async\" data-attachment-id=\"34933\" data-permalink=\"http:\/\/blogdalucianaoliveira.com.br\/blog\/2024\/04\/16\/cpt-ro-completa-40-anos-e-elege-nova-coordenacao\/img_1499\/\" data-orig-file=\"https:\/\/i0.wp.com\/blogdalucianaoliveira.com.br\/blog\/wp-content\/uploads\/2024\/04\/IMG_1499-scaled.jpeg?fit=2560%2C1920\" data-orig-size=\"2560,1920\" data-comments-opened=\"0\" data-image-meta=\"{&quot;aperture&quot;:&quot;1.6&quot;,&quot;credit&quot;:&quot;&quot;,&quot;camera&quot;:&quot;iPhone 13&quot;,&quot;caption&quot;:&quot;&quot;,&quot;created_timestamp&quot;:&quot;1712914910&quot;,&quot;copyright&quot;:&quot;&quot;,&quot;focal_length&quot;:&quot;5.1&quot;,&quot;iso&quot;:&quot;50&quot;,&quot;shutter_speed&quot;:&quot;0.00032797638570023&quot;,&quot;title&quot;:&quot;&quot;,&quot;orientation&quot;:&quot;1&quot;}\" data-image-title=\"IMG_1499\" data-image-description=\"\" data-image-caption=\"\" data-medium-file=\"https:\/\/i0.wp.com\/blogdalucianaoliveira.com.br\/blog\/wp-content\/uploads\/2024\/04\/IMG_1499-scaled.jpeg?fit=300%2C225\" data-large-file=\"https:\/\/i0.wp.com\/blogdalucianaoliveira.com.br\/blog\/wp-content\/uploads\/2024\/04\/IMG_1499-scaled.jpeg?fit=600%2C450\" class=\"alignnone size-full wp-image-34933\" src=\"https:\/\/i0.wp.com\/blogdalucianaoliveira.com.br\/blog\/wp-content\/uploads\/2024\/04\/IMG_1499-scaled.jpeg?resize=600%2C450\" alt=\"\" width=\"600\" height=\"450\" srcset=\"https:\/\/i0.wp.com\/blogdalucianaoliveira.com.br\/blog\/wp-content\/uploads\/2024\/04\/IMG_1499-scaled.jpeg?w=2560 2560w, https:\/\/i0.wp.com\/blogdalucianaoliveira.com.br\/blog\/wp-content\/uploads\/2024\/04\/IMG_1499-scaled.jpeg?resize=300%2C225 300w, https:\/\/i0.wp.com\/blogdalucianaoliveira.com.br\/blog\/wp-content\/uploads\/2024\/04\/IMG_1499-scaled.jpeg?resize=1024%2C768 1024w, https:\/\/i0.wp.com\/blogdalucianaoliveira.com.br\/blog\/wp-content\/uploads\/2024\/04\/IMG_1499-scaled.jpeg?resize=768%2C576 768w, https:\/\/i0.wp.com\/blogdalucianaoliveira.com.br\/blog\/wp-content\/uploads\/2024\/04\/IMG_1499-scaled.jpeg?resize=1536%2C1152 1536w, https:\/\/i0.wp.com\/blogdalucianaoliveira.com.br\/blog\/wp-content\/uploads\/2024\/04\/IMG_1499-scaled.jpeg?resize=2048%2C1536 2048w, https:\/\/i0.wp.com\/blogdalucianaoliveira.com.br\/blog\/wp-content\/uploads\/2024\/04\/IMG_1499-scaled.jpeg?resize=400%2C300 400w, https:\/\/i0.wp.com\/blogdalucianaoliveira.com.br\/blog\/wp-content\/uploads\/2024\/04\/IMG_1499-scaled.jpeg?w=1200 1200w, https:\/\/i0.wp.com\/blogdalucianaoliveira.com.br\/blog\/wp-content\/uploads\/2024\/04\/IMG_1499-scaled.jpeg?w=1800 1800w\" sizes=\"auto, (max-width: 600px) 100vw, 600px\" \/><\/p>\n<p class=\"p1\"><span class=\"s1\">A programa\u00e7\u00e3o incluiu v\u00e1rios pain\u00e9is e debates sobre da viol\u00eancia no campo, a luta pela terra e territ\u00f3rio, a linha do tempo da CPT e as estrat\u00e9gias para fortalecer e ampliar a miss\u00e3o.<\/span><\/p>\n<p><img data-recalc-dims=\"1\" loading=\"lazy\" decoding=\"async\" data-attachment-id=\"34935\" data-permalink=\"http:\/\/blogdalucianaoliveira.com.br\/blog\/2024\/04\/16\/cpt-ro-completa-40-anos-e-elege-nova-coordenacao\/img_1689\/\" data-orig-file=\"https:\/\/i0.wp.com\/blogdalucianaoliveira.com.br\/blog\/wp-content\/uploads\/2024\/04\/IMG_1689-scaled.jpeg?fit=2560%2C1920\" data-orig-size=\"2560,1920\" data-comments-opened=\"0\" data-image-meta=\"{&quot;aperture&quot;:&quot;1.6&quot;,&quot;credit&quot;:&quot;&quot;,&quot;camera&quot;:&quot;iPhone 13&quot;,&quot;caption&quot;:&quot;&quot;,&quot;created_timestamp&quot;:&quot;1713008226&quot;,&quot;copyright&quot;:&quot;&quot;,&quot;focal_length&quot;:&quot;5.1&quot;,&quot;iso&quot;:&quot;125&quot;,&quot;shutter_speed&quot;:&quot;0.013513513513514&quot;,&quot;title&quot;:&quot;&quot;,&quot;orientation&quot;:&quot;1&quot;}\" data-image-title=\"IMG_1689\" data-image-description=\"\" data-image-caption=\"\" data-medium-file=\"https:\/\/i0.wp.com\/blogdalucianaoliveira.com.br\/blog\/wp-content\/uploads\/2024\/04\/IMG_1689-scaled.jpeg?fit=300%2C225\" data-large-file=\"https:\/\/i0.wp.com\/blogdalucianaoliveira.com.br\/blog\/wp-content\/uploads\/2024\/04\/IMG_1689-scaled.jpeg?fit=600%2C450\" class=\"alignnone size-full wp-image-34935\" src=\"https:\/\/i0.wp.com\/blogdalucianaoliveira.com.br\/blog\/wp-content\/uploads\/2024\/04\/IMG_1689-scaled.jpeg?resize=600%2C450\" alt=\"\" width=\"600\" height=\"450\" srcset=\"https:\/\/i0.wp.com\/blogdalucianaoliveira.com.br\/blog\/wp-content\/uploads\/2024\/04\/IMG_1689-scaled.jpeg?w=2560 2560w, https:\/\/i0.wp.com\/blogdalucianaoliveira.com.br\/blog\/wp-content\/uploads\/2024\/04\/IMG_1689-scaled.jpeg?resize=300%2C225 300w, https:\/\/i0.wp.com\/blogdalucianaoliveira.com.br\/blog\/wp-content\/uploads\/2024\/04\/IMG_1689-scaled.jpeg?resize=1024%2C768 1024w, https:\/\/i0.wp.com\/blogdalucianaoliveira.com.br\/blog\/wp-content\/uploads\/2024\/04\/IMG_1689-scaled.jpeg?resize=768%2C576 768w, https:\/\/i0.wp.com\/blogdalucianaoliveira.com.br\/blog\/wp-content\/uploads\/2024\/04\/IMG_1689-scaled.jpeg?resize=1536%2C1152 1536w, https:\/\/i0.wp.com\/blogdalucianaoliveira.com.br\/blog\/wp-content\/uploads\/2024\/04\/IMG_1689-scaled.jpeg?resize=2048%2C1536 2048w, https:\/\/i0.wp.com\/blogdalucianaoliveira.com.br\/blog\/wp-content\/uploads\/2024\/04\/IMG_1689-scaled.jpeg?resize=400%2C300 400w, https:\/\/i0.wp.com\/blogdalucianaoliveira.com.br\/blog\/wp-content\/uploads\/2024\/04\/IMG_1689-scaled.jpeg?w=1200 1200w, https:\/\/i0.wp.com\/blogdalucianaoliveira.com.br\/blog\/wp-content\/uploads\/2024\/04\/IMG_1689-scaled.jpeg?w=1800 1800w\" sizes=\"auto, (max-width: 600px) 100vw, 600px\" \/><\/p>\n<p class=\"p1\"><span class=\"s1\">Os mais antigos e os que est\u00e3o na luta popular deste bra\u00e7o importante da igreja mission\u00e1ria, foram homenageados. <\/span><\/p>\n<p class=\"p1\"><span class=\"s1\">Um varal de fotos lembrou as tantas lutas no estado que est\u00e1 sempre em destaque no ranking de conflitos agr\u00e1rios.<\/span><\/p>\n<p class=\"p1\"><span class=\"s1\">Teve noite cultural com m\u00edstica tem\u00e1tica do assentamento que abrigou o encontro.<\/span><\/p>\n<p><img data-recalc-dims=\"1\" loading=\"lazy\" decoding=\"async\" data-attachment-id=\"34941\" data-permalink=\"http:\/\/blogdalucianaoliveira.com.br\/blog\/2024\/04\/16\/cpt-ro-completa-40-anos-e-elege-nova-coordenacao\/img_1717-3\/\" data-orig-file=\"https:\/\/i0.wp.com\/blogdalucianaoliveira.com.br\/blog\/wp-content\/uploads\/2024\/04\/IMG_1717-2-scaled.jpeg?fit=1920%2C2560\" data-orig-size=\"1920,2560\" data-comments-opened=\"0\" data-image-meta=\"{&quot;aperture&quot;:&quot;1.6&quot;,&quot;credit&quot;:&quot;&quot;,&quot;camera&quot;:&quot;iPhone 13&quot;,&quot;caption&quot;:&quot;&quot;,&quot;created_timestamp&quot;:&quot;1713040445&quot;,&quot;copyright&quot;:&quot;&quot;,&quot;focal_length&quot;:&quot;5.1&quot;,&quot;iso&quot;:&quot;640&quot;,&quot;shutter_speed&quot;:&quot;0.033333333333333&quot;,&quot;title&quot;:&quot;&quot;,&quot;orientation&quot;:&quot;1&quot;}\" data-image-title=\"IMG_1717\" data-image-description=\"\" data-image-caption=\"\" data-medium-file=\"https:\/\/i0.wp.com\/blogdalucianaoliveira.com.br\/blog\/wp-content\/uploads\/2024\/04\/IMG_1717-2-scaled.jpeg?fit=225%2C300\" data-large-file=\"https:\/\/i0.wp.com\/blogdalucianaoliveira.com.br\/blog\/wp-content\/uploads\/2024\/04\/IMG_1717-2-scaled.jpeg?fit=600%2C800\" class=\"alignnone size-full wp-image-34941\" src=\"https:\/\/i0.wp.com\/blogdalucianaoliveira.com.br\/blog\/wp-content\/uploads\/2024\/04\/IMG_1717-2-scaled.jpeg?resize=600%2C800\" alt=\"\" width=\"600\" height=\"800\" srcset=\"https:\/\/i0.wp.com\/blogdalucianaoliveira.com.br\/blog\/wp-content\/uploads\/2024\/04\/IMG_1717-2-scaled.jpeg?w=1920 1920w, https:\/\/i0.wp.com\/blogdalucianaoliveira.com.br\/blog\/wp-content\/uploads\/2024\/04\/IMG_1717-2-scaled.jpeg?resize=225%2C300 225w, https:\/\/i0.wp.com\/blogdalucianaoliveira.com.br\/blog\/wp-content\/uploads\/2024\/04\/IMG_1717-2-scaled.jpeg?resize=768%2C1024 768w, https:\/\/i0.wp.com\/blogdalucianaoliveira.com.br\/blog\/wp-content\/uploads\/2024\/04\/IMG_1717-2-scaled.jpeg?resize=1152%2C1536 1152w, https:\/\/i0.wp.com\/blogdalucianaoliveira.com.br\/blog\/wp-content\/uploads\/2024\/04\/IMG_1717-2-scaled.jpeg?w=1800 1800w\" sizes=\"auto, (max-width: 600px) 100vw, 600px\" \/><\/p>\n<p class=\"p1\"><span class=\"s1\">A r\u00e9plica de um barraco de lona fez muitos assentados reviverem os anos que se abrigaram nesta moradia improvisada at\u00e9 a conquista da terra.<\/span><\/p>\n<p class=\"p1\"><span class=\"s1\">O \u00faltimo dia foi reservado \u00e0 presta\u00e7\u00e3o de contas e assembleia ordin\u00e1ria que elegeu os novos membros que v\u00e3o comandar a Coordena\u00e7\u00e3o Regional. <\/span><\/p>\n<p class=\"p1\"><span class=\"s1\">Foram eleitos para o pr\u00f3ximo tri\u00eanio como titulares: Larissa Rodrigues, Wellington Lamburgini e Maria Petronila.<\/span><\/p>\n<p class=\"p1\"><span class=\"s1\">Como suplentes: Luciomar Monteiro e Rosiane Chicuta.<\/span><\/p>\n<p><img data-recalc-dims=\"1\" loading=\"lazy\" decoding=\"async\" data-attachment-id=\"34946\" data-permalink=\"http:\/\/blogdalucianaoliveira.com.br\/blog\/2024\/04\/16\/cpt-ro-completa-40-anos-e-elege-nova-coordenacao\/img_1864-2\/\" data-orig-file=\"https:\/\/i0.wp.com\/blogdalucianaoliveira.com.br\/blog\/wp-content\/uploads\/2024\/04\/IMG_1864-1-scaled.jpeg?fit=2560%2C1789\" data-orig-size=\"2560,1789\" data-comments-opened=\"0\" data-image-meta=\"{&quot;aperture&quot;:&quot;2.4&quot;,&quot;credit&quot;:&quot;&quot;,&quot;camera&quot;:&quot;iPhone 13&quot;,&quot;caption&quot;:&quot;&quot;,&quot;created_timestamp&quot;:&quot;1713095575&quot;,&quot;copyright&quot;:&quot;&quot;,&quot;focal_length&quot;:&quot;1.54&quot;,&quot;iso&quot;:&quot;250&quot;,&quot;shutter_speed&quot;:&quot;0.016666666666667&quot;,&quot;title&quot;:&quot;&quot;,&quot;orientation&quot;:&quot;1&quot;}\" data-image-title=\"IMG_1864\" data-image-description=\"\" data-image-caption=\"\" data-medium-file=\"https:\/\/i0.wp.com\/blogdalucianaoliveira.com.br\/blog\/wp-content\/uploads\/2024\/04\/IMG_1864-1-scaled.jpeg?fit=300%2C210\" data-large-file=\"https:\/\/i0.wp.com\/blogdalucianaoliveira.com.br\/blog\/wp-content\/uploads\/2024\/04\/IMG_1864-1-scaled.jpeg?fit=600%2C420\" class=\"alignnone size-full wp-image-34946\" src=\"https:\/\/i0.wp.com\/blogdalucianaoliveira.com.br\/blog\/wp-content\/uploads\/2024\/04\/IMG_1864-1-scaled.jpeg?resize=600%2C419\" alt=\"\" width=\"600\" height=\"419\" srcset=\"https:\/\/i0.wp.com\/blogdalucianaoliveira.com.br\/blog\/wp-content\/uploads\/2024\/04\/IMG_1864-1-scaled.jpeg?w=2560 2560w, https:\/\/i0.wp.com\/blogdalucianaoliveira.com.br\/blog\/wp-content\/uploads\/2024\/04\/IMG_1864-1-scaled.jpeg?resize=300%2C210 300w, https:\/\/i0.wp.com\/blogdalucianaoliveira.com.br\/blog\/wp-content\/uploads\/2024\/04\/IMG_1864-1-scaled.jpeg?resize=1024%2C716 1024w, https:\/\/i0.wp.com\/blogdalucianaoliveira.com.br\/blog\/wp-content\/uploads\/2024\/04\/IMG_1864-1-scaled.jpeg?resize=768%2C537 768w, https:\/\/i0.wp.com\/blogdalucianaoliveira.com.br\/blog\/wp-content\/uploads\/2024\/04\/IMG_1864-1-scaled.jpeg?resize=1536%2C1074 1536w, https:\/\/i0.wp.com\/blogdalucianaoliveira.com.br\/blog\/wp-content\/uploads\/2024\/04\/IMG_1864-1-scaled.jpeg?w=1200 1200w, https:\/\/i0.wp.com\/blogdalucianaoliveira.com.br\/blog\/wp-content\/uploads\/2024\/04\/IMG_1864-1-scaled.jpeg?w=1800 1800w\" sizes=\"auto, (max-width: 600px) 100vw, 600px\" \/><\/p>\n<p class=\"p1\"><span class=\"s1\">\u201cA CPT tem grande import\u00e2ncia social em Rond\u00f4nia. \u00c9 um momento de gratid\u00e3o. \u00c0 CPT sempre ouvindo as comunidades, os trabalhadores e os camponeses, a todos os parceiros e a outros agentes de pastorais que deram seu suor, seu tempo aqui na regional\u201d, disse Maria Petronila.<\/span><\/p>\n<p><img data-recalc-dims=\"1\" loading=\"lazy\" decoding=\"async\" data-attachment-id=\"34951\" data-permalink=\"http:\/\/blogdalucianaoliveira.com.br\/blog\/2024\/04\/16\/cpt-ro-completa-40-anos-e-elege-nova-coordenacao\/img_1886\/\" data-orig-file=\"https:\/\/i0.wp.com\/blogdalucianaoliveira.com.br\/blog\/wp-content\/uploads\/2024\/04\/IMG_1886-scaled.jpeg?fit=2560%2C1920\" data-orig-size=\"2560,1920\" data-comments-opened=\"0\" data-image-meta=\"{&quot;aperture&quot;:&quot;1.6&quot;,&quot;credit&quot;:&quot;&quot;,&quot;camera&quot;:&quot;iPhone 13&quot;,&quot;caption&quot;:&quot;&quot;,&quot;created_timestamp&quot;:&quot;1713096770&quot;,&quot;copyright&quot;:&quot;&quot;,&quot;focal_length&quot;:&quot;5.1&quot;,&quot;iso&quot;:&quot;125&quot;,&quot;shutter_speed&quot;:&quot;0.0082644628099174&quot;,&quot;title&quot;:&quot;&quot;,&quot;orientation&quot;:&quot;1&quot;}\" data-image-title=\"IMG_1886\" data-image-description=\"\" data-image-caption=\"\" data-medium-file=\"https:\/\/i0.wp.com\/blogdalucianaoliveira.com.br\/blog\/wp-content\/uploads\/2024\/04\/IMG_1886-scaled.jpeg?fit=300%2C225\" data-large-file=\"https:\/\/i0.wp.com\/blogdalucianaoliveira.com.br\/blog\/wp-content\/uploads\/2024\/04\/IMG_1886-scaled.jpeg?fit=600%2C450\" class=\"alignnone size-full wp-image-34951\" src=\"https:\/\/i0.wp.com\/blogdalucianaoliveira.com.br\/blog\/wp-content\/uploads\/2024\/04\/IMG_1886-scaled.jpeg?resize=600%2C450\" alt=\"\" width=\"600\" height=\"450\" srcset=\"https:\/\/i0.wp.com\/blogdalucianaoliveira.com.br\/blog\/wp-content\/uploads\/2024\/04\/IMG_1886-scaled.jpeg?w=2560 2560w, https:\/\/i0.wp.com\/blogdalucianaoliveira.com.br\/blog\/wp-content\/uploads\/2024\/04\/IMG_1886-scaled.jpeg?resize=300%2C225 300w, https:\/\/i0.wp.com\/blogdalucianaoliveira.com.br\/blog\/wp-content\/uploads\/2024\/04\/IMG_1886-scaled.jpeg?resize=1024%2C768 1024w, https:\/\/i0.wp.com\/blogdalucianaoliveira.com.br\/blog\/wp-content\/uploads\/2024\/04\/IMG_1886-scaled.jpeg?resize=768%2C576 768w, https:\/\/i0.wp.com\/blogdalucianaoliveira.com.br\/blog\/wp-content\/uploads\/2024\/04\/IMG_1886-scaled.jpeg?resize=1536%2C1152 1536w, https:\/\/i0.wp.com\/blogdalucianaoliveira.com.br\/blog\/wp-content\/uploads\/2024\/04\/IMG_1886-scaled.jpeg?resize=2048%2C1536 2048w, https:\/\/i0.wp.com\/blogdalucianaoliveira.com.br\/blog\/wp-content\/uploads\/2024\/04\/IMG_1886-scaled.jpeg?resize=400%2C300 400w, https:\/\/i0.wp.com\/blogdalucianaoliveira.com.br\/blog\/wp-content\/uploads\/2024\/04\/IMG_1886-scaled.jpeg?w=1200 1200w, https:\/\/i0.wp.com\/blogdalucianaoliveira.com.br\/blog\/wp-content\/uploads\/2024\/04\/IMG_1886-scaled.jpeg?w=1800 1800w\" sizes=\"auto, (max-width: 600px) 100vw, 600px\" \/><\/p>\n","protected":false},"excerpt":{"rendered":"<p>Em Rond\u00f4nia o CNPJ da Comiss\u00e3o Pastoral da Terra (CPT) nasceu h\u00e1 40 anos, mas a miss\u00e3o prof\u00e9tica e solid\u00e1ria nesta por\u00e7\u00e3o da Amaz\u00f4nia come\u00e7ou bem antes. S\u00e3o d\u00e9cadas de presen\u00e7a fraterna e ecum\u00eanica em defesa da vida, dos povos, das terras, das \u00e1guas e das florestas.<\/p>\n","protected":false},"author":1,"featured_media":0,"comment_status":"closed","ping_status":"open","sticky":false,"template":"","format":"standard","meta":{"_exactmetrics_skip_tracking":false,"_exactmetrics_sitenote_active":false,"_exactmetrics_sitenote_note":"","_exactmetrics_sitenote_category":0,"jetpack_post_was_ever_published":false,"_jetpack_newsletter_access":"","_jetpack_dont_email_post_to_subs":false,"_jetpack_newsletter_tier_id":0,"_jetpack_memberships_contains_paywalled_content":false,"_jetpack_memberships_contains_paid_content":false,"footnotes":"","jetpack_publicize_message":"","jetpack_publicize_feature_enabled":true,"jetpack_social_post_already_shared":true,"jetpack_social_options":{"image_generator_settings":{"template":"highway","enabled":false},"version":2}},"categories":[1],"tags":[564,911,910],"class_list":["post-34926","post","type-post","status-publish","format-standard","hentry","category-notas","tag-cpt-ro","tag-missao","tag-pastoral"],"jetpack_publicize_connections":[],"jetpack_sharing_enabled":true,"jetpack_featured_media_url":"","jetpack_shortlink":"https:\/\/wp.me\/p7wKYW-95k","jetpack-related-posts":[],"_links":{"self":[{"href":"http:\/\/blogdalucianaoliveira.com.br\/blog\/wp-json\/wp\/v2\/posts\/34926","targetHints":{"allow":["GET"]}}],"collection":[{"href":"http:\/\/blogdalucianaoliveira.com.br\/blog\/wp-json\/wp\/v2\/posts"}],"about":[{"href":"http:\/\/blogdalucianaoliveira.com.br\/blog\/wp-json\/wp\/v2\/types\/post"}],"author":[{"embeddable":true,"href":"http:\/\/blogdalucianaoliveira.com.br\/blog\/wp-json\/wp\/v2\/users\/1"}],"replies":[{"embeddable":true,"href":"http:\/\/blogdalucianaoliveira.com.br\/blog\/wp-json\/wp\/v2\/comments?post=34926"}],"version-history":[{"count":6,"href":"http:\/\/blogdalucianaoliveira.com.br\/blog\/wp-json\/wp\/v2\/posts\/34926\/revisions"}],"predecessor-version":[{"id":34952,"href":"http:\/\/blogdalucianaoliveira.com.br\/blog\/wp-json\/wp\/v2\/posts\/34926\/revisions\/34952"}],"wp:attachment":[{"href":"http:\/\/blogdalucianaoliveira.com.br\/blog\/wp-json\/wp\/v2\/media?parent=34926"}],"wp:term":[{"taxonomy":"category","embeddable":true,"href":"http:\/\/blogdalucianaoliveira.com.br\/blog\/wp-json\/wp\/v2\/categories?post=34926"},{"taxonomy":"post_tag","embeddable":true,"href":"http:\/\/blogdalucianaoliveira.com.br\/blog\/wp-json\/wp\/v2\/tags?post=34926"}],"curies":[{"name":"wp","href":"https:\/\/api.w.org\/{rel}","templated":true}]}}