{"id":34953,"date":"2024-04-17T09:17:44","date_gmt":"2024-04-17T13:17:44","guid":{"rendered":"http:\/\/blogdalucianaoliveira.com.br\/blog\/?p=34953"},"modified":"2024-04-17T09:17:44","modified_gmt":"2024-04-17T13:17:44","slug":"amazonia-das-palavras-3a-edicao-acontece-de-30-de-abril-a-17-de-maio","status":"publish","type":"post","link":"http:\/\/blogdalucianaoliveira.com.br\/blog\/2024\/04\/17\/amazonia-das-palavras-3a-edicao-acontece-de-30-de-abril-a-17-de-maio\/","title":{"rendered":"\u200bAmaz\u00f4nia das Palavras 3\u00aa Edi\u00e7\u00e3o acontece de 30 de abril a 17 de maio"},"content":{"rendered":"<p style=\"text-align: left;\"><img data-recalc-dims=\"1\" loading=\"lazy\" decoding=\"async\" data-attachment-id=\"34955\" data-permalink=\"http:\/\/blogdalucianaoliveira.com.br\/blog\/2024\/04\/17\/amazonia-das-palavras-3a-edicao-acontece-de-30-de-abril-a-17-de-maio\/redes-sociais-mapa-amazonia-das-palavras\/\" data-orig-file=\"https:\/\/i0.wp.com\/blogdalucianaoliveira.com.br\/blog\/wp-content\/uploads\/2024\/04\/IMG_2096.jpeg?fit=2250%2C2250\" data-orig-size=\"2250,2250\" data-comments-opened=\"0\" data-image-meta=\"{&quot;aperture&quot;:&quot;0&quot;,&quot;credit&quot;:&quot;&quot;,&quot;camera&quot;:&quot;&quot;,&quot;caption&quot;:&quot;&quot;,&quot;created_timestamp&quot;:&quot;1712246431&quot;,&quot;copyright&quot;:&quot;&quot;,&quot;focal_length&quot;:&quot;0&quot;,&quot;iso&quot;:&quot;0&quot;,&quot;shutter_speed&quot;:&quot;0&quot;,&quot;title&quot;:&quot;REDES SOCIAIS MAPA AMAZONIA DAS PALAVRAS&quot;,&quot;orientation&quot;:&quot;0&quot;}\" data-image-title=\"REDES SOCIAIS MAPA AMAZONIA DAS PALAVRAS\" data-image-description=\"\" data-image-caption=\"\" data-medium-file=\"https:\/\/i0.wp.com\/blogdalucianaoliveira.com.br\/blog\/wp-content\/uploads\/2024\/04\/IMG_2096.jpeg?fit=300%2C300\" data-large-file=\"https:\/\/i0.wp.com\/blogdalucianaoliveira.com.br\/blog\/wp-content\/uploads\/2024\/04\/IMG_2096.jpeg?fit=600%2C600\" class=\"alignnone size-full wp-image-34955\" src=\"https:\/\/i0.wp.com\/blogdalucianaoliveira.com.br\/blog\/wp-content\/uploads\/2024\/04\/IMG_2096.jpeg?resize=600%2C600\" alt=\"\" width=\"600\" height=\"600\" srcset=\"https:\/\/i0.wp.com\/blogdalucianaoliveira.com.br\/blog\/wp-content\/uploads\/2024\/04\/IMG_2096.jpeg?w=2250 2250w, https:\/\/i0.wp.com\/blogdalucianaoliveira.com.br\/blog\/wp-content\/uploads\/2024\/04\/IMG_2096.jpeg?resize=300%2C300 300w, https:\/\/i0.wp.com\/blogdalucianaoliveira.com.br\/blog\/wp-content\/uploads\/2024\/04\/IMG_2096.jpeg?resize=1024%2C1024 1024w, https:\/\/i0.wp.com\/blogdalucianaoliveira.com.br\/blog\/wp-content\/uploads\/2024\/04\/IMG_2096.jpeg?resize=150%2C150 150w, https:\/\/i0.wp.com\/blogdalucianaoliveira.com.br\/blog\/wp-content\/uploads\/2024\/04\/IMG_2096.jpeg?resize=768%2C768 768w, https:\/\/i0.wp.com\/blogdalucianaoliveira.com.br\/blog\/wp-content\/uploads\/2024\/04\/IMG_2096.jpeg?resize=1536%2C1536 1536w, https:\/\/i0.wp.com\/blogdalucianaoliveira.com.br\/blog\/wp-content\/uploads\/2024\/04\/IMG_2096.jpeg?resize=2048%2C2048 2048w, https:\/\/i0.wp.com\/blogdalucianaoliveira.com.br\/blog\/wp-content\/uploads\/2024\/04\/IMG_2096.jpeg?w=1200 1200w, https:\/\/i0.wp.com\/blogdalucianaoliveira.com.br\/blog\/wp-content\/uploads\/2024\/04\/IMG_2096.jpeg?w=1800 1800w\" sizes=\"auto, (max-width: 600px) 100vw, 600px\" \/><\/p>\n<p class=\"s3\">Uma programa\u00e7\u00e3o voltada ao incentivo e fomento \u00e0 leitura, ao livro e \u00e0 educa\u00e7\u00e3o foi preparada especialmente para o Amaz\u00f4nia das Palavras \u2013 Terceira Edi\u00e7\u00e3o. A expedi\u00e7\u00e3o liter\u00e1ria acontece de 30 de abril a 17 de maio.<\/p>\n<p class=\"s3\">O Amaz\u00f4nia das Palavras \u2013 Terceira Edi\u00e7\u00e3o navega 1.300 Km pelos rios Madeira, Amazonas e Negro, com as atividades sendo realizadas em escolas p\u00fablicas da rede de ensino, atendendo estudantes, professores, profissionais da educa\u00e7\u00e3o e comunidades.<\/p>\n<p class=\"s3\">A expedi\u00e7\u00e3o liter\u00e1ria percorre 08 cidades da Amaz\u00f4nia:<\/p>\n<p class=\"s3\">Porto Velho (30\/04), Humait\u00e1 (02\/05), Manicor\u00e9 (06\/05), Novo Aripuan\u00e3 (08\/05), Borba (10\/05), Nova Olinda do Norte (13\/05), no Rio Madeira, Itacoatiara (15\/05), no Rio Amazonas e Manaus (17\/05), no Rio Negro.<\/p>\n<p class=\"s3\">Oficinas Liter\u00e1rias \u2013 em cada uma das 8 cidades visitadas pelo Amaz\u00f4nia das Palavras \u2013 Terceira Edi\u00e7\u00e3o, as Oficinas Liter\u00e1rias s\u00e3o realizadas de forma gratuita, cada uma com 08 horas\/aula e com educadores da regi\u00e3o Amaz\u00f4nica e de outras regi\u00f5es do pa\u00eds. Conhe\u00e7a as Oficinas e seus Educadores.<\/p>\n<p class=\"s3\">Confira as oficinas e os educadores:<\/p>\n<p class=\"s3\">Mitos e Hist\u00f3rias Ind\u00edgenas \u2013 Professor Yaguar\u00ea Yam\u00e3<\/p>\n<p class=\"s3\">Slam \u2013 A Poesia Falada \u2013 Professora Roberta Estrela D\u00b4Alva<\/p>\n<p class=\"s3\">Produ\u00e7\u00e3o de Textos Liter\u00e1rios \u2013 Poeta Dori Carvalho<\/p>\n<p class=\"s3\">A Palavra Animada \u2013 Professor Marcos Magalh\u00e3es<\/p>\n<p class=\"s3\">M\u00fasica e Literatura \u2013 Professor Thiago Thiago De Mello<\/p>\n<p class=\"s3\">Como Utilizar o Cinema em Sala De Aula \u2013 Professora Bete Bullara<\/p>\n<p class=\"s3\">Literatura e a Moda \u2013 Professora Marcela Kopanakis Segismundo<\/p>\n<p class=\"s3\">No per\u00edodo noturno o Amaz\u00f4nia das Palavras \u2013 Terceira Edi\u00e7\u00e3o, tem a seguinte programa\u00e7\u00e3o com Aulas Magnas:<\/p>\n<p class=\"s3\">Aula Magna Batalha de Slam, com a Professora Roberta Estrela D\u2019Alva, nas cidades de Porto Velho\/RO (30\/04) e Nova Olinda do Norte\/AM (13\/05)<\/p>\n<p class=\"s3\">Aula Magna: Poesia necess\u00e1ria para a vida \u2013 Leres, escreveres, dizeres e viveres, com o Professor Dori Carvalho, nas cidades de Humait\u00e1\/AM (02\/05) e Novo Aripuan\u00e3\/AM (08\/05);<\/p>\n<p class=\"s3\">Aula Magna: Basta se lembrar, nada vai sumir, com o Professor Thiago Thiago de Mello, na cidade de Borba\/AM (10\/05);<\/p>\n<p class=\"s3\">Aula Magna: Identidade Amaz\u00f4nica, com o Professor Yaguar\u00ea Yam\u00e3, na cidade de Manicor\u00e9\/AM (06\/05);<\/p>\n<p class=\"s3\">Aula Magna da Babil\u00f4nia \u00e0 Amaz\u00f4nia, Uma Hist\u00f3ria da Di\u00e1spora, com o Professor e Escritor M\u00e1rcio Souza, nas cidades de Itacoatiara\/AM (15\/05) e Manaus\/AM (17\/05)<\/p>\n<figure id=\"attachment_34956\" aria-describedby=\"caption-attachment-34956\" style=\"width: 2560px\" class=\"wp-caption alignnone\"><img data-recalc-dims=\"1\" loading=\"lazy\" decoding=\"async\" data-attachment-id=\"34956\" data-permalink=\"http:\/\/blogdalucianaoliveira.com.br\/blog\/2024\/04\/17\/amazonia-das-palavras-3a-edicao-acontece-de-30-de-abril-a-17-de-maio\/festcineamazonia-2012-itinerancia\/\" data-orig-file=\"https:\/\/i0.wp.com\/blogdalucianaoliveira.com.br\/blog\/wp-content\/uploads\/2024\/04\/IMG_2095-scaled.jpeg?fit=2560%2C2035\" data-orig-size=\"2560,2035\" data-comments-opened=\"0\" data-image-meta=\"{&quot;aperture&quot;:&quot;2&quot;,&quot;credit&quot;:&quot;Avener Prado&quot;,&quot;camera&quot;:&quot;NIKON D700&quot;,&quot;caption&quot;:&quot;Foto: Avener Prado \\\/ FESTCINEAMAZONIA&quot;,&quot;created_timestamp&quot;:&quot;1340400183&quot;,&quot;copyright&quot;:&quot;Avener Prado&quot;,&quot;focal_length&quot;:&quot;50&quot;,&quot;iso&quot;:&quot;1600&quot;,&quot;shutter_speed&quot;:&quot;0.02&quot;,&quot;title&quot;:&quot;FESTCINEAMAZONIA 2012 - ITINERANCIA&quot;,&quot;orientation&quot;:&quot;0&quot;}\" data-image-title=\"FESTCINEAMAZONIA 2012 &amp;#8211; ITINERANCIA\" data-image-description=\"\" data-image-caption=\"&lt;p&gt;Foto: Avener Prado \/ FESTCINEAMAZONIA&lt;\/p&gt;\n\" data-medium-file=\"https:\/\/i0.wp.com\/blogdalucianaoliveira.com.br\/blog\/wp-content\/uploads\/2024\/04\/IMG_2095-scaled.jpeg?fit=300%2C238\" data-large-file=\"https:\/\/i0.wp.com\/blogdalucianaoliveira.com.br\/blog\/wp-content\/uploads\/2024\/04\/IMG_2095-scaled.jpeg?fit=600%2C477\" class=\"size-full wp-image-34956\" src=\"https:\/\/i0.wp.com\/blogdalucianaoliveira.com.br\/blog\/wp-content\/uploads\/2024\/04\/IMG_2095-scaled.jpeg?resize=600%2C477\" alt=\"\" width=\"600\" height=\"477\" srcset=\"https:\/\/i0.wp.com\/blogdalucianaoliveira.com.br\/blog\/wp-content\/uploads\/2024\/04\/IMG_2095-scaled.jpeg?w=2560 2560w, https:\/\/i0.wp.com\/blogdalucianaoliveira.com.br\/blog\/wp-content\/uploads\/2024\/04\/IMG_2095-scaled.jpeg?resize=300%2C238 300w, https:\/\/i0.wp.com\/blogdalucianaoliveira.com.br\/blog\/wp-content\/uploads\/2024\/04\/IMG_2095-scaled.jpeg?resize=1024%2C814 1024w, https:\/\/i0.wp.com\/blogdalucianaoliveira.com.br\/blog\/wp-content\/uploads\/2024\/04\/IMG_2095-scaled.jpeg?resize=768%2C610 768w, https:\/\/i0.wp.com\/blogdalucianaoliveira.com.br\/blog\/wp-content\/uploads\/2024\/04\/IMG_2095-scaled.jpeg?resize=1536%2C1221 1536w, https:\/\/i0.wp.com\/blogdalucianaoliveira.com.br\/blog\/wp-content\/uploads\/2024\/04\/IMG_2095-scaled.jpeg?resize=2048%2C1628 2048w, https:\/\/i0.wp.com\/blogdalucianaoliveira.com.br\/blog\/wp-content\/uploads\/2024\/04\/IMG_2095-scaled.jpeg?resize=377%2C300 377w, https:\/\/i0.wp.com\/blogdalucianaoliveira.com.br\/blog\/wp-content\/uploads\/2024\/04\/IMG_2095-scaled.jpeg?w=1200 1200w, https:\/\/i0.wp.com\/blogdalucianaoliveira.com.br\/blog\/wp-content\/uploads\/2024\/04\/IMG_2095-scaled.jpeg?w=1800 1800w\" sizes=\"auto, (max-width: 600px) 100vw, 600px\" \/><figcaption id=\"caption-attachment-34956\" class=\"wp-caption-text\">Foto: Avener Prado \/ FESTCINEAMAZONIA<\/figcaption><\/figure>\n<p class=\"s3\">Em todas as cidades visitadas pelo Amaz\u00f4nia das Palavras \u2013 Terceira Edi\u00e7\u00e3o, ap\u00f3s as Aulas Magnas acontece o Espet\u00e1culo Circense \u201cSil\u00eancio Total\u201d, com o Palha\u00e7o XUXU, interpretado pelo ator Luiz Carlos Vasconcelos.<\/p>\n<p class=\"s3\">Na cidade de Manaus, no dia 17 de maio, acontece ainda a homenagem ao escritor M\u00e1rcio Souza.<\/p>\n<p class=\"s3\">\n<p class=\"s3\">Nas 8 Escolas P\u00fablicas, ser\u00e3o plantadas mudas de Pau-Brasil, s\u00edmbolo de nossa hist\u00f3ria e cultura e do compromisso de sustentabilidade do Amaz\u00f4nia das Palavras Terceira Edi\u00e7\u00e3o, como forma de reduzir as emiss\u00f5es de carbono e contribuir com a restaura\u00e7\u00e3o ambiental.<\/p>\n<p class=\"s3\">\n<p class=\"s3\">Tamb\u00e9m faremos doa\u00e7\u00e3o de livros, incentivando a leitura e o conhecimento.<\/p>\n<p class=\"s3\">\n<p class=\"s3\">Venha participar dessa jornada liter\u00e1ria incr\u00edvel de aprendizado e descobertas! &#8211; curta, comente, compartilhe \u2013 @amazoniadaspalavras<\/p>\n<p class=\"s3\">\n<p class=\"s3\">Amaz\u00f4nia das Palavras \u2013 Terceira Edi\u00e7\u00e3o \u2013 de 30 de abril a 17 de maio de 2024<\/p>\n<p class=\"s3\">Patroc\u00ednio do Google, Governo Federal, Minist\u00e9rio da Cultura, Secretaria de Economia Criativa e Fomento Cultural atrav\u00e9s da Lei de Incentivo \u00e0 Cultura \u2013 Lei Rouanet.<\/p>\n<p class=\"s3\">Marketing Cultural: BFV Cultura e Esporte Apoio Cultural: Da Gaveta Produ\u00e7\u00f5es, Byor Filmes, Agojie \u2013 Blacks Conscientes Bravos , Acapulco Filmes e INCENTIV<\/p>\n<p class=\"s3\">Realiza\u00e7\u0101o Associa\u00e7\u0101o Mapinguari<\/p>\n<p class=\"s3\">\n","protected":false},"excerpt":{"rendered":"<p>Uma programa\u00e7\u00e3o voltada ao incentivo e fomento \u00e0 leitura, ao livro e \u00e0 educa\u00e7\u00e3o foi preparada especialmente para o Amaz\u00f4nia das Palavras \u2013 Terceira Edi\u00e7\u00e3o. A expedi\u00e7\u00e3o liter\u00e1ria acontece de 30 de abril a 17 de maio. O Amaz\u00f4nia das Palavras \u2013 Terceira Edi\u00e7\u00e3o navega 1.300 Km pelos rios Madeira, Amazonas e Negro, com as&#8230;<a class=\"more-link\" href=\"http:\/\/blogdalucianaoliveira.com.br\/blog\/2024\/04\/17\/amazonia-das-palavras-3a-edicao-acontece-de-30-de-abril-a-17-de-maio\/\">Continue a leitura <span class=\"meta-nav\">&raquo;<\/span><\/a><\/p>\n","protected":false},"author":1,"featured_media":0,"comment_status":"closed","ping_status":"open","sticky":false,"template":"","format":"standard","meta":{"_exactmetrics_skip_tracking":false,"_exactmetrics_sitenote_active":false,"_exactmetrics_sitenote_note":"","_exactmetrics_sitenote_category":0,"jetpack_post_was_ever_published":false,"_jetpack_newsletter_access":"","_jetpack_dont_email_post_to_subs":false,"_jetpack_newsletter_tier_id":0,"_jetpack_memberships_contains_paywalled_content":false,"_jetpack_memberships_contains_paid_content":false,"footnotes":"","jetpack_publicize_message":"","jetpack_publicize_feature_enabled":true,"jetpack_social_post_already_shared":true,"jetpack_social_options":{"image_generator_settings":{"template":"highway","enabled":false},"version":2}},"categories":[1],"tags":[912,913,915,914],"class_list":["post-34953","post","type-post","status-publish","format-standard","hentry","category-notas","tag-amazonia-das-palavras","tag-barco","tag-oficinas","tag-rios"],"jetpack_publicize_connections":[],"jetpack_sharing_enabled":true,"jetpack_featured_media_url":"","jetpack_shortlink":"https:\/\/wp.me\/p7wKYW-95L","jetpack-related-posts":[],"_links":{"self":[{"href":"http:\/\/blogdalucianaoliveira.com.br\/blog\/wp-json\/wp\/v2\/posts\/34953","targetHints":{"allow":["GET"]}}],"collection":[{"href":"http:\/\/blogdalucianaoliveira.com.br\/blog\/wp-json\/wp\/v2\/posts"}],"about":[{"href":"http:\/\/blogdalucianaoliveira.com.br\/blog\/wp-json\/wp\/v2\/types\/post"}],"author":[{"embeddable":true,"href":"http:\/\/blogdalucianaoliveira.com.br\/blog\/wp-json\/wp\/v2\/users\/1"}],"replies":[{"embeddable":true,"href":"http:\/\/blogdalucianaoliveira.com.br\/blog\/wp-json\/wp\/v2\/comments?post=34953"}],"version-history":[{"count":1,"href":"http:\/\/blogdalucianaoliveira.com.br\/blog\/wp-json\/wp\/v2\/posts\/34953\/revisions"}],"predecessor-version":[{"id":34957,"href":"http:\/\/blogdalucianaoliveira.com.br\/blog\/wp-json\/wp\/v2\/posts\/34953\/revisions\/34957"}],"wp:attachment":[{"href":"http:\/\/blogdalucianaoliveira.com.br\/blog\/wp-json\/wp\/v2\/media?parent=34953"}],"wp:term":[{"taxonomy":"category","embeddable":true,"href":"http:\/\/blogdalucianaoliveira.com.br\/blog\/wp-json\/wp\/v2\/categories?post=34953"},{"taxonomy":"post_tag","embeddable":true,"href":"http:\/\/blogdalucianaoliveira.com.br\/blog\/wp-json\/wp\/v2\/tags?post=34953"}],"curies":[{"name":"wp","href":"https:\/\/api.w.org\/{rel}","templated":true}]}}