{"id":34969,"date":"2024-04-21T10:53:46","date_gmt":"2024-04-21T14:53:46","guid":{"rendered":"http:\/\/blogdalucianaoliveira.com.br\/blog\/?p=34969"},"modified":"2024-04-21T10:53:46","modified_gmt":"2024-04-21T14:53:46","slug":"o-milionario-americano-que-invadiu-paises-da-america-latina-e-acabou-fuzilado","status":"publish","type":"post","link":"http:\/\/blogdalucianaoliveira.com.br\/blog\/2024\/04\/21\/o-milionario-americano-que-invadiu-paises-da-america-latina-e-acabou-fuzilado\/","title":{"rendered":"O milion\u00e1rio americano que invadiu pa\u00edses da Am\u00e9rica Latina e acabou fuzilado"},"content":{"rendered":"<p><img data-recalc-dims=\"1\" loading=\"lazy\" decoding=\"async\" data-attachment-id=\"34970\" data-permalink=\"http:\/\/blogdalucianaoliveira.com.br\/blog\/2024\/04\/21\/o-milionario-americano-que-invadiu-paises-da-america-latina-e-acabou-fuzilado\/img_2245\/\" data-orig-file=\"https:\/\/i0.wp.com\/blogdalucianaoliveira.com.br\/blog\/wp-content\/uploads\/2024\/04\/IMG_2245.webp?fit=499%2C339\" data-orig-size=\"499,339\" data-comments-opened=\"0\" data-image-meta=\"{&quot;aperture&quot;:&quot;0&quot;,&quot;credit&quot;:&quot;&quot;,&quot;camera&quot;:&quot;&quot;,&quot;caption&quot;:&quot;&quot;,&quot;created_timestamp&quot;:&quot;0&quot;,&quot;copyright&quot;:&quot;&quot;,&quot;focal_length&quot;:&quot;0&quot;,&quot;iso&quot;:&quot;0&quot;,&quot;shutter_speed&quot;:&quot;0&quot;,&quot;title&quot;:&quot;&quot;,&quot;orientation&quot;:&quot;0&quot;}\" data-image-title=\"IMG_2245\" data-image-description=\"\" data-image-caption=\"\" data-medium-file=\"https:\/\/i0.wp.com\/blogdalucianaoliveira.com.br\/blog\/wp-content\/uploads\/2024\/04\/IMG_2245.webp?fit=300%2C204\" data-large-file=\"https:\/\/i0.wp.com\/blogdalucianaoliveira.com.br\/blog\/wp-content\/uploads\/2024\/04\/IMG_2245.webp?fit=499%2C339\" class=\"alignnone size-full wp-image-34970\" src=\"https:\/\/i0.wp.com\/blogdalucianaoliveira.com.br\/blog\/wp-content\/uploads\/2024\/04\/IMG_2245.webp?resize=499%2C339\" alt=\"\" width=\"499\" height=\"339\" srcset=\"https:\/\/i0.wp.com\/blogdalucianaoliveira.com.br\/blog\/wp-content\/uploads\/2024\/04\/IMG_2245.webp?w=499 499w, https:\/\/i0.wp.com\/blogdalucianaoliveira.com.br\/blog\/wp-content\/uploads\/2024\/04\/IMG_2245.webp?resize=300%2C204 300w, https:\/\/i0.wp.com\/blogdalucianaoliveira.com.br\/blog\/wp-content\/uploads\/2024\/04\/IMG_2245.webp?resize=442%2C300 442w\" sizes=\"auto, (max-width: 499px) 100vw, 499px\" \/><\/p>\n<div class=\"bbc-19j92fr ebmt73l0\" dir=\"ltr\">\n<p class=\"bbc-hhl7in e17g058b0\" dir=\"ltr\">BBC &#8211; Em 5 de outubro de 1860, o <a class=\"focusIndicatorReducedWidth bbc-n8oauk e1p3sufg0\" href=\"https:\/\/www.nytimes.com\/1860\/10\/05\/archives\/cuba-the-execution-of-walker-miscellaneous-news-trade-and-commerse.html?searchResultPosition=4\" aria-label=\"jornal The New York Times noticiava a execu\u00e7\u00e3o de um norte-americano em Honduras, externo\">jornal The New York Times noticiava a execu\u00e7\u00e3o de um norte-americano em Honduras<\/a>. \u201cEle marchou de sua cela at\u00e9 o local da execu\u00e7\u00e3o com passo firme e semblante inabal\u00e1vel\u2026tr\u00eas soldados avan\u00e7aram e dispararam os mosquetes\u2026espalhando seu c\u00e9rebro e cr\u00e2nio ao vento\u201d.<\/p>\n<\/div>\n<p><!--more--><\/p>\n<div class=\"bbc-19j92fr ebmt73l0\" dir=\"ltr\">\n<p class=\"bbc-hhl7in e17g058b0\" dir=\"ltr\">O trecho chocante narra o fim da vida de William Walker, milion\u00e1rio que invadiu pa\u00edses da <a class=\"focusIndicatorReducedWidth bbc-n8oauk e1p3sufg0\" href=\"https:\/\/www.bbc.com\/portuguese\/topics\/c7zp5znpxnyt\">Am\u00e9rica Latina<\/a> com um ex\u00e9rcito privado a fim de estabelecer col\u00f4nias sob seu controle pessoal.<\/p>\n<\/div>\n<div class=\"bbc-19j92fr ebmt73l0\" dir=\"ltr\">\n<p class=\"bbc-hhl7in e17g058b0\" dir=\"ltr\">Em vida, Walker conseguiu tomar o poder por quase dois anos na Nicar\u00e1gua, onde sob seu regime, instituiu o ingl\u00eas como l\u00edngua oficial, mudou a bandeira nacional e revogou a liberta\u00e7\u00e3o dos escravizados no pa\u00eds.<\/p>\n<\/div>\n<div class=\"bbc-19j92fr ebmt73l0\" dir=\"ltr\">\n<p class=\"bbc-hhl7in e17g058b0\" dir=\"ltr\">Derrubado da presid\u00eancia, voltou aos EUA com status de her\u00f3i, mas optou por retornar a Honduras para reviver seus planos. Por l\u00e1, acabou capturado, julgado e condenado \u00e0 morte.<\/p>\n<p dir=\"ltr\">Walker, contudo, deixou um legado para o continente: especialistas ouvidos pela BBC News Brasil afirmam que suas invas\u00f5es ajudariam a forjar uma identidade latino-americana e um senso de orgulho aos locais.<\/p>\n<div class=\"bbc-19j92fr ebmt73l0\" dir=\"ltr\">\n<h2 id=\"Quem-era-William-Walker\" class=\"bbc-1f03ibc eglt09e0\" tabindex=\"-1\">Quem era William Walker?<\/h2>\n<\/div>\n<div class=\"bbc-19j92fr ebmt73l0\" dir=\"ltr\">\n<p class=\"bbc-hhl7in e17g058b0\" dir=\"ltr\">A trajet\u00f3ria de William Walker come\u00e7ou a cerca de dois mil quil\u00f4metros de onde viria a ser executado. Nascido no Estado americano do Tennessee em 1824, era filho de um proeminente casal de empres\u00e1rios, oriundos de uma fam\u00edlia com forte influ\u00eancia pol\u00edtica local.<\/p>\n<\/div>\n<div class=\"bbc-19j92fr ebmt73l0\" dir=\"ltr\">\n<p class=\"bbc-hhl7in e17g058b0\" dir=\"ltr\">Segundo John E. Norvell, professor de hist\u00f3ria na Academia da For\u00e7a A\u00e9rea dos EUA, que publicou um artigo sobre a vida de Walker, ele chegou a estudar medicina, foi jornalista e advogado, mas acabou largando tais profiss\u00f5es. Logo, come\u00e7ou a vislumbrar uma carreira como \u201cFilibuster\u201d \u2014 um mercen\u00e1rio que integra uma expedi\u00e7\u00e3o militar n\u00e3o autorizada em um pa\u00eds para fomentar uma revolu\u00e7\u00e3o.<\/p>\n<p dir=\"ltr\">\u201cWalker viu a perspectiva de ir para a batalha como uma grande aventura. Talvez ele acreditasse que era o \u201cDestino Manifesto\u201d dos EUA (doutrina que pela qual os EUA seriam considerados respons\u00e1veis por levar a civiliza\u00e7\u00e3o para a Am\u00e9rica) anexar o resto do continente. Ou talvez, como Filibuster, Walker imaginava conquistar vastas.<\/p>\n<p><main class=\"bbc-fa0wmp\" role=\"main\"><\/p>\n<div class=\"bbc-19j92fr ebmt73l0\" dir=\"ltr\">\n<p class=\"bbc-hhl7in e17g058b0\" dir=\"ltr\">regi\u00f5es da Am\u00e9rica Central, onde criaria novos estados escravistas para se juntarem ao Sul dos EUA\u201d, afirmou, em artigo, Norvell.<\/p>\n<\/div>\n<div class=\"bbc-19j92fr ebmt73l0\" dir=\"ltr\">\n<p class=\"bbc-hhl7in e17g058b0\" dir=\"ltr\">Em 1853, Walker recruta americanos escravocratas e inicia sua campanha no M\u00e9xico em busca de poder e mais riqueza. \u201cRecrutando apoiadores norte-americanos da <a class=\"focusIndicatorReducedWidth bbc-n8oauk e1p3sufg0\" href=\"https:\/\/www.bbc.com\/portuguese\/topics\/c1gdqgkx4z9t\">escravid\u00e3o<\/a>, ele esperava formar uma col\u00f4nia americana no M\u00e9xico, que poderia eventualmente tomar o seu lugar como parte dos EUA, como o <a class=\"focusIndicatorReducedWidth bbc-n8oauk e1p3sufg0\" href=\"https:\/\/www.bbc.com\/portuguese\/internacional-59830108\">Texas havia feito<\/a>\u201d, diz Norvell.<\/p>\n<\/div>\n<div class=\"bbc-19j92fr ebmt73l0\" dir=\"ltr\">\n<p class=\"bbc-hhl7in e17g058b0\" dir=\"ltr\">O ex\u00e9rcito mercen\u00e1rio de Walker chega a conquistar duas cidades mexicanas: La Paz e Ensenada. Ali, nomeou-se presidente da nova \u201cRep\u00fablica da Sonora\u201d. Mas, dias depois da conquista, a falta de suprimentos e uma inesperada resist\u00eancia das tropas mexicanas for\u00e7aram Walker e seu ex\u00e9rcito a bater em retirada de volta aos EUA.<\/p>\n<\/div>\n<div class=\"bbc-19j92fr ebmt73l0\" dir=\"ltr\">\n<h2 id=\"Ditador-na-Nicar\u00e1gua\" class=\"bbc-1f03ibc eglt09e0\" tabindex=\"-1\">Ditador na Nicar\u00e1gua<\/h2>\n<\/div>\n<div class=\"bbc-19j92fr ebmt73l0\" dir=\"ltr\">\n<p class=\"bbc-hhl7in e17g058b0\" dir=\"ltr\">O rev\u00e9s no M\u00e9xico n\u00e3o interrompeu os sonhos de Walker. Em 1854, ap\u00f3s uma guerra civil eclodir na Nicar\u00e1gua entre partid\u00e1rios do partido Legitimista, com sede na cidade de Granada, e o partido Democrata, em Le\u00f3n, o l\u00edder dos Democratas, Francisco Castell\u00f3n, buscou apoio militar de Walker.<\/p>\n<\/div>\n<div class=\"bbc-19j92fr ebmt73l0\" dir=\"ltr\">\n<p class=\"bbc-hhl7in e17g058b0\" dir=\"ltr\">\u201cEstes apoiadores de Walker, especialmente aqueles que o apoiaram em troca de vantagens pessoais, podem ser considerados parte de uma classe burguesa local que se beneficiaria da alian\u00e7a com interesses estrangeiros, como os EUA, em detrimento do desenvolvimento aut\u00f4nomo de seus pa\u00edses\u201d, diz Elaine Santos, doutora em sociologia e pesquisadora do Instituto de Estudos Avan\u00e7ados (IEA) da Universidade de S\u00e3o Paulo (USP).<\/p>\n<\/div>\n<div class=\"bbc-19j92fr ebmt73l0\" dir=\"ltr\">\n<p class=\"bbc-hhl7in e17g058b0\" dir=\"ltr\">Era a chance do milion\u00e1rio norte-americano alcan\u00e7ar o poder. A chegada das tropas de Walker muda o jogo da guerra civil. No livro A<i class=\"bbc-h1y5j7 eih42320\"> invas\u00e3o filibustera da Nicar\u00e1gua e a Guerra Nacional<\/i>, publicado pelo Sistema de Integra\u00e7\u00e3o Centro-Americana (SICA), o autor J. Ricardo Due\u00f1as Van Severen detalha que os norte-americanos que desembarcaram na cidade de Realejo passaram a lutar e treinar parte dos nicaraguenses e, com o apoio de tropas e acordos locais, conseguiram expandir seu poder.<\/p>\n<\/div>\n<figure class=\"bbc-1qn0xuy\">\n<div class=\"bbc-18ywsw9\"><picture><img data-recalc-dims=\"1\" loading=\"lazy\" decoding=\"async\" class=\"bbc-139onq\" src=\"https:\/\/i0.wp.com\/ichef.bbci.co.uk\/ace\/ws\/640\/cpsprodpb\/2b8f\/live\/39834610-fb1a-11ee-8369-47dc4454b972.jpg?resize=600%2C366&#038;ssl=1\" sizes=\"auto, (min-width: 1008px) 760px, 100vw\" srcset=\"https:\/\/ichef.bbci.co.uk\/ace\/ws\/240\/cpsprodpb\/2b8f\/live\/39834610-fb1a-11ee-8369-47dc4454b972.jpg 240w, https:\/\/ichef.bbci.co.uk\/ace\/ws\/320\/cpsprodpb\/2b8f\/live\/39834610-fb1a-11ee-8369-47dc4454b972.jpg 320w, https:\/\/ichef.bbci.co.uk\/ace\/ws\/480\/cpsprodpb\/2b8f\/live\/39834610-fb1a-11ee-8369-47dc4454b972.jpg 480w, https:\/\/ichef.bbci.co.uk\/ace\/ws\/624\/cpsprodpb\/2b8f\/live\/39834610-fb1a-11ee-8369-47dc4454b972.jpg 624w, https:\/\/ichef.bbci.co.uk\/ace\/ws\/800\/cpsprodpb\/2b8f\/live\/39834610-fb1a-11ee-8369-47dc4454b972.jpg 800w\" alt=\"Gravura de William Walker treinando seus soldados em Virgin Bay, na Nicar\u00e1gua\" width=\"600\" height=\"366\" \/><\/picture>\n<p class=\"bbc-by8ykd\" role=\"text\"><span class=\"bbc-m04vo2\">CR\u00c9DITO, <\/span><span lang=\"en-GB\">GETTY IMAGES<\/span><\/p>\n<\/div><figcaption class=\"bbc-1jsyunq e6i104o0\" dir=\"ltr\"><span role=\"text\"><span class=\"bbc-m04vo2\">Legenda da foto, <\/span><span data-testid=\"caption-paragraph\">Gravura de William Walker treinando seus soldados em Virgin Bay, na Nicar\u00e1gua<\/span><\/span><\/figcaption><\/figure>\n<div class=\"bbc-19j92fr ebmt73l0\" dir=\"ltr\">\n<p class=\"bbc-hhl7in e17g058b0\" dir=\"ltr\">Ao vencer a batalha em Granada contra tropas governistas, Walker consegue finalmente controlar o pa\u00eds. Logo, \u00e9 eleito presidente, em uma vota\u00e7\u00e3o simb\u00f3lica.<\/p>\n<\/div>\n<div class=\"bbc-19j92fr ebmt73l0\" dir=\"ltr\">\n<p class=\"bbc-hhl7in e17g058b0\" dir=\"ltr\">\u201cAo meio-dia de 12 de julho de 1856, treze meses depois do desembarque em Realejo, Walker prestou juramento como Presidente da Nicar\u00e1gua na Plaza Mayor de Granada. Apesar de que os press\u00e1gios da trag\u00e9dia j\u00e1 eram claros e de que nuvens escuras amea\u00e7adoras estavam se reunindo sobre a cabe\u00e7a de Walker, esse foi o momento de maior triunfo para o invasor e o momento de maior humilha\u00e7\u00e3o para a Nicar\u00e1gua e a Am\u00e9rica Central\u201d, afirma o autor.<\/p>\n<\/div>\n<div class=\"bbc-19j92fr ebmt73l0\" dir=\"ltr\">\n<p class=\"bbc-hhl7in e17g058b0\" dir=\"ltr\">Walker, ent\u00e3o, iniciou uma americaniza\u00e7\u00e3o da Nicar\u00e1gua. Governando por decretos, ele optou por reestabelecer a escravid\u00e3o, instituiu o ingl\u00eas como l\u00edngua oficial, incentivou a imigra\u00e7\u00e3o de norte-americanos, al\u00e9m de alterar a constitui\u00e7\u00e3o e a bandeira do pa\u00eds.<\/p>\n<\/div>\n<div class=\"bbc-19j92fr ebmt73l0\" dir=\"ltr\">\n<p class=\"bbc-hhl7in e17g058b0\" dir=\"ltr\">\u201cNa sua a\u00e7\u00e3o mais controversa e debatida, decretou a institui\u00e7\u00e3o da escravid\u00e3o na Nicar\u00e1gua, muito provavelmente para atrair sulistas dos EUA para se juntarem \u00e0 causa. De maneira mais geral, Walker queria ver a regi\u00e3o incorporada aos EUA de alguma forma\u201d, afirma Marshall C. Eakin, professor de hist\u00f3ria da Universidade Vanderbilt, nos EUA.<\/p>\n<\/div>\n<div class=\"bbc-19j92fr ebmt73l0\" dir=\"ltr\">\n<p class=\"bbc-hhl7in e17g058b0\" dir=\"ltr\">Segundo Severen, um decreto declarou que todos os bens dos \u201cinimigos do Estado\u201d fossem confiscados em favor da Rep\u00fablica, e que uma Junta Especial ficaria encarregada de tomar posse, dirigir e decidir sobre a venda ou transfer\u00eancia de bens confiscados. Para ele, Walter viu nesta circunst\u00e2ncia uma oportunidade de distribuir terras entre seus compatriotas.<\/p>\n<\/div>\n<div class=\"bbc-19j92fr ebmt73l0\" dir=\"ltr\">\n<p class=\"bbc-hhl7in e17g058b0\" dir=\"ltr\">Seu governo rapidamente foi reconhecido por Washington dada a import\u00e2ncia econ\u00f4mica que o acesso ao Pac\u00edfico, via Nicar\u00e1gua, tinha para os EUA.<\/p>\n<\/div>\n<div class=\"bbc-19j92fr ebmt73l0\" dir=\"ltr\">\n<p class=\"bbc-hhl7in e17g058b0\" dir=\"ltr\">\u201cDesde 1849, a Calif\u00f3rnia e o oeste assumiram uma nova import\u00e2ncia para os EUA. Como n\u00e3o existia rota interoce\u00e2nica que ligasse os oceanos Atl\u00e2ntico e Pac\u00edfico, uma importante rota comercial foi aberta entre a cidade de Nova York e S\u00e3o Francisco, que ocorria por meio da Nicar\u00e1gua. Os navios sa\u00edam de Nova York com destino \u00e0 Nicar\u00e1gua, onde pessoas e mercadorias seriam transportadas por \u00e1gua e terra para o Pac\u00edfico para serem embarcadas para S\u00e3o Francisco\u201d, diz Norvell.<\/p>\n<\/div>\n<div class=\"bbc-19j92fr ebmt73l0\" dir=\"ltr\">\n<h2 id=\"O-fuzilamento\" class=\"bbc-1f03ibc eglt09e0\" tabindex=\"-1\">O fuzilamento<\/h2>\n<\/div>\n<div class=\"bbc-19j92fr ebmt73l0\" dir=\"ltr\">\n<p class=\"bbc-hhl7in e17g058b0\" dir=\"ltr\">A vit\u00f3ria do ex\u00e9rcito de Walker e seu poder n\u00e3o duraria muito tempo. Quase dois anos ap\u00f3s tomar o poder, nicaraguenses exilados se juntaram a tropas de pa\u00edses da Am\u00e9rica Central, al\u00e9m de mercen\u00e1rios financiados por outros norte-americanos com neg\u00f3cios opostos a Walker, para derrub\u00e1-lo do poder.<\/p>\n<\/div>\n<div class=\"bbc-19j92fr ebmt73l0\" dir=\"ltr\">\n<p class=\"bbc-hhl7in e17g058b0\" dir=\"ltr\">Sem conseguir conter o \u00edmpeto das tropas contr\u00e1rias ao seu regime, Walker \u00e9 expulso da Nicar\u00e1gua e retorna aos EUA com status de her\u00f3i. Por l\u00e1, escreve um livro chamado <i class=\"bbc-h1y5j7 eih42320\">A Guerra na Nicar\u00e1gua <\/i>e come\u00e7a a arregimentar novos aliados, mas n\u00e3o fica em terras do norte por muito tempo. Seu plano continuava vivo e, tr\u00eas anos mais tarde, ele desembarca em Honduras para uma nova aventura golpista.<\/p>\n<\/div>\n<figure class=\"bbc-1qn0xuy\">\n<div class=\"bbc-18ywsw9\"><picture><img data-recalc-dims=\"1\" loading=\"lazy\" decoding=\"async\" class=\"bbc-139onq\" src=\"https:\/\/i0.wp.com\/ichef.bbci.co.uk\/ace\/ws\/640\/cpsprodpb\/5da9\/live\/de6fd810-fb19-11ee-8369-47dc4454b972.jpg?resize=600%2C844&#038;ssl=1\" sizes=\"auto, (min-width: 1008px) 760px, 100vw\" srcset=\"https:\/\/ichef.bbci.co.uk\/ace\/ws\/240\/cpsprodpb\/5da9\/live\/de6fd810-fb19-11ee-8369-47dc4454b972.jpg 240w, https:\/\/ichef.bbci.co.uk\/ace\/ws\/320\/cpsprodpb\/5da9\/live\/de6fd810-fb19-11ee-8369-47dc4454b972.jpg 320w, https:\/\/ichef.bbci.co.uk\/ace\/ws\/480\/cpsprodpb\/5da9\/live\/de6fd810-fb19-11ee-8369-47dc4454b972.jpg 480w, https:\/\/ichef.bbci.co.uk\/ace\/ws\/624\/cpsprodpb\/5da9\/live\/de6fd810-fb19-11ee-8369-47dc4454b972.jpg 624w, https:\/\/ichef.bbci.co.uk\/ace\/ws\/728\/cpsprodpb\/5da9\/live\/de6fd810-fb19-11ee-8369-47dc4454b972.jpg 728w\" alt=\"Ilustra\u00e7\u00e3o de William ajoelhado em frente a um padre antes de ser executado\" width=\"600\" height=\"844\" \/><\/picture>\n<p class=\"bbc-by8ykd\" role=\"text\"><span class=\"bbc-m04vo2\">CR\u00c9DITO, <\/span><span lang=\"en-GB\">GETTY IMAGES<\/span><\/p>\n<\/div><figcaption class=\"bbc-1jsyunq e6i104o0\" dir=\"ltr\"><span role=\"text\"><span class=\"bbc-m04vo2\">Legenda da foto, <\/span><span data-testid=\"caption-paragraph\">Ilustra\u00e7\u00e3o mostra padre aben\u00e7oando Walker antes de sua execu\u00e7\u00e3o em 1860, em Honduras<\/span><\/span><\/figcaption><\/figure>\n<div class=\"bbc-19j92fr ebmt73l0\" dir=\"ltr\">\n<p class=\"bbc-hhl7in e17g058b0\" dir=\"ltr\">Visto como um perigo pelos ingleses, Walker \u00e9 preso por um comandante ingl\u00eas cujo navio protegia os interesses brit\u00e2nicos na regi\u00e3o, e entregue \u00e0s autoridades locais em Trujillo.<\/p>\n<\/div>\n<div class=\"bbc-19j92fr ebmt73l0\" dir=\"ltr\">\n<p class=\"bbc-hhl7in e17g058b0\" dir=\"ltr\">&#8220;O Capit\u00e3o ingl\u00eas Salmon, acompanhado por quarenta homens, navega rio acima em dois pequenos barcos, apresenta-se a Walker, instando-o a se render, e dado que ele estava cercado por tropas hondurenhas. Walker perguntou de quem foi pedido que se rendesse, os ingleses responderam do que \u00e0s autoridades inglesas, por ele representadas\u201d, diz a obra de Severen.<\/p>\n<\/div>\n<div class=\"bbc-19j92fr ebmt73l0\" dir=\"ltr\">\n<p class=\"bbc-hhl7in e17g058b0\" dir=\"ltr\">Walker acaba sendo condenado rapidamente \u00e0 morte pelas autoridades hondurenhas \u2014 e \u00e9 fuzilado por tropas leais ao governo de Honduras.<\/p>\n<\/div>\n<div class=\"bbc-19j92fr ebmt73l0\" dir=\"ltr\">\n<h2 id=\"S\u00edmbolo-latinoamericano\" class=\"bbc-1f03ibc eglt09e0\" tabindex=\"-1\">S\u00edmbolo latino-americano<\/h2>\n<\/div>\n<div class=\"bbc-19j92fr ebmt73l0\" dir=\"ltr\">\n<p class=\"bbc-hhl7in e17g058b0\" dir=\"ltr\">\u201cWalker \u00e9 agora considerado o ep\u00edtome do implac\u00e1vel e aventureiro agente imperial norte-americano. Na Am\u00e9rica Central, ele \u00e9 o s\u00edmbolo m\u00e1ximo dos esfor\u00e7os imperiais dos EUA no s\u00e9culo 19\u201d, diz Eakin.<\/p>\n<\/div>\n<div class=\"bbc-19j92fr ebmt73l0\" dir=\"ltr\">\n<p class=\"bbc-hhl7in e17g058b0\" dir=\"ltr\">Para Elaine Santos, da USP, as invas\u00f5es promovidas por Walker refor\u00e7aram um sentimento nacionalista, relacionado \u00e0 soberania e \u00e0 independ\u00eancia, na regi\u00e3o.<\/p>\n<\/div>\n<div class=\"bbc-19j92fr ebmt73l0\" dir=\"ltr\">\n<p class=\"bbc-hhl7in e17g058b0\" dir=\"ltr\">\u201cAcredito que sua hist\u00f3ria e suas incurs\u00f5es refor\u00e7aram a premissa, especialmente nos pa\u00edses centrais, dos \u2018perigos\u2019 do imperialismo e da import\u00e2ncia de estarmos vigilantes contra amea\u00e7as externas\u201d, afirma.<\/p>\n<\/div>\n<div class=\"bbc-19j92fr ebmt73l0\" dir=\"ltr\">\n<p class=\"bbc-hhl7in e17g058b0\" dir=\"ltr\">De acordo com Santos, h\u00e1 ainda um paralelo a ser tra\u00e7ado com a atualidade.<\/p>\n<\/div>\n<div class=\"bbc-19j92fr ebmt73l0\" dir=\"ltr\">\n<p class=\"bbc-hhl7in e17g058b0\" dir=\"ltr\">\u201cPara fazer uma compara\u00e7\u00e3o do nosso tempo hist\u00f3rico, podemos dizer que, assim como William Walker recrutou mercen\u00e1rios para apoiar suas tentativas de tomar o controle de pa\u00edses na Am\u00e9rica Central, <a class=\"focusIndicatorReducedWidth bbc-n8oauk e1p3sufg0\" href=\"https:\/\/www.bbc.com\/portuguese\/topics\/cvmzxmgvrw9t\">Elon Musk<\/a> tem seus pr\u00f3prios &#8216;mercen\u00e1rios digitais&#8217; que promovem sua agenda no ambiente virtual e local.&#8221;<\/p>\n<\/div>\n<div class=\"bbc-19j92fr ebmt73l0\" dir=\"ltr\">\n<p class=\"bbc-hhl7in e17g058b0\" dir=\"ltr\">&#8220;Da mesma forma que a interven\u00e7\u00e3o de Walker na pol\u00edtica da Am\u00e9rica Central gerou rea\u00e7\u00f5es dos pa\u00edses vizinhos e teve consequ\u00eancias para a regi\u00e3o como um todo, a influ\u00eancia de Musk na pol\u00edtica nacional de pa\u00edses como o Brasil pode ser vista como uma preocupa\u00e7\u00e3o para a estabilidade pol\u00edtica e a autonomia das institui\u00e7\u00f5es democr\u00e1ticas\u201d, conclui.<\/p>\n<\/div>\n<p><\/main><\/p>\n<aside class=\"bbc-1l5nxv5 e5jcirq1\" role=\"complementary\" aria-labelledby=\"related-topics\">\n<div class=\"e5jcirq0 bbc-1f2ds04 e1m6nvxw1\">\n<h2 class=\"bbc-1xclg2i e1m6nvxw0\"><\/h2>\n<\/div>\n<\/aside>\n<\/div>\n<\/div>\n","protected":false},"excerpt":{"rendered":"<p>BBC &#8211; Em 5 de outubro de 1860, o jornal The New York Times noticiava a execu\u00e7\u00e3o de um norte-americano em Honduras. \u201cEle marchou de sua cela at\u00e9 o local da execu\u00e7\u00e3o com passo firme e semblante inabal\u00e1vel\u2026tr\u00eas soldados avan\u00e7aram e dispararam os mosquetes\u2026espalhando seu c\u00e9rebro e cr\u00e2nio ao vento\u201d.<\/p>\n","protected":false},"author":1,"featured_media":0,"comment_status":"closed","ping_status":"open","sticky":false,"template":"","format":"standard","meta":{"_exactmetrics_skip_tracking":false,"_exactmetrics_sitenote_active":false,"_exactmetrics_sitenote_note":"","_exactmetrics_sitenote_category":0,"jetpack_post_was_ever_published":false,"_jetpack_newsletter_access":"","_jetpack_dont_email_post_to_subs":false,"_jetpack_newsletter_tier_id":0,"_jetpack_memberships_contains_paywalled_content":false,"_jetpack_memberships_contains_paid_content":false,"footnotes":"","jetpack_publicize_message":"","jetpack_publicize_feature_enabled":true,"jetpack_social_post_already_shared":true,"jetpack_social_options":{"image_generator_settings":{"template":"highway","enabled":false},"version":2}},"categories":[1],"tags":[918,917,710],"class_list":["post-34969","post","type-post","status-publish","format-standard","hentry","category-notas","tag-americano","tag-colonizador","tag-invasao"],"jetpack_publicize_connections":[],"jetpack_sharing_enabled":true,"jetpack_featured_media_url":"","jetpack_shortlink":"https:\/\/wp.me\/p7wKYW-961","jetpack-related-posts":[],"_links":{"self":[{"href":"http:\/\/blogdalucianaoliveira.com.br\/blog\/wp-json\/wp\/v2\/posts\/34969","targetHints":{"allow":["GET"]}}],"collection":[{"href":"http:\/\/blogdalucianaoliveira.com.br\/blog\/wp-json\/wp\/v2\/posts"}],"about":[{"href":"http:\/\/blogdalucianaoliveira.com.br\/blog\/wp-json\/wp\/v2\/types\/post"}],"author":[{"embeddable":true,"href":"http:\/\/blogdalucianaoliveira.com.br\/blog\/wp-json\/wp\/v2\/users\/1"}],"replies":[{"embeddable":true,"href":"http:\/\/blogdalucianaoliveira.com.br\/blog\/wp-json\/wp\/v2\/comments?post=34969"}],"version-history":[{"count":1,"href":"http:\/\/blogdalucianaoliveira.com.br\/blog\/wp-json\/wp\/v2\/posts\/34969\/revisions"}],"predecessor-version":[{"id":34971,"href":"http:\/\/blogdalucianaoliveira.com.br\/blog\/wp-json\/wp\/v2\/posts\/34969\/revisions\/34971"}],"wp:attachment":[{"href":"http:\/\/blogdalucianaoliveira.com.br\/blog\/wp-json\/wp\/v2\/media?parent=34969"}],"wp:term":[{"taxonomy":"category","embeddable":true,"href":"http:\/\/blogdalucianaoliveira.com.br\/blog\/wp-json\/wp\/v2\/categories?post=34969"},{"taxonomy":"post_tag","embeddable":true,"href":"http:\/\/blogdalucianaoliveira.com.br\/blog\/wp-json\/wp\/v2\/tags?post=34969"}],"curies":[{"name":"wp","href":"https:\/\/api.w.org\/{rel}","templated":true}]}}