{"id":3497,"date":"2016-08-29T11:06:19","date_gmt":"2016-08-29T15:06:19","guid":{"rendered":"http:\/\/blogdalucianaoliveira.com.br\/blog\/?p=3497"},"modified":"2016-08-29T11:06:19","modified_gmt":"2016-08-29T15:06:19","slug":"brasil-a-um-passo-da-depravacao-moral-todos-serao-condenados-mas-so-um-lado-suportara-a-culpa","status":"publish","type":"post","link":"http:\/\/blogdalucianaoliveira.com.br\/blog\/2016\/08\/29\/brasil-a-um-passo-da-depravacao-moral-todos-serao-condenados-mas-so-um-lado-suportara-a-culpa\/","title":{"rendered":"Brasil a um passo da deprava\u00e7\u00e3o moral. Todos ser\u00e3o condenados, mas s\u00f3 um lado suportar\u00e1 a culpa"},"content":{"rendered":"<p><img data-recalc-dims=\"1\" loading=\"lazy\" decoding=\"async\" data-attachment-id=\"3498\" data-permalink=\"http:\/\/blogdalucianaoliveira.com.br\/blog\/2016\/08\/29\/brasil-a-um-passo-da-depravacao-moral-todos-serao-condenados-mas-so-um-lado-suportara-a-culpa\/muro\/\" data-orig-file=\"https:\/\/i0.wp.com\/blogdalucianaoliveira.com.br\/blog\/wp-content\/uploads\/2016\/08\/muro.jpg?fit=810%2C455\" data-orig-size=\"810,455\" data-comments-opened=\"0\" data-image-meta=\"{&quot;aperture&quot;:&quot;0&quot;,&quot;credit&quot;:&quot;&quot;,&quot;camera&quot;:&quot;&quot;,&quot;caption&quot;:&quot;&quot;,&quot;created_timestamp&quot;:&quot;0&quot;,&quot;copyright&quot;:&quot;&quot;,&quot;focal_length&quot;:&quot;0&quot;,&quot;iso&quot;:&quot;0&quot;,&quot;shutter_speed&quot;:&quot;0&quot;,&quot;title&quot;:&quot;&quot;,&quot;orientation&quot;:&quot;0&quot;}\" data-image-title=\"muro\" data-image-description=\"\" data-image-caption=\"\" data-medium-file=\"https:\/\/i0.wp.com\/blogdalucianaoliveira.com.br\/blog\/wp-content\/uploads\/2016\/08\/muro.jpg?fit=300%2C169\" data-large-file=\"https:\/\/i0.wp.com\/blogdalucianaoliveira.com.br\/blog\/wp-content\/uploads\/2016\/08\/muro.jpg?fit=600%2C337\" src=\"https:\/\/i0.wp.com\/blogdalucianaoliveira.com.br\/blog\/wp-content\/uploads\/2016\/08\/muro.jpg?resize=600%2C337\" alt=\"muro\" width=\"600\" height=\"337\" class=\"alignnone size-full wp-image-3498\" srcset=\"https:\/\/i0.wp.com\/blogdalucianaoliveira.com.br\/blog\/wp-content\/uploads\/2016\/08\/muro.jpg?w=810 810w, https:\/\/i0.wp.com\/blogdalucianaoliveira.com.br\/blog\/wp-content\/uploads\/2016\/08\/muro.jpg?resize=300%2C169 300w, https:\/\/i0.wp.com\/blogdalucianaoliveira.com.br\/blog\/wp-content\/uploads\/2016\/08\/muro.jpg?resize=534%2C300 534w\" sizes=\"auto, (max-width: 600px) 100vw, 600px\" \/><\/p>\n<p>A presidenta eleita Dilma Roussef deu os \u00faltimos passos rumo ao cadafalso armado por golpistas, sem renunciar aos princ\u00edpios basilares da democracia. O Congresso Nacional deu os primeiros passos rumo a ponte pro passado, para a pervers\u00e3o dos valores que d\u00e3o ao povo o poder de participar ativamente da pol\u00edtica elegendo seus representantes.<!--more--><\/p>\n<p>O mundo assiste o desbunde moral de uma sociedade que h\u00e1 dois anos gozava de prest\u00edgio como uma das mais promissoras democracias.<\/p>\n<p>Por mais que esperneiem os que ardilosamente colocaram a corda no pesco\u00e7o e os que enforcaram uma presidenta sem crime, Dilma entra pra hist\u00f3ria como v\u00edtima. Pior, v\u00edtima dos que praticaram e seguem praticando crimes, por a\u00e7\u00e3o ou omiss\u00e3o, contra o povo brasileiro.<\/p>\n<p>S\u00f3 condenados injustamente sabem o que Dilma sentiu ao olhar para a bandalha que a julga sem moral e motivada por interesses nefastos. <\/p>\n<p>N\u00e3o h\u00e1 nada contra a presidente que justifique a perda do mandato, mas h\u00e1 provas inequ\u00edvocas de que houve um golpe parlamentar-judicial-midi\u00e1tico para usurpar o poder, sobretudo o poder do povo de decidir seu destino.<\/p>\n<p>O pacto contra a democracia foi revelado \u00e0 sociedade, mas prevaleceu a artilharia midi\u00e1tica pesada para convencer do contr\u00e1rio.<\/p>\n<p>Uma parcela gigantesca da sociedade se rendeu \u00e0 deprava\u00e7\u00e3o moral, a mesma que h\u00e1 pouco tempo tomou as ruas cobrando moralidade pol\u00edtica.<\/p>\n<p>O golpe unir\u00e1 essa parcela a mais de 54 milh\u00f5es de vontades em sentido contr\u00e1rio na travessia da ponte para o passado, mas jamais se confundir\u00e3o.<\/p>\n<p>Um lado elegeu uma presidenta democraticamente e outro catapultou um presidente por meio de um golpe.<\/p>\n<p>Cada brasileiro tamb\u00e9m ter\u00e1 seu papel marcado na hist\u00f3ria e os que fizeram coro aos golpistas v\u00e3o vestir a pr\u00f3pria mortalha e seguir o pr\u00f3prio funeral.<\/p>\n","protected":false},"excerpt":{"rendered":"<p>A presidenta eleita Dilma Roussef deu os \u00faltimos passos rumo ao cadafalso armado por golpistas, sem renunciar aos princ\u00edpios basilares da democracia. O Congresso Nacional deu os primeiros passos rumo a ponte pro passado, para a pervers\u00e3o dos valores que d\u00e3o ao povo o poder de participar ativamente da pol\u00edtica elegendo seus representantes.<\/p>\n","protected":false},"author":1,"featured_media":0,"comment_status":"closed","ping_status":"open","sticky":false,"template":"","format":"standard","meta":{"_exactmetrics_skip_tracking":false,"_exactmetrics_sitenote_active":false,"_exactmetrics_sitenote_note":"","_exactmetrics_sitenote_category":0,"jetpack_post_was_ever_published":false,"_jetpack_newsletter_access":"","_jetpack_dont_email_post_to_subs":false,"_jetpack_newsletter_tier_id":0,"_jetpack_memberships_contains_paywalled_content":false,"_jetpack_memberships_contains_paid_content":false,"footnotes":"","jetpack_publicize_message":"","jetpack_publicize_feature_enabled":true,"jetpack_social_post_already_shared":true,"jetpack_social_options":{"image_generator_settings":{"template":"highway","enabled":false},"version":2}},"categories":[1],"tags":[61,39,14,181],"class_list":["post-3497","post","type-post","status-publish","format-standard","hentry","category-notas","tag-dilma","tag-golpe","tag-impeachment","tag-senado"],"jetpack_publicize_connections":[],"jetpack_sharing_enabled":true,"jetpack_featured_media_url":"","jetpack_shortlink":"https:\/\/wp.me\/p7wKYW-Up","jetpack-related-posts":[],"_links":{"self":[{"href":"http:\/\/blogdalucianaoliveira.com.br\/blog\/wp-json\/wp\/v2\/posts\/3497","targetHints":{"allow":["GET"]}}],"collection":[{"href":"http:\/\/blogdalucianaoliveira.com.br\/blog\/wp-json\/wp\/v2\/posts"}],"about":[{"href":"http:\/\/blogdalucianaoliveira.com.br\/blog\/wp-json\/wp\/v2\/types\/post"}],"author":[{"embeddable":true,"href":"http:\/\/blogdalucianaoliveira.com.br\/blog\/wp-json\/wp\/v2\/users\/1"}],"replies":[{"embeddable":true,"href":"http:\/\/blogdalucianaoliveira.com.br\/blog\/wp-json\/wp\/v2\/comments?post=3497"}],"version-history":[{"count":2,"href":"http:\/\/blogdalucianaoliveira.com.br\/blog\/wp-json\/wp\/v2\/posts\/3497\/revisions"}],"predecessor-version":[{"id":3500,"href":"http:\/\/blogdalucianaoliveira.com.br\/blog\/wp-json\/wp\/v2\/posts\/3497\/revisions\/3500"}],"wp:attachment":[{"href":"http:\/\/blogdalucianaoliveira.com.br\/blog\/wp-json\/wp\/v2\/media?parent=3497"}],"wp:term":[{"taxonomy":"category","embeddable":true,"href":"http:\/\/blogdalucianaoliveira.com.br\/blog\/wp-json\/wp\/v2\/categories?post=3497"},{"taxonomy":"post_tag","embeddable":true,"href":"http:\/\/blogdalucianaoliveira.com.br\/blog\/wp-json\/wp\/v2\/tags?post=3497"}],"curies":[{"name":"wp","href":"https:\/\/api.w.org\/{rel}","templated":true}]}}